{"id":3019,"date":"2024-03-11T14:43:05","date_gmt":"2024-03-11T17:43:05","guid":{"rendered":"https:\/\/wp.ufpel.edu.br\/petartesvisuais\/?p=3019"},"modified":"2024-03-11T14:43:05","modified_gmt":"2024-03-11T17:43:05","slug":"pet-e-hospital-escola","status":"publish","type":"post","link":"https:\/\/wp.ufpel.edu.br\/petartesvisuais\/2024\/03\/11\/pet-e-hospital-escola\/","title":{"rendered":"PET e Hospital Escola"},"content":{"rendered":"<h3 style=\"text-align: center;\"><span style=\"font-weight: 400;\">O projeto &#8220;Colorindo a sala de Pr\u00e9 parto, Parto e P\u00f3s parto do Hospital Escola da UFpel&#8221;<\/span><\/h3>\n<p><a href=\"https:\/\/wp.ufpel.edu.br\/petartesvisuais\/files\/2024\/03\/IMG-20230623-WA0017.jpg\"><img loading=\"lazy\" decoding=\"async\" class=\"aligncenter size-medium wp-image-3023\" src=\"https:\/\/wp.ufpel.edu.br\/petartesvisuais\/files\/2024\/03\/IMG-20230623-WA0017-400x300.jpg\" alt=\"\" width=\"400\" height=\"300\" srcset=\"https:\/\/wp.ufpel.edu.br\/petartesvisuais\/files\/2024\/03\/IMG-20230623-WA0017-400x300.jpg 400w, https:\/\/wp.ufpel.edu.br\/petartesvisuais\/files\/2024\/03\/IMG-20230623-WA0017-768x576.jpg 768w, https:\/\/wp.ufpel.edu.br\/petartesvisuais\/files\/2024\/03\/IMG-20230623-WA0017-816x612.jpg 816w, https:\/\/wp.ufpel.edu.br\/petartesvisuais\/files\/2024\/03\/IMG-20230623-WA0017.jpg 1024w\" sizes=\"auto, (max-width: 400px) 100vw, 400px\" \/><\/a><\/p>\n<p>Atrav\u00e9s desse projeto, buscando trazer para a ala da maternidade a r<span style=\"font-weight: 400;\">epresentatividade das gestantes e de transformar o ambiente mais acolhedor por meio da arte rompendo a frieza do ambiente hospitalar. Foi ent\u00e3o mediado\u00a0<\/span>pelas professoras\u00a0<span>Prof.\u00aa Ana Paula de Lima Escobal (HE-UFPel)\u00a0 e Prof.\u00aa Thais Cristina Martino Sehn (CA) juntamente com algumas\u00a0<\/span>alunas da artes visuais, entre elas a petiana Livea Luzeiro, e algumas enfermeiras do Hospital Escola foram envolvidas no planejamento e execu\u00e7\u00e3o das artes. <span style=\"font-weight: 400;\">O projeto teve como objetivo a pintura de imagens que inspirem e acalmem as parturientes que derem \u00e0 luz na sala de Pr\u00e9 parto, Parto e P\u00f3s parto do Hospital Escola. Criando mem\u00f3rias positivas na comunidade que usa esse espa\u00e7o.\u00a0<\/span><\/p>\n<p><a href=\"https:\/\/wp.ufpel.edu.br\/petartesvisuais\/files\/2024\/03\/IMG-20230719-WA0014.jpg\"><img loading=\"lazy\" decoding=\"async\" class=\"aligncenter size-medium wp-image-3020\" src=\"https:\/\/wp.ufpel.edu.br\/petartesvisuais\/files\/2024\/03\/IMG-20230719-WA0014-267x400.jpg\" alt=\"\" width=\"267\" height=\"400\" \/><\/a> <a href=\"https:\/\/wp.ufpel.edu.br\/petartesvisuais\/files\/2024\/03\/IMG-20230719-WA0015.jpg\"><img loading=\"lazy\" decoding=\"async\" class=\"aligncenter size-medium wp-image-3021\" src=\"https:\/\/wp.ufpel.edu.br\/petartesvisuais\/files\/2024\/03\/IMG-20230719-WA0015-267x400.jpg\" alt=\"\" width=\"267\" height=\"400\" srcset=\"https:\/\/wp.ufpel.edu.br\/petartesvisuais\/files\/2024\/03\/IMG-20230719-WA0015-267x400.jpg 267w, https:\/\/wp.ufpel.edu.br\/petartesvisuais\/files\/2024\/03\/IMG-20230719-WA0015-683x1024.jpg 683w, https:\/\/wp.ufpel.edu.br\/petartesvisuais\/files\/2024\/03\/IMG-20230719-WA0015-768x1152.jpg 768w, https:\/\/wp.ufpel.edu.br\/petartesvisuais\/files\/2024\/03\/IMG-20230719-WA0015-1024x1536.jpg 1024w, https:\/\/wp.ufpel.edu.br\/petartesvisuais\/files\/2024\/03\/IMG-20230719-WA0015-816x1224.jpg 816w, https:\/\/wp.ufpel.edu.br\/petartesvisuais\/files\/2024\/03\/IMG-20230719-WA0015.jpg 1066w\" sizes=\"auto, (max-width: 267px) 100vw, 267px\" \/><\/a> <a href=\"https:\/\/wp.ufpel.edu.br\/petartesvisuais\/files\/2024\/03\/IMG-20230719-WA0016.jpg\"><img loading=\"lazy\" decoding=\"async\" class=\"aligncenter size-medium wp-image-3022\" src=\"https:\/\/wp.ufpel.edu.br\/petartesvisuais\/files\/2024\/03\/IMG-20230719-WA0016-400x267.jpg\" alt=\"\" width=\"400\" height=\"267\" srcset=\"https:\/\/wp.ufpel.edu.br\/petartesvisuais\/files\/2024\/03\/IMG-20230719-WA0016-400x267.jpg 400w, https:\/\/wp.ufpel.edu.br\/petartesvisuais\/files\/2024\/03\/IMG-20230719-WA0016-1024x683.jpg 1024w, https:\/\/wp.ufpel.edu.br\/petartesvisuais\/files\/2024\/03\/IMG-20230719-WA0016-768x512.jpg 768w, https:\/\/wp.ufpel.edu.br\/petartesvisuais\/files\/2024\/03\/IMG-20230719-WA0016-1536x1024.jpg 1536w, https:\/\/wp.ufpel.edu.br\/petartesvisuais\/files\/2024\/03\/IMG-20230719-WA0016-816x544.jpg 816w, https:\/\/wp.ufpel.edu.br\/petartesvisuais\/files\/2024\/03\/IMG-20230719-WA0016.jpg 1599w\" sizes=\"auto, (max-width: 400px) 100vw, 400px\" \/><\/a><\/p>\n<p>&nbsp;<\/p>\n<p>&nbsp;<\/p>\n<p>&nbsp;<\/p>\n<p>&nbsp;<\/p>\n","protected":false},"excerpt":{"rendered":"<p>O projeto &#8220;Colorindo a sala de Pr\u00e9 parto, Parto e P\u00f3s parto do Hospital Escola da UFpel&#8221; Atrav\u00e9s desse projeto, buscando trazer para a ala da maternidade a representatividade das gestantes e de transformar o ambiente mais acolhedor por meio da arte rompendo a frieza do ambiente hospitalar. Foi ent\u00e3o mediado\u00a0pelas professoras\u00a0Prof.\u00aa Ana Paula de [&hellip;]<\/p>\n","protected":false},"author":557,"featured_media":3020,"comment_status":"closed","ping_status":"closed","sticky":false,"template":"","format":"standard","meta":{"jetpack_post_was_ever_published":false,"_jetpack_newsletter_access":"","_jetpack_dont_email_post_to_subs":false,"_jetpack_newsletter_tier_id":0,"_jetpack_memberships_contains_paywalled_content":false,"_jetpack_memberships_contains_paid_content":false,"footnotes":"","jetpack_publicize_message":"","jetpack_publicize_feature_enabled":true,"jetpack_social_post_already_shared":true,"jetpack_social_options":{"image_generator_settings":{"template":"highway","default_image_id":0,"font":"","enabled":false},"version":2}},"categories":[1],"tags":[],"class_list":["post-3019","post","type-post","status-publish","format-standard","has-post-thumbnail","hentry","category-noticias"],"jetpack_publicize_connections":[],"jetpack_featured_media_url":"https:\/\/wp.ufpel.edu.br\/petartesvisuais\/files\/2024\/03\/IMG-20230719-WA0014-e1710178816441.jpg","jetpack_sharing_enabled":true,"_links":{"self":[{"href":"https:\/\/wp.ufpel.edu.br\/petartesvisuais\/wp-json\/wp\/v2\/posts\/3019","targetHints":{"allow":["GET"]}}],"collection":[{"href":"https:\/\/wp.ufpel.edu.br\/petartesvisuais\/wp-json\/wp\/v2\/posts"}],"about":[{"href":"https:\/\/wp.ufpel.edu.br\/petartesvisuais\/wp-json\/wp\/v2\/types\/post"}],"author":[{"embeddable":true,"href":"https:\/\/wp.ufpel.edu.br\/petartesvisuais\/wp-json\/wp\/v2\/users\/557"}],"replies":[{"embeddable":true,"href":"https:\/\/wp.ufpel.edu.br\/petartesvisuais\/wp-json\/wp\/v2\/comments?post=3019"}],"version-history":[{"count":1,"href":"https:\/\/wp.ufpel.edu.br\/petartesvisuais\/wp-json\/wp\/v2\/posts\/3019\/revisions"}],"predecessor-version":[{"id":3024,"href":"https:\/\/wp.ufpel.edu.br\/petartesvisuais\/wp-json\/wp\/v2\/posts\/3019\/revisions\/3024"}],"wp:featuredmedia":[{"embeddable":true,"href":"https:\/\/wp.ufpel.edu.br\/petartesvisuais\/wp-json\/wp\/v2\/media\/3020"}],"wp:attachment":[{"href":"https:\/\/wp.ufpel.edu.br\/petartesvisuais\/wp-json\/wp\/v2\/media?parent=3019"}],"wp:term":[{"taxonomy":"category","embeddable":true,"href":"https:\/\/wp.ufpel.edu.br\/petartesvisuais\/wp-json\/wp\/v2\/categories?post=3019"},{"taxonomy":"post_tag","embeddable":true,"href":"https:\/\/wp.ufpel.edu.br\/petartesvisuais\/wp-json\/wp\/v2\/tags?post=3019"}],"curies":[{"name":"wp","href":"https:\/\/api.w.org\/{rel}","templated":true}]}}