{"id":3010,"date":"2024-03-11T11:53:31","date_gmt":"2024-03-11T14:53:31","guid":{"rendered":"https:\/\/wp.ufpel.edu.br\/petartesvisuais\/?p=3010"},"modified":"2024-03-11T14:24:58","modified_gmt":"2024-03-11T17:24:58","slug":"pet-e-arte-na-escola-2023","status":"publish","type":"post","link":"https:\/\/wp.ufpel.edu.br\/petartesvisuais\/2024\/03\/11\/pet-e-arte-na-escola-2023\/","title":{"rendered":"PET e Arte na Escola 2023"},"content":{"rendered":"<h1 style=\"text-align: center;\"><span style=\"font-weight: 400;\">&#8220;Oficina de introdu\u00e7\u00e3o \u00e0 Fotografia&#8221; e &#8220;<\/span><span style=\"font-weight: 400;\">Oficina de anima\u00e7\u00e3o em Stop Motion&#8221; no col\u00e9gio Santa Rita.<\/span><\/h1>\n<p style=\"text-align: justify;\">O PET Artes Visuais juntamente com o Arte na Escola, viabilizou oficinas ministrados pelos petianos do Cinema, <span style=\"font-weight: 400;\">Francisco Franco e Aline Cunha,\u00a0 <\/span>aos a<span style=\"font-weight: 400;\">lunos do 3\u00b0 ano do Ensino M\u00e9dio escola Santa Rita em Pelotas.<\/span><\/p>\n<p><a href=\"https:\/\/wp.ufpel.edu.br\/petartesvisuais\/files\/2024\/03\/DSC_0102-scaled.jpg\"><img loading=\"lazy\" decoding=\"async\" class=\"aligncenter size-medium wp-image-3011\" src=\"https:\/\/wp.ufpel.edu.br\/petartesvisuais\/files\/2024\/03\/DSC_0102-400x267.jpg\" alt=\"\" width=\"400\" height=\"267\" srcset=\"https:\/\/wp.ufpel.edu.br\/petartesvisuais\/files\/2024\/03\/DSC_0102-400x267.jpg 400w, https:\/\/wp.ufpel.edu.br\/petartesvisuais\/files\/2024\/03\/DSC_0102-1024x683.jpg 1024w, https:\/\/wp.ufpel.edu.br\/petartesvisuais\/files\/2024\/03\/DSC_0102-768x512.jpg 768w, https:\/\/wp.ufpel.edu.br\/petartesvisuais\/files\/2024\/03\/DSC_0102-1536x1024.jpg 1536w, https:\/\/wp.ufpel.edu.br\/petartesvisuais\/files\/2024\/03\/DSC_0102-2048x1365.jpg 2048w, https:\/\/wp.ufpel.edu.br\/petartesvisuais\/files\/2024\/03\/DSC_0102-816x544.jpg 816w\" sizes=\"auto, (max-width: 400px) 100vw, 400px\" \/><\/a> <a href=\"https:\/\/wp.ufpel.edu.br\/petartesvisuais\/files\/2024\/03\/DSC_0097-scaled.jpg\"><img loading=\"lazy\" decoding=\"async\" class=\"aligncenter size-medium wp-image-3012\" src=\"https:\/\/wp.ufpel.edu.br\/petartesvisuais\/files\/2024\/03\/DSC_0097-400x267.jpg\" alt=\"\" width=\"400\" height=\"267\" srcset=\"https:\/\/wp.ufpel.edu.br\/petartesvisuais\/files\/2024\/03\/DSC_0097-400x267.jpg 400w, https:\/\/wp.ufpel.edu.br\/petartesvisuais\/files\/2024\/03\/DSC_0097-1024x683.jpg 1024w, https:\/\/wp.ufpel.edu.br\/petartesvisuais\/files\/2024\/03\/DSC_0097-768x512.jpg 768w, https:\/\/wp.ufpel.edu.br\/petartesvisuais\/files\/2024\/03\/DSC_0097-1536x1024.jpg 1536w, https:\/\/wp.ufpel.edu.br\/petartesvisuais\/files\/2024\/03\/DSC_0097-2048x1365.jpg 2048w, https:\/\/wp.ufpel.edu.br\/petartesvisuais\/files\/2024\/03\/DSC_0097-816x544.jpg 816w\" sizes=\"auto, (max-width: 400px) 100vw, 400px\" \/><\/a> <a href=\"https:\/\/wp.ufpel.edu.br\/petartesvisuais\/files\/2024\/03\/DSC_0053-scaled.jpg\"><img loading=\"lazy\" decoding=\"async\" class=\"aligncenter size-medium wp-image-3013\" src=\"https:\/\/wp.ufpel.edu.br\/petartesvisuais\/files\/2024\/03\/DSC_0053-400x267.jpg\" alt=\"\" width=\"400\" height=\"267\" srcset=\"https:\/\/wp.ufpel.edu.br\/petartesvisuais\/files\/2024\/03\/DSC_0053-400x267.jpg 400w, https:\/\/wp.ufpel.edu.br\/petartesvisuais\/files\/2024\/03\/DSC_0053-1024x683.jpg 1024w, https:\/\/wp.ufpel.edu.br\/petartesvisuais\/files\/2024\/03\/DSC_0053-768x512.jpg 768w, https:\/\/wp.ufpel.edu.br\/petartesvisuais\/files\/2024\/03\/DSC_0053-1536x1024.jpg 1536w, https:\/\/wp.ufpel.edu.br\/petartesvisuais\/files\/2024\/03\/DSC_0053-2048x1365.jpg 2048w, https:\/\/wp.ufpel.edu.br\/petartesvisuais\/files\/2024\/03\/DSC_0053-816x544.jpg 816w\" sizes=\"auto, (max-width: 400px) 100vw, 400px\" \/><\/a><\/p>\n<p>&nbsp;<\/p>\n<p>&nbsp;<\/p>\n<p>&nbsp;<\/p>\n<p>&nbsp;<\/p>\n","protected":false},"excerpt":{"rendered":"<p>&#8220;Oficina de introdu\u00e7\u00e3o \u00e0 Fotografia&#8221; e &#8220;Oficina de anima\u00e7\u00e3o em Stop Motion&#8221; no col\u00e9gio Santa Rita. O PET Artes Visuais juntamente com o Arte na Escola, viabilizou oficinas ministrados pelos petianos do Cinema, Francisco Franco e Aline Cunha,\u00a0 aos alunos do 3\u00b0 ano do Ensino M\u00e9dio escola Santa Rita em Pelotas. &nbsp; &nbsp; &nbsp; &nbsp;<\/p>\n","protected":false},"author":557,"featured_media":3012,"comment_status":"closed","ping_status":"closed","sticky":false,"template":"","format":"standard","meta":{"jetpack_post_was_ever_published":false,"_jetpack_newsletter_access":"","_jetpack_dont_email_post_to_subs":false,"_jetpack_newsletter_tier_id":0,"_jetpack_memberships_contains_paywalled_content":false,"_jetpack_memberships_contains_paid_content":false,"footnotes":"","jetpack_publicize_message":"","jetpack_publicize_feature_enabled":true,"jetpack_social_post_already_shared":true,"jetpack_social_options":{"image_generator_settings":{"template":"highway","default_image_id":0,"font":"","enabled":false},"version":2}},"categories":[1],"tags":[],"class_list":["post-3010","post","type-post","status-publish","format-standard","has-post-thumbnail","hentry","category-noticias"],"jetpack_publicize_connections":[],"jetpack_featured_media_url":"https:\/\/wp.ufpel.edu.br\/petartesvisuais\/files\/2024\/03\/DSC_0097-scaled.jpg","jetpack_sharing_enabled":true,"_links":{"self":[{"href":"https:\/\/wp.ufpel.edu.br\/petartesvisuais\/wp-json\/wp\/v2\/posts\/3010","targetHints":{"allow":["GET"]}}],"collection":[{"href":"https:\/\/wp.ufpel.edu.br\/petartesvisuais\/wp-json\/wp\/v2\/posts"}],"about":[{"href":"https:\/\/wp.ufpel.edu.br\/petartesvisuais\/wp-json\/wp\/v2\/types\/post"}],"author":[{"embeddable":true,"href":"https:\/\/wp.ufpel.edu.br\/petartesvisuais\/wp-json\/wp\/v2\/users\/557"}],"replies":[{"embeddable":true,"href":"https:\/\/wp.ufpel.edu.br\/petartesvisuais\/wp-json\/wp\/v2\/comments?post=3010"}],"version-history":[{"count":2,"href":"https:\/\/wp.ufpel.edu.br\/petartesvisuais\/wp-json\/wp\/v2\/posts\/3010\/revisions"}],"predecessor-version":[{"id":3018,"href":"https:\/\/wp.ufpel.edu.br\/petartesvisuais\/wp-json\/wp\/v2\/posts\/3010\/revisions\/3018"}],"wp:featuredmedia":[{"embeddable":true,"href":"https:\/\/wp.ufpel.edu.br\/petartesvisuais\/wp-json\/wp\/v2\/media\/3012"}],"wp:attachment":[{"href":"https:\/\/wp.ufpel.edu.br\/petartesvisuais\/wp-json\/wp\/v2\/media?parent=3010"}],"wp:term":[{"taxonomy":"category","embeddable":true,"href":"https:\/\/wp.ufpel.edu.br\/petartesvisuais\/wp-json\/wp\/v2\/categories?post=3010"},{"taxonomy":"post_tag","embeddable":true,"href":"https:\/\/wp.ufpel.edu.br\/petartesvisuais\/wp-json\/wp\/v2\/tags?post=3010"}],"curies":[{"name":"wp","href":"https:\/\/api.w.org\/{rel}","templated":true}]}}