{"id":2977,"date":"2024-03-11T11:42:42","date_gmt":"2024-03-11T14:42:42","guid":{"rendered":"https:\/\/wp.ufpel.edu.br\/petartesvisuais\/?p=2977"},"modified":"2024-03-11T11:42:42","modified_gmt":"2024-03-11T14:42:42","slug":"pet-academico-2023","status":"publish","type":"post","link":"https:\/\/wp.ufpel.edu.br\/petartesvisuais\/2024\/03\/11\/pet-academico-2023\/","title":{"rendered":"PET Acad\u00eamico &#8211; 2023"},"content":{"rendered":"<p><span style=\"font-weight: 400;\"><strong><span style=\"color: #800080;\">Allende de Castro Perini<\/span><\/strong>, o petiano apresentou:<\/span><\/p>\n<ul>\n<li><em><span style=\"font-weight: 400;\">\u2018Certeza,<\/span> <\/em><span style=\"font-weight: 400;\"><em>Milagres e o Infinito: a reinven\u00e7\u00e3o da bruxaria no universo de Umineko no Naku Koro ni.\u2019<\/em> Pesquisa selecionada para a integrar o congresso 7as Jornadas Internacionais de Hist\u00f3rias em Quadrinhos na (USP). E expandida para publica\u00e7\u00e3o na revista Nona Arte.<\/span><\/li>\n<li><span style=\"font-weight: 400;\">\u00a0\u2018A Performance \u2018Devor\u00ea Escarlate\u2019. E<\/span>nsaio visual submetido no<span style=\"font-weight: 400;\"> evento XII SPMAV(UFPel).<\/span><\/li>\n<li>\u00a0\u2018DEVOR\u00ca ESCARLATE: PO\u00c9TICA DO COMER E A LINGUAGEM DO DESEJO.\u2019 Pesquisa <span style=\"font-weight: 400;\">apresentada no 9\u00b0 SIIEPE (UFPel).<\/span><\/li>\n<\/ul>\n<p><strong><span style=\"color: #800080;\">Aline Cunha<\/span><\/strong>, a petiana apresentou:<\/p>\n<ul>\n<li><span style=\"font-weight: 400;\">PETELECO n\u00b0 9 \u2013 apresentado do projeto da nona edi\u00e7\u00e3o da revista e mostra dos curtas selecionados nesta edi\u00e7\u00e3o na Mostra Art\u00edstica do UNIFICA (UFPel), ocorrido no audit\u00f3rio 1 do Centro de Artes.<\/span><\/li>\n<\/ul>\n<p><span style=\"font-weight: 400;\"><strong><span style=\"color: #800080;\">Aryane Barbado<\/span><\/strong>, a petiana apresentou:<\/span><\/p>\n<ul>\n<li style=\"font-weight: 400;\" aria-level=\"1\"><span style=\"font-weight: 400;\">I UNIFICA &#8211; Congresso dos Projetos Unificados do Centro de Artes da UFPel: apresenta\u00e7\u00e3o oral presencial do trabalho \u201cASALA DE MEM\u00d3RIAS: MANEIRAS DE EXPOR E DOCUMENTAR A HIST\u00d3RIA DA GALERIA DO CENTRO DE ARTES DA UFPEL (2002-2022)\u201d<\/span><\/li>\n<li style=\"font-weight: 400;\" aria-level=\"1\"><span style=\"font-weight: 400;\">V Jornadas do LEGH (Laborat\u00f3rio de Estudos de G\u00eanero e Hist\u00f3ria) &#8211; Pesquisa e Ensino de Hist\u00f3ria das Mulheres e do G\u00eanero (Universidade Federal de Santa Catarina &#8211; UFSC): apresenta\u00e7\u00e3o oral online (via zoom) do trabalho \u201cOs vest\u00edgios da mem\u00f3ria na obra \u201cAutorretrato\u201d (1940) da artista mexicana Mar\u00eda Izquierdo\u201d<\/span><\/li>\n<\/ul>\n<p><strong><span style=\"color: #800080;\">Davi Mendes<\/span><\/strong>, o petiano apresentou<span style=\"font-weight: 400;\">:<\/span><\/p>\n<ul>\n<li><span style=\"font-weight: 400;\">O Primeiro Ballroom de Pelotas: Branding Digital Aplicado \u00e0 Produ\u00e7\u00e3o Cultural LGBTQIAPN+. Trabalho admitido no <\/span>10\u00ba Encontro Sul-Americano de Design \u2013 Suldesign<span style=\"font-weight: 400;\"> Reinventa Cient\u00edfico (UFPel).<\/span><\/li>\n<li><span style=\"font-weight: 400;\">\u00a0O Primeiro Ballroom de Pelotas: Branding Digital Aplicado \u00e0 Produ\u00e7\u00e3o Cultural LGBTQIAPN+. Apresentado no 9\u00b0 SIIEPE(UFPel).<\/span><\/li>\n<li><span style=\"font-weight: 400;\">PETELECO n\u00b0 9 \u2013 apresentado do projeto da nona edi\u00e7\u00e3o da revista e mostra dos curtas selecionados nesta edi\u00e7\u00e3o na Mostra Art\u00edstica do UNIFICA (UFPel), ocorrido no audit\u00f3rio 1 do Centro de Artes.<\/span><\/li>\n<\/ul>\n<p><strong><span style=\"color: #800080;\">Icaro de Oliveira<\/span><\/strong>, o petiano apresentou<span style=\"font-weight: 400;\">:<\/span><\/p>\n<ul>\n<li style=\"font-weight: 400;\" aria-level=\"1\"><span style=\"font-weight: 400;\">9\u00b0 SIIEPE. <\/span><i><span style=\"font-weight: 400;\">&#8220;Cineclube Salinha&#8221;. <\/span><\/i><span style=\"font-weight: 400;\">Co-autores: Matheus Tozeto, Yuki Zarate e Paola Fredes.<\/span><\/li>\n<li style=\"font-weight: 400;\" aria-level=\"1\"><span style=\"font-weight: 400;\">1\u00b0 UNIFICA. \u201cCineclube Cassiopeia: (re)conhecendo os filmes de anima\u00e7\u00e3o\u201d. Co-autores: Heverton Lima da Silva, Amanda Rezer e Camila Fernandes Santos.<\/span><\/li>\n<\/ul>\n<p><strong><span style=\"color: #800080;\">Livea Luzeiro<\/span><\/strong>, a petiana apresentou<span style=\"font-weight: 400;\">:<\/span><\/p>\n<ul>\n<li style=\"font-weight: 400;\" aria-level=\"1\"><span style=\"font-weight: 400;\">1\u00b0UNIFICA. <\/span><i><span style=\"font-weight: 400;\">\u201cDesdobramentos do Ensino Remoto em Cer\u00e2mica: Experimentos como Pr\u00e1tica de Ateli\u00ea\u201d<\/span><\/i><span style=\"font-weight: 400;\"> ligado ao projeto ENCRUZILHADAS DE BARRO: COMPARTILHANDO SABERES CER\u00c2MICOS, realizado no Centro de Artes nos dias 22 e 23 de agosto de 2023.<\/span><\/li>\n<li style=\"font-weight: 400;\" aria-level=\"1\">9\u00b0 SIIEPE. <i><span>\u201cExperimentos como Pr\u00e1tica de Ateli\u00ea: Uso da Argila Cosm\u00e9tica como Engobe na Cer\u00e2mica\u201d<\/span><\/i><span> ligado ao projeto ENCRUZILHADAS DE BARRO: COMPARTILHANDO SABERES CER\u00c2MICOS, realizado no CCHS no dia 23 de novembro de 2023.<\/span><\/li>\n<\/ul>\n<p><span style=\"font-weight: 400;\"><strong><span style=\"color: #800080;\">Matheus Tozeto<\/span><\/strong>, o petiano apresentou:<\/span><\/p>\n<ul>\n<li><span style=\"font-weight: 400;\">TOZETO, Matheus. <\/span><i><span style=\"font-weight: 400;\">Casa Vazia: A melancolia refletida na est\u00e9tica de As Virgens Suicidas.<\/span><\/i><span style=\"font-weight: 400;\"> Artigo escrito para a disciplina de Cr\u00edtica de Cinema.\u00a0<\/span><\/li>\n<li style=\"font-weight: 400;\" aria-level=\"1\"><span style=\"font-weight: 400;\">CASTELLO, Icaro; COSTA, Cl\u00f3vis; FREDES, Paola; TOZETO, Matheus; ZARATE, Yuki. <\/span><i><span style=\"font-weight: 400;\">Cineclube Salinha.<\/span><\/i><span style=\"font-weight: 400;\"> Resumo enviado ao X CEC \u2013 Congresso de Extens\u00e3o e Cultura, da IX SIIEPE da UFPel.<\/span><\/li>\n<\/ul>\n<p><span style=\"font-weight: 400;\"><strong><span style=\"color: #800080;\">\u00a0Pedro Augusto<\/span><\/strong>, o petiano apresentou:<\/span><\/p>\n<ul>\n<li><span style=\"font-weight: 400;\">XII SPMAV Semin\u00e1rio de Pesquisa do Mestrado em Artes Visuais.<\/span> <span style=\"font-weight: 400;\">PAINEL MNEM\u00d4NICO &#8211; PROBLEM\u00c1TICAS DA VELHICE RETRATADA NA ARTE <\/span><\/li>\n<li><span style=\"font-weight: 400;\">PETELECO n\u00b0 9 \u2013 apresentado do projeto da nona edi\u00e7\u00e3o da revista e mostra dos curtas selecionados nesta edi\u00e7\u00e3o na Mostra Art\u00edstica do UNIFICA (UFPel), ocorrido no audit\u00f3rio 1 do Centro de Artes.<\/span><\/li>\n<\/ul>\n<p><strong><span style=\"color: #800080;\"><span style=\"font-weight: 400;\"><strong>Yuki Ynagaki<\/strong> <\/span><\/span><\/strong>, a petiana apresentou<span style=\"font-weight: 400;\">:<\/span><\/p>\n<ul>\n<li><span style=\"font-weight: 400;\">CASTELLO, Icaro; COSTA, Cl\u00f3vis; FREDES, Paola; TOZETO, Matheus; ZARATE, Yuki. <\/span><i><span style=\"font-weight: 400;\">Cineclube Salinha.<\/span><\/i><span style=\"font-weight: 400;\"> Resumo enviado ao X CEC \u2013 Congresso de Extens\u00e3o e Cultura, da IX SIIEPE da UFPel.<\/span><\/li>\n<li><span style=\"font-weight: 400;\">PETELECO n\u00b0 9 \u2013 apresentado do projeto da nona edi\u00e7\u00e3o da revista e mostra dos curtas selecionados nesta edi\u00e7\u00e3o na Mostra Art\u00edstica do UNIFICA (UFPel), ocorrido no audit\u00f3rio 1 do Centro de Artes.<\/span><\/li>\n<\/ul>\n<p>&nbsp;<\/p>\n<p>&nbsp;<\/p>\n<p>&nbsp;<\/p>\n<p>&nbsp;<\/p>\n","protected":false},"excerpt":{"rendered":"<p>Allende de Castro Perini, o petiano apresentou: \u2018Certeza, Milagres e o Infinito: a reinven\u00e7\u00e3o da bruxaria no universo de Umineko no Naku Koro ni.\u2019 Pesquisa selecionada para a integrar o congresso 7as Jornadas Internacionais de Hist\u00f3rias em Quadrinhos na (USP). E expandida para publica\u00e7\u00e3o na revista Nona Arte. \u00a0\u2018A Performance \u2018Devor\u00ea Escarlate\u2019. Ensaio visual submetido [&hellip;]<\/p>\n","protected":false},"author":557,"featured_media":0,"comment_status":"closed","ping_status":"closed","sticky":false,"template":"","format":"standard","meta":{"jetpack_post_was_ever_published":false,"_jetpack_newsletter_access":"","_jetpack_dont_email_post_to_subs":false,"_jetpack_newsletter_tier_id":0,"_jetpack_memberships_contains_paywalled_content":false,"_jetpack_memberships_contains_paid_content":false,"footnotes":"","jetpack_publicize_message":"","jetpack_publicize_feature_enabled":true,"jetpack_social_post_already_shared":true,"jetpack_social_options":{"image_generator_settings":{"template":"highway","default_image_id":0,"font":"","enabled":false},"version":2}},"categories":[1],"tags":[],"class_list":["post-2977","post","type-post","status-publish","format-standard","hentry","category-noticias"],"jetpack_publicize_connections":[],"jetpack_featured_media_url":"","jetpack_sharing_enabled":true,"_links":{"self":[{"href":"https:\/\/wp.ufpel.edu.br\/petartesvisuais\/wp-json\/wp\/v2\/posts\/2977","targetHints":{"allow":["GET"]}}],"collection":[{"href":"https:\/\/wp.ufpel.edu.br\/petartesvisuais\/wp-json\/wp\/v2\/posts"}],"about":[{"href":"https:\/\/wp.ufpel.edu.br\/petartesvisuais\/wp-json\/wp\/v2\/types\/post"}],"author":[{"embeddable":true,"href":"https:\/\/wp.ufpel.edu.br\/petartesvisuais\/wp-json\/wp\/v2\/users\/557"}],"replies":[{"embeddable":true,"href":"https:\/\/wp.ufpel.edu.br\/petartesvisuais\/wp-json\/wp\/v2\/comments?post=2977"}],"version-history":[{"count":3,"href":"https:\/\/wp.ufpel.edu.br\/petartesvisuais\/wp-json\/wp\/v2\/posts\/2977\/revisions"}],"predecessor-version":[{"id":3008,"href":"https:\/\/wp.ufpel.edu.br\/petartesvisuais\/wp-json\/wp\/v2\/posts\/2977\/revisions\/3008"}],"wp:attachment":[{"href":"https:\/\/wp.ufpel.edu.br\/petartesvisuais\/wp-json\/wp\/v2\/media?parent=2977"}],"wp:term":[{"taxonomy":"category","embeddable":true,"href":"https:\/\/wp.ufpel.edu.br\/petartesvisuais\/wp-json\/wp\/v2\/categories?post=2977"},{"taxonomy":"post_tag","embeddable":true,"href":"https:\/\/wp.ufpel.edu.br\/petartesvisuais\/wp-json\/wp\/v2\/tags?post=2977"}],"curies":[{"name":"wp","href":"https:\/\/api.w.org\/{rel}","templated":true}]}}