{"id":2423,"date":"2022-04-12T20:43:34","date_gmt":"2022-04-12T23:43:34","guid":{"rendered":"https:\/\/wp.ufpel.edu.br\/petartesvisuais\/?p=2423"},"modified":"2022-04-19T10:21:18","modified_gmt":"2022-04-19T13:21:18","slug":"producao-de-videos-performances-e-filmes-dos-petianos-em-2021","status":"publish","type":"post","link":"https:\/\/wp.ufpel.edu.br\/petartesvisuais\/2022\/04\/12\/producao-de-videos-performances-e-filmes-dos-petianos-em-2021\/","title":{"rendered":"Produ\u00e7\u00e3o de V\u00eddeos, Performances e Filmes dos Petianos em 2021"},"content":{"rendered":"<p>Durante do ano de 2021 os participantes do PET Artes Visuais participaram da produ\u00e7\u00e3o de diversos produtos Audiovisuais, incluindo Filmes, Clipes, Document\u00e1rios e V\u00eddeo Performances nesta lista.<\/p>\n<ul>\n<li><a href=\"https:\/\/wp.ufpel.edu.br\/petartesvisuais\/2022\/04\/13\/o-filme-a-mulher-do-tempo-curta-metragem-de-animacao-realizado-em-2021\/?preview_id=2434&amp;preview_nonce=a15ccac4cd&amp;post_format=standard&amp;_thumbnail_id=2435&amp;preview=true\"><span style=\"font-weight: 400;\">Produ\u00e7\u00e3o do curta metragem &#8220;A Mulher do Tempo&#8221;<\/span><\/a><\/li>\n<li><a href=\"https:\/\/youtu.be\/K-pEsZeEthg\"><span style=\"font-weight: 400;\">Produ\u00e7\u00e3o da V\u00eddeo Performance &#8220;SENTIR SEM FRONTEIRAS&#8221;, produ\u00e7\u00e3o realizada em conjunto com o Grupo Caixa de Pandora, a performance foi desenvolvida para ser exibida no evento Fronteiras Feministas e na Semana Acad\u00eamica da Dan\u00e7a\/UFPel.\u00a0 (Acesso)<\/span><\/a><\/li>\n<li><span style=\"font-weight: 400;\">Produ\u00e7\u00e3o do Curta-metragem &#8220;FANTASMA MACI\u00c7O&#8221;, um curta de Marcelo Amaral com participa\u00e7\u00e3o do petiano Daniel Higa na captura de \u00e1udio, produ\u00e7\u00e3o de trilha sonora, assist\u00eancia de dire\u00e7\u00e3o.\u00a0<\/span><\/li>\n<li><a href=\"https:\/\/vimeo.com\/650951780\"><span style=\"font-weight: 400;\">&#8220;A NOITE ESCURA E MAIS EU&#8221;, curta-metragem realizado em t\u00e9cnicas de anima\u00e7\u00e3o em stop-motion por Icaro Regina. (Acesso)<\/span><\/a><\/li>\n<li><span style=\"font-weight: 400;\"><a href=\"https:\/\/youtu.be\/vt1ykLFTpSc\">&#8220;SAUDADE&#8221;,<\/a> <a href=\"https:\/\/www.youtube.com\/watch?v=vt1ykLFTpSc&amp;feature=youtu.be\">curta-metragem curta-metragem realizado em t\u00e9cnicas de anima\u00e7\u00e3o em stop-motion por Aline Golart.<\/a> <a href=\"https:\/\/youtu.be\/vt1ykLFTpSc\">(Acesso)<\/a><\/span><\/li>\n<li><span style=\"font-weight: 400;\"><a href=\"https:\/\/www.youtube.com\/watch?v=-95Tcz3AZY8\">&#8220;T\u00c1 FODA&#8221;,<\/a> <a href=\"https:\/\/www.youtube.com\/watch?v=-95Tcz3AZY8\">curta metragem realizado em 2020 \u00a0com participa\u00e7\u00e3o de Aline Golart, Icaro Regina e Bella Kacelnikas.<\/a> <a href=\"https:\/\/www.youtube.com\/watch?v=-95Tcz3AZY8\">(Acesso).<\/a>\u00a0<em>D<\/em><\/span><em><span style=\"font-weight: 400;\">urante o ano de 2021 rodou por mostras e festivais tendo sido selecionado para:<\/span><\/em>\n<ul>\n<li><span style=\"font-weight: 400;\">I FANTACINE Mostra de Cinema Fant\u00e1stico de Rond\u00f4nia \/ Mostra Akuanduba, participa\u00e7\u00e3o e exibi\u00e7\u00e3o do curta-metragem T\u00e1 Foda (2020). <\/span><b>Abril de 2021.<\/b><\/li>\n<li><span style=\"font-weight: 400;\">Anim!Arte International Student Animation Film Festival of Brazil.<\/span><b> Maio de 2021.<\/b><\/li>\n<li><span style=\"font-weight: 400;\">14\u00ba Dia Internacional da Anima\u00e7\u00e3o de Goi\u00e2nia, participa\u00e7\u00e3o e exibi\u00e7\u00e3o do curta-metragem T\u00e1 Foda (2020).<\/span><b> Junho de 2021.<\/b><\/li>\n<li><span style=\"font-weight: 400;\">ANIMA LATINA Festival de Cine de Animaci\u00f3n Latinoamericano, participa\u00e7\u00e3o e exibi\u00e7\u00e3o do curta-metragem T\u00e1 Foda (2020).<\/span><b> Outubro de 2021.<\/b><\/li>\n<li><span style=\"font-weight: 400;\">21 Festival Internacional de Escuelas de Cine &#8211; Uruguay \/ Competencia Internacional, participa\u00e7\u00e3o e exibi\u00e7\u00e3o do curta-metragem T\u00e1 Foda (2020). <\/span><b>Agosto de 2021.<\/b><\/li>\n<li><span style=\"font-weight: 400;\">12\u00aa Festival REC- Festival de Estudiantes de Artes Audiovisuales de Universidades P\u00fablicas y Privadas \/ COMPETENCIA LATINOAMERICANA, participa\u00e7\u00e3o e premia\u00e7\u00e3o do curta-metragem T\u00e1 Foda (2020), Pr\u00eamio Compet\u00eancia Latinoamericana 1\u00b0 Men\u00e7\u00e3o e\u00a0 Premio Social y Popular 2\u00b0 Men\u00e7\u00e3o. <\/span><b>Agosto de 2021.<\/b><\/li>\n<li><span style=\"font-weight: 400;\">IV Mostra de Filmes Universit\u00e1rios 49\u00b0 Festival de Cinema de Gramado, participa\u00e7\u00e3o e exibi\u00e7\u00e3o do curta-metragem T\u00e1 Foda (2020). <\/span><b>Agosto de 2021.<\/b><\/li>\n<li><span style=\"font-weight: 400;\">IV Mostra SESC de Cinema Brazil Panorama Estadual, participa\u00e7\u00e3o e exibi\u00e7\u00e3o do curta-metragem T\u00e1 Foda (2020).<\/span><b> Novembro de 2021.<\/b><\/li>\n<\/ul>\n<\/li>\n<li><span style=\"font-weight: 400;\"><a href=\"https:\/\/www.instagram.com\/p\/Ca3BJSNplzG\/\">&#8220;FOI QUANDO ESCUTEI&#8221;<\/a> <a href=\"https:\/\/www.instagram.com\/p\/CXtO3JArezw\/\">produ\u00e7\u00e3o em quadrinhos para a Revista P\u00e9-de-cabra. Quadrinho selecionado para a colet\u00e2nea da Revista P\u00e9-de-Cabra quarta edi\u00e7\u00e3o, desenvolvido por Bella Kacelnikas.<\/a> <a href=\"https:\/\/www.instagram.com\/p\/CXtO3JArezw\/\">(Acesso)<\/a><\/span><\/li>\n<li><span style=\"font-weight: 400;\"><a href=\"https:\/\/www.instagram.com\/tv\/CXPBOVODDNP\/?igshid=MDJmNzVkMjY=\">&#8220;VELOCIDADE&#8221;<\/a>,<a href=\"https:\/\/www.instagram.com\/tv\/CXPBOVODDNP\/?igshid=MDJmNzVkMjY=\"> v\u00eddeo de Rafaela Ribeiro realizado\u00a0para a &#8220;II Mostra virtual internacional&#8221; &#8216;APESAR DE VOC\u00ca&#8217;<\/a>. <a href=\"https:\/\/www.instagram.com\/tv\/CXPBOVODDNP\/?igshid=MDJmNzVkMjY=\">(Acesso)<\/a><\/span><\/li>\n<li><a href=\"https:\/\/wp.ufpel.edu.br\/petartesvisuais\/2022\/04\/13\/stayblack-realiza-projeto-cultural-tem-preto-no-sul\/\"><span style=\"font-weight: 400;\">&#8220;TEM PRETO NO SUL&#8221;, document\u00e1rio realizado por Jackeline Nunes<\/span>\u00a0<\/a><\/li>\n<li><a href=\"https:\/\/www.youtube.com\/watch?v=O5EbOJSvk1w\"><span style=\"font-weight: 400;\">Arte e participa\u00e7\u00e3o no clipe<\/span><span style=\"font-weight: 400;\"> &#8220;N\u00c3O ME ATRASA&#8221; da cantora Colibrisa, com participa\u00e7\u00e3o de Domenica Pinheiro, Andr\u00e9 Gustavo e Jackeline Nunes.<\/span><\/a><\/li>\n<li><a href=\"https:\/\/wp.ufpel.edu.br\/petartesvisuais\/2021\/06\/18\/acompanhe-a-ohun-mostra-de-cinema-negro-de-pelotas\/\"><span style=\"font-weight: 400;\">Finaliza\u00e7\u00e3o Audiovisual para o filme &#8220;AL\u00c9M DA FRONTEIRA&#8221;, o filme al\u00e9m da fronteira foi finalizado por Jackeline Nunes e teve estreia durante o evento OHUN: Mostra de Cinema Negro de Pelotas<\/span><\/a><\/li>\n<li><a href=\"https:\/\/metrouniversitario.com.br\/filmes\/filme-de-merda\/\"><span style=\"font-weight: 400;\">&#8220;FILME DE MERDA&#8221;, lan\u00e7ado em 2021\u00a0 Realizado por Francisco Chico<\/span><\/a><\/li>\n<li><span style=\"font-weight: 400;\">\u00a0<a href=\"https:\/\/vimeo.com\/699340708\">Produ\u00e7\u00e3o do filme &#8220;<\/a><\/span><span style=\"font-weight: 400;\">LONDRES, PELOTAS&#8221; (2021) Realizado por Francisco Chico<\/span><\/li>\n<\/ul>\n","protected":false},"excerpt":{"rendered":"<p>Durante do ano de 2021 os participantes do PET Artes Visuais participaram da produ\u00e7\u00e3o de diversos produtos Audiovisuais, incluindo Filmes, Clipes, Document\u00e1rios e V\u00eddeo Performances nesta lista. Produ\u00e7\u00e3o do curta metragem &#8220;A Mulher do Tempo&#8221; Produ\u00e7\u00e3o da V\u00eddeo Performance &#8220;SENTIR SEM FRONTEIRAS&#8221;, produ\u00e7\u00e3o realizada em conjunto com o Grupo Caixa de Pandora, a performance foi [&hellip;]<\/p>\n","protected":false},"author":557,"featured_media":2469,"comment_status":"closed","ping_status":"closed","sticky":false,"template":"","format":"standard","meta":{"jetpack_post_was_ever_published":false,"_jetpack_newsletter_access":"","_jetpack_dont_email_post_to_subs":false,"_jetpack_newsletter_tier_id":0,"_jetpack_memberships_contains_paywalled_content":false,"_jetpack_memberships_contains_paid_content":false,"footnotes":"","jetpack_publicize_message":"","jetpack_publicize_feature_enabled":true,"jetpack_social_post_already_shared":true,"jetpack_social_options":{"image_generator_settings":{"template":"highway","default_image_id":0,"font":"","enabled":false},"version":2}},"categories":[1],"tags":[],"class_list":["post-2423","post","type-post","status-publish","format-standard","has-post-thumbnail","hentry","category-noticias"],"jetpack_publicize_connections":[],"jetpack_featured_media_url":"https:\/\/wp.ufpel.edu.br\/petartesvisuais\/files\/2022\/04\/filme-aline.png","jetpack_sharing_enabled":true,"_links":{"self":[{"href":"https:\/\/wp.ufpel.edu.br\/petartesvisuais\/wp-json\/wp\/v2\/posts\/2423","targetHints":{"allow":["GET"]}}],"collection":[{"href":"https:\/\/wp.ufpel.edu.br\/petartesvisuais\/wp-json\/wp\/v2\/posts"}],"about":[{"href":"https:\/\/wp.ufpel.edu.br\/petartesvisuais\/wp-json\/wp\/v2\/types\/post"}],"author":[{"embeddable":true,"href":"https:\/\/wp.ufpel.edu.br\/petartesvisuais\/wp-json\/wp\/v2\/users\/557"}],"replies":[{"embeddable":true,"href":"https:\/\/wp.ufpel.edu.br\/petartesvisuais\/wp-json\/wp\/v2\/comments?post=2423"}],"version-history":[{"count":9,"href":"https:\/\/wp.ufpel.edu.br\/petartesvisuais\/wp-json\/wp\/v2\/posts\/2423\/revisions"}],"predecessor-version":[{"id":2482,"href":"https:\/\/wp.ufpel.edu.br\/petartesvisuais\/wp-json\/wp\/v2\/posts\/2423\/revisions\/2482"}],"wp:featuredmedia":[{"embeddable":true,"href":"https:\/\/wp.ufpel.edu.br\/petartesvisuais\/wp-json\/wp\/v2\/media\/2469"}],"wp:attachment":[{"href":"https:\/\/wp.ufpel.edu.br\/petartesvisuais\/wp-json\/wp\/v2\/media?parent=2423"}],"wp:term":[{"taxonomy":"category","embeddable":true,"href":"https:\/\/wp.ufpel.edu.br\/petartesvisuais\/wp-json\/wp\/v2\/categories?post=2423"},{"taxonomy":"post_tag","embeddable":true,"href":"https:\/\/wp.ufpel.edu.br\/petartesvisuais\/wp-json\/wp\/v2\/tags?post=2423"}],"curies":[{"name":"wp","href":"https:\/\/api.w.org\/{rel}","templated":true}]}}