{"id":2364,"date":"2021-12-30T14:21:03","date_gmt":"2021-12-30T17:21:03","guid":{"rendered":"https:\/\/wp.ufpel.edu.br\/petartesvisuais\/?p=2364"},"modified":"2023-03-30T20:09:57","modified_gmt":"2023-03-30T23:09:57","slug":"peteleco-no-7","status":"publish","type":"post","link":"https:\/\/wp.ufpel.edu.br\/petartesvisuais\/2021\/12\/30\/peteleco-no-7\/","title":{"rendered":"Peteleco no.7"},"content":{"rendered":"<p>A peteleco no.7 tem como tema interven\u00e7\u00e3o urbana e est\u00e1 cheia de artistes que ocupam o espa\u00e7o urbano das mais diversas formas fazendo da rua um lugar de resist\u00eancia principalmente em tempos de isolamento social.<\/p>\n<p>Nessa edi\u00e7\u00e3o temos uma conversa super bacana com as artistas Marizinha e Mazu, e as gurias contam suas rela\u00e7\u00f5es com o urbano e suas experi\u00eancias como mulheres que interferem na rua e como a rua transpassa nos seus processos criativos. A entrevista \u00e9 conduzida por Rafa, Bella Kacelnikas, Vanessa e Andr\u00e9 Gustavo.<\/p>\n<p>Tem tamb\u00e9m o grupo Pequenos Territ\u00f3rios. Ministrado pela professora Renata Requi\u00e3o, \u00e9 composto de alunos tanto do mestrado quanto da gradua\u00e7\u00e3o. Quem conta sobre \u00e9 o Matheus Matos.<\/p>\n<p>Na coluna conhe\u00e7a um artista o convidado \u00e9 Gabriel Gas. &#8216;Natural de Rio Grande-RS, seu contato com o graffiti come\u00e7ou em 2008 e desde ent\u00e3o representa a cultura Hip-Hop de v\u00e1rias formas tanto em produ\u00e7\u00f5es pessoais como em oficinas e projetos&#8217;.<\/p>\n<p>A chamada aberta conta com 14 artistes de todo o Brasil que compartilham suas atua\u00e7\u00f5es e interven\u00e7\u00f5es pelas ruas.<\/p>\n<p>E por fim a coluna recomenda com dicas de podcasts, musicas, textos, cinema e artes.<\/p>\n<p>Se liga aqui na<a href=\"https:\/\/wp.ufpel.edu.br\/petartesvisuais\/files\/2021\/12\/petelecono.7.pdf\">\u00a0petelecono.7<\/a><\/p>\n<p>&nbsp;<\/p>\n","protected":false},"excerpt":{"rendered":"<p>A peteleco no.7 tem como tema interven\u00e7\u00e3o urbana e est\u00e1 cheia de artistes que ocupam o espa\u00e7o urbano das mais diversas formas fazendo da rua um lugar de resist\u00eancia principalmente em tempos de isolamento social. Nessa edi\u00e7\u00e3o temos uma conversa super bacana com as artistas Marizinha e Mazu, e as gurias contam suas rela\u00e7\u00f5es com [&hellip;]<\/p>\n","protected":false},"author":557,"featured_media":2365,"comment_status":"closed","ping_status":"closed","sticky":false,"template":"","format":"standard","meta":{"jetpack_post_was_ever_published":false,"_jetpack_newsletter_access":"","_jetpack_dont_email_post_to_subs":false,"_jetpack_newsletter_tier_id":0,"_jetpack_memberships_contains_paywalled_content":false,"_jetpack_memberships_contains_paid_content":false,"footnotes":"","jetpack_publicize_message":"","jetpack_publicize_feature_enabled":true,"jetpack_social_post_already_shared":true,"jetpack_social_options":{"image_generator_settings":{"template":"highway","default_image_id":0,"font":"","enabled":false},"version":2}},"categories":[1,15],"tags":[],"class_list":["post-2364","post","type-post","status-publish","format-standard","has-post-thumbnail","hentry","category-noticias","category-peteleco"],"jetpack_publicize_connections":[],"jetpack_featured_media_url":"https:\/\/wp.ufpel.edu.br\/petartesvisuais\/files\/2021\/12\/CAPA-PAGINA1.jpg","jetpack_sharing_enabled":true,"_links":{"self":[{"href":"https:\/\/wp.ufpel.edu.br\/petartesvisuais\/wp-json\/wp\/v2\/posts\/2364","targetHints":{"allow":["GET"]}}],"collection":[{"href":"https:\/\/wp.ufpel.edu.br\/petartesvisuais\/wp-json\/wp\/v2\/posts"}],"about":[{"href":"https:\/\/wp.ufpel.edu.br\/petartesvisuais\/wp-json\/wp\/v2\/types\/post"}],"author":[{"embeddable":true,"href":"https:\/\/wp.ufpel.edu.br\/petartesvisuais\/wp-json\/wp\/v2\/users\/557"}],"replies":[{"embeddable":true,"href":"https:\/\/wp.ufpel.edu.br\/petartesvisuais\/wp-json\/wp\/v2\/comments?post=2364"}],"version-history":[{"count":2,"href":"https:\/\/wp.ufpel.edu.br\/petartesvisuais\/wp-json\/wp\/v2\/posts\/2364\/revisions"}],"predecessor-version":[{"id":2368,"href":"https:\/\/wp.ufpel.edu.br\/petartesvisuais\/wp-json\/wp\/v2\/posts\/2364\/revisions\/2368"}],"wp:featuredmedia":[{"embeddable":true,"href":"https:\/\/wp.ufpel.edu.br\/petartesvisuais\/wp-json\/wp\/v2\/media\/2365"}],"wp:attachment":[{"href":"https:\/\/wp.ufpel.edu.br\/petartesvisuais\/wp-json\/wp\/v2\/media?parent=2364"}],"wp:term":[{"taxonomy":"category","embeddable":true,"href":"https:\/\/wp.ufpel.edu.br\/petartesvisuais\/wp-json\/wp\/v2\/categories?post=2364"},{"taxonomy":"post_tag","embeddable":true,"href":"https:\/\/wp.ufpel.edu.br\/petartesvisuais\/wp-json\/wp\/v2\/tags?post=2364"}],"curies":[{"name":"wp","href":"https:\/\/api.w.org\/{rel}","templated":true}]}}