{"id":2327,"date":"2021-11-01T15:13:42","date_gmt":"2021-11-01T18:13:42","guid":{"rendered":"https:\/\/wp.ufpel.edu.br\/petartesvisuais\/?p=2327"},"modified":"2021-11-01T15:25:35","modified_gmt":"2021-11-01T18:25:35","slug":"inscricoes-abertas-para-ii-mostra-virtual-internacional","status":"publish","type":"post","link":"https:\/\/wp.ufpel.edu.br\/petartesvisuais\/2021\/11\/01\/inscricoes-abertas-para-ii-mostra-virtual-internacional\/","title":{"rendered":"inscri\u00e7\u00f5es abertas para II Mostra Virtual Internacional"},"content":{"rendered":"<p style=\"text-align: justify\">As inscri\u00e7\u00f5es para a II Mostra Virtual Internacional estar\u00e3o abertas entre 19 de outubro e 19 de novembro de 2021 e tem o objetivo selecionar trabalhos em v\u00eddeo e fotografia para ocupar o perfil do evento no Instagram durante todo o per\u00edodo de realiza\u00e7\u00e3o do XXX CONFAEB, contando tamb\u00e9m com uma noite de exibi\u00e7\u00e3o dos trabalhos projetados no centro hist\u00f3rico de Pelotas-Rs. A inscri\u00e7\u00e3o para a exposi\u00e7\u00e3o \u00e9 gratuita e implica no consentimento nas normas do edital e na cess\u00e3o dos direitos para reprodu\u00e7\u00e3o e exibi\u00e7\u00e3o, total ou parcial, em todas as atividades de promo\u00e7\u00e3o e divulga\u00e7\u00e3o da exposi\u00e7\u00e3o. A avalia\u00e7\u00e3o das produ\u00e7\u00f5es ser\u00e1 realizada por uma comiss\u00e3o art\u00edstica e acad\u00eamica oriunda da UFPEL.<\/p>\n<p>&nbsp;<\/p>\n<p>Inscri\u00e7\u00f5es atrav\u00e9s do formul\u00e1rio<\/p>\n<p><a href=\"https:\/\/docs.google.com\/forms\/d\/e\/1FAIpQLSeF9efpyNXNXPYeUWXkPQiBUR-MfE_FptHQhT6vGIklo_IOJg\/viewform\">https:\/\/docs.google.com\/forms\/d\/e\/1FAIpQLSeF9efpyNXNXPYeUWXkPQiBUR-MfE_FptHQhT6vGIklo_IOJg\/viewform<\/a><\/p>\n<p>Para mais informa\u00e7\u00f5es acesse o edital:<\/p>\n<p><a href=\"https:\/\/drive.google.com\/file\/d\/1qgcPArxu1-s47Ww6KS5rg1YE3lW4181U\/view\">https:\/\/drive.google.com\/file\/d\/1qgcPArxu1-s47Ww6KS5rg1YE3lW4181U\/view<\/a><\/p>\n<p>&nbsp;<\/p>\n\n\t\t<style type=\"text\/css\">\n\t\t\t#gallery-1 {\n\t\t\t\tmargin: auto;\n\t\t\t}\n\t\t\t#gallery-1 .gallery-item {\n\t\t\t\tfloat: left;\n\t\t\t\tmargin-top: 10px;\n\t\t\t\ttext-align: center;\n\t\t\t\twidth: 50%;\n\t\t\t}\n\t\t\t#gallery-1 img {\n\t\t\t\tborder: 2px solid #cfcfcf;\n\t\t\t}\n\t\t\t#gallery-1 .gallery-caption {\n\t\t\t\tmargin-left: 0;\n\t\t\t}\n\t\t\t\/* see gallery_shortcode() in wp-includes\/media.php *\/\n\t\t<\/style>\n\t\t<div id='gallery-1' class='gallery galleryid-2327 gallery-columns-2 gallery-size-medium'><dl class='gallery-item'>\n\t\t\t<dt class='gallery-icon landscape'>\n\t\t\t\t<a href='https:\/\/wp.ufpel.edu.br\/petartesvisuais\/2021\/11\/01\/inscricoes-abertas-para-ii-mostra-virtual-internacional\/247906942_395788262240277_4212345292572894666_n\/'><img loading=\"lazy\" decoding=\"async\" width=\"400\" height=\"400\" src=\"https:\/\/wp.ufpel.edu.br\/petartesvisuais\/files\/2021\/11\/247906942_395788262240277_4212345292572894666_n-400x400.jpg\" class=\"attachment-medium size-medium\" alt=\"\" srcset=\"https:\/\/wp.ufpel.edu.br\/petartesvisuais\/files\/2021\/11\/247906942_395788262240277_4212345292572894666_n-400x400.jpg 400w, https:\/\/wp.ufpel.edu.br\/petartesvisuais\/files\/2021\/11\/247906942_395788262240277_4212345292572894666_n-1024x1024.jpg 1024w, https:\/\/wp.ufpel.edu.br\/petartesvisuais\/files\/2021\/11\/247906942_395788262240277_4212345292572894666_n-200x200.jpg 200w, https:\/\/wp.ufpel.edu.br\/petartesvisuais\/files\/2021\/11\/247906942_395788262240277_4212345292572894666_n-768x768.jpg 768w, https:\/\/wp.ufpel.edu.br\/petartesvisuais\/files\/2021\/11\/247906942_395788262240277_4212345292572894666_n-88x88.jpg 88w, https:\/\/wp.ufpel.edu.br\/petartesvisuais\/files\/2021\/11\/247906942_395788262240277_4212345292572894666_n-816x816.jpg 816w, https:\/\/wp.ufpel.edu.br\/petartesvisuais\/files\/2021\/11\/247906942_395788262240277_4212345292572894666_n.jpg 1080w\" sizes=\"auto, (max-width: 400px) 100vw, 400px\" \/><\/a>\n\t\t\t<\/dt><\/dl><dl class='gallery-item'>\n\t\t\t<dt class='gallery-icon landscape'>\n\t\t\t\t<a href='https:\/\/wp.ufpel.edu.br\/petartesvisuais\/2021\/11\/01\/inscricoes-abertas-para-ii-mostra-virtual-internacional\/whatsapp-image-2021-10-28-at-12-35-55\/'><img loading=\"lazy\" decoding=\"async\" width=\"400\" height=\"400\" src=\"https:\/\/wp.ufpel.edu.br\/petartesvisuais\/files\/2021\/11\/WhatsApp-Image-2021-10-28-at-12.35.55-400x400.jpeg\" class=\"attachment-medium size-medium\" alt=\"\" srcset=\"https:\/\/wp.ufpel.edu.br\/petartesvisuais\/files\/2021\/11\/WhatsApp-Image-2021-10-28-at-12.35.55-400x400.jpeg 400w, https:\/\/wp.ufpel.edu.br\/petartesvisuais\/files\/2021\/11\/WhatsApp-Image-2021-10-28-at-12.35.55-1024x1024.jpeg 1024w, https:\/\/wp.ufpel.edu.br\/petartesvisuais\/files\/2021\/11\/WhatsApp-Image-2021-10-28-at-12.35.55-200x200.jpeg 200w, https:\/\/wp.ufpel.edu.br\/petartesvisuais\/files\/2021\/11\/WhatsApp-Image-2021-10-28-at-12.35.55-768x768.jpeg 768w, https:\/\/wp.ufpel.edu.br\/petartesvisuais\/files\/2021\/11\/WhatsApp-Image-2021-10-28-at-12.35.55-88x88.jpeg 88w, https:\/\/wp.ufpel.edu.br\/petartesvisuais\/files\/2021\/11\/WhatsApp-Image-2021-10-28-at-12.35.55-816x816.jpeg 816w, https:\/\/wp.ufpel.edu.br\/petartesvisuais\/files\/2021\/11\/WhatsApp-Image-2021-10-28-at-12.35.55.jpeg 1080w\" sizes=\"auto, (max-width: 400px) 100vw, 400px\" \/><\/a>\n\t\t\t<\/dt><\/dl><br style=\"clear: both\" \/><dl class='gallery-item'>\n\t\t\t<dt class='gallery-icon landscape'>\n\t\t\t\t<a href='https:\/\/wp.ufpel.edu.br\/petartesvisuais\/2021\/11\/01\/inscricoes-abertas-para-ii-mostra-virtual-internacional\/whatsapp-image-2021-10-28-at-12-35-54\/'><img loading=\"lazy\" decoding=\"async\" width=\"400\" height=\"400\" src=\"https:\/\/wp.ufpel.edu.br\/petartesvisuais\/files\/2021\/11\/WhatsApp-Image-2021-10-28-at-12.35.54-400x400.jpeg\" class=\"attachment-medium size-medium\" alt=\"\" srcset=\"https:\/\/wp.ufpel.edu.br\/petartesvisuais\/files\/2021\/11\/WhatsApp-Image-2021-10-28-at-12.35.54-400x400.jpeg 400w, https:\/\/wp.ufpel.edu.br\/petartesvisuais\/files\/2021\/11\/WhatsApp-Image-2021-10-28-at-12.35.54-1024x1024.jpeg 1024w, https:\/\/wp.ufpel.edu.br\/petartesvisuais\/files\/2021\/11\/WhatsApp-Image-2021-10-28-at-12.35.54-200x200.jpeg 200w, https:\/\/wp.ufpel.edu.br\/petartesvisuais\/files\/2021\/11\/WhatsApp-Image-2021-10-28-at-12.35.54-768x768.jpeg 768w, https:\/\/wp.ufpel.edu.br\/petartesvisuais\/files\/2021\/11\/WhatsApp-Image-2021-10-28-at-12.35.54-88x88.jpeg 88w, https:\/\/wp.ufpel.edu.br\/petartesvisuais\/files\/2021\/11\/WhatsApp-Image-2021-10-28-at-12.35.54-816x816.jpeg 816w, https:\/\/wp.ufpel.edu.br\/petartesvisuais\/files\/2021\/11\/WhatsApp-Image-2021-10-28-at-12.35.54.jpeg 1080w\" sizes=\"auto, (max-width: 400px) 100vw, 400px\" \/><\/a>\n\t\t\t<\/dt><\/dl><dl class='gallery-item'>\n\t\t\t<dt class='gallery-icon landscape'>\n\t\t\t\t<a href='https:\/\/wp.ufpel.edu.br\/petartesvisuais\/2021\/11\/01\/inscricoes-abertas-para-ii-mostra-virtual-internacional\/whatsapp-image-2021-10-28-at-12-35-57\/'><img loading=\"lazy\" decoding=\"async\" width=\"400\" height=\"400\" src=\"https:\/\/wp.ufpel.edu.br\/petartesvisuais\/files\/2021\/11\/WhatsApp-Image-2021-10-28-at-12.35.57-400x400.jpeg\" class=\"attachment-medium size-medium\" alt=\"\" srcset=\"https:\/\/wp.ufpel.edu.br\/petartesvisuais\/files\/2021\/11\/WhatsApp-Image-2021-10-28-at-12.35.57-400x400.jpeg 400w, https:\/\/wp.ufpel.edu.br\/petartesvisuais\/files\/2021\/11\/WhatsApp-Image-2021-10-28-at-12.35.57-1024x1024.jpeg 1024w, https:\/\/wp.ufpel.edu.br\/petartesvisuais\/files\/2021\/11\/WhatsApp-Image-2021-10-28-at-12.35.57-200x200.jpeg 200w, https:\/\/wp.ufpel.edu.br\/petartesvisuais\/files\/2021\/11\/WhatsApp-Image-2021-10-28-at-12.35.57-768x768.jpeg 768w, https:\/\/wp.ufpel.edu.br\/petartesvisuais\/files\/2021\/11\/WhatsApp-Image-2021-10-28-at-12.35.57-88x88.jpeg 88w, https:\/\/wp.ufpel.edu.br\/petartesvisuais\/files\/2021\/11\/WhatsApp-Image-2021-10-28-at-12.35.57-816x816.jpeg 816w, https:\/\/wp.ufpel.edu.br\/petartesvisuais\/files\/2021\/11\/WhatsApp-Image-2021-10-28-at-12.35.57.jpeg 1080w\" sizes=\"auto, (max-width: 400px) 100vw, 400px\" \/><\/a>\n\t\t\t<\/dt><\/dl><br style=\"clear: both\" \/>\n\t\t<\/div>\n\n","protected":false},"excerpt":{"rendered":"<p>As inscri\u00e7\u00f5es para a II Mostra Virtual Internacional estar\u00e3o abertas entre 19 de outubro e 19 de novembro de 2021 e tem o objetivo selecionar trabalhos em v\u00eddeo e fotografia para ocupar o perfil do evento no Instagram durante todo o per\u00edodo de realiza\u00e7\u00e3o do XXX CONFAEB, contando tamb\u00e9m com uma noite de exibi\u00e7\u00e3o dos [&hellip;]<\/p>\n","protected":false},"author":557,"featured_media":2328,"comment_status":"closed","ping_status":"closed","sticky":false,"template":"","format":"standard","meta":{"jetpack_post_was_ever_published":false,"_jetpack_newsletter_access":"","_jetpack_dont_email_post_to_subs":false,"_jetpack_newsletter_tier_id":0,"_jetpack_memberships_contains_paywalled_content":false,"_jetpack_memberships_contains_paid_content":false,"footnotes":"","jetpack_publicize_message":"","jetpack_publicize_feature_enabled":true,"jetpack_social_post_already_shared":true,"jetpack_social_options":{"image_generator_settings":{"template":"highway","default_image_id":0,"font":"","enabled":false},"version":2}},"categories":[1],"tags":[],"class_list":["post-2327","post","type-post","status-publish","format-standard","has-post-thumbnail","hentry","category-noticias"],"jetpack_publicize_connections":[],"jetpack_featured_media_url":"https:\/\/wp.ufpel.edu.br\/petartesvisuais\/files\/2021\/11\/247906942_395788262240277_4212345292572894666_n.jpg","jetpack_sharing_enabled":true,"_links":{"self":[{"href":"https:\/\/wp.ufpel.edu.br\/petartesvisuais\/wp-json\/wp\/v2\/posts\/2327","targetHints":{"allow":["GET"]}}],"collection":[{"href":"https:\/\/wp.ufpel.edu.br\/petartesvisuais\/wp-json\/wp\/v2\/posts"}],"about":[{"href":"https:\/\/wp.ufpel.edu.br\/petartesvisuais\/wp-json\/wp\/v2\/types\/post"}],"author":[{"embeddable":true,"href":"https:\/\/wp.ufpel.edu.br\/petartesvisuais\/wp-json\/wp\/v2\/users\/557"}],"replies":[{"embeddable":true,"href":"https:\/\/wp.ufpel.edu.br\/petartesvisuais\/wp-json\/wp\/v2\/comments?post=2327"}],"version-history":[{"count":3,"href":"https:\/\/wp.ufpel.edu.br\/petartesvisuais\/wp-json\/wp\/v2\/posts\/2327\/revisions"}],"predecessor-version":[{"id":2330,"href":"https:\/\/wp.ufpel.edu.br\/petartesvisuais\/wp-json\/wp\/v2\/posts\/2327\/revisions\/2330"}],"wp:featuredmedia":[{"embeddable":true,"href":"https:\/\/wp.ufpel.edu.br\/petartesvisuais\/wp-json\/wp\/v2\/media\/2328"}],"wp:attachment":[{"href":"https:\/\/wp.ufpel.edu.br\/petartesvisuais\/wp-json\/wp\/v2\/media?parent=2327"}],"wp:term":[{"taxonomy":"category","embeddable":true,"href":"https:\/\/wp.ufpel.edu.br\/petartesvisuais\/wp-json\/wp\/v2\/categories?post=2327"},{"taxonomy":"post_tag","embeddable":true,"href":"https:\/\/wp.ufpel.edu.br\/petartesvisuais\/wp-json\/wp\/v2\/tags?post=2327"}],"curies":[{"name":"wp","href":"https:\/\/api.w.org\/{rel}","templated":true}]}}