{"id":2233,"date":"2020-03-15T16:50:04","date_gmt":"2020-03-15T19:50:04","guid":{"rendered":"https:\/\/wp.ufpel.edu.br\/petartesvisuais\/?p=2233"},"modified":"2021-04-21T16:52:36","modified_gmt":"2021-04-21T19:52:36","slug":"expo-desfile-alfinetaco","status":"publish","type":"post","link":"https:\/\/wp.ufpel.edu.br\/petartesvisuais\/2020\/03\/15\/expo-desfile-alfinetaco\/","title":{"rendered":"Expo-desfile Alfinetasso"},"content":{"rendered":"<p><strong>Atividade no corredor 14, antes das restri\u00e7\u00f5es da Pandemia Covid 19<\/strong><\/p>\n<p style=\"text-align: justify\"><span style=\"font-weight: 400\">O Alfinetasso foi uma exposi\u00e7\u00e3o e desfile de arte contempor\u00e2nea, que emerge do pensar moda e arte de uma forma n\u00e3o tradicional, moldando outras vertentes que v\u00e3o al\u00e9m da passarela e do objeto expositivo. Produzindo em diferentes linguagens, como escultura, vestu\u00e1rio, objeto, v\u00eddeo e performance-desfile.<\/span><\/p>\n<p><span style=\"font-weight: 400\">Pensar o corpo como um dispositivo ativo, possibilitando uma alfinetada em tudo que se prende a padr\u00f5es, num molde onde existem tantas outras possibilidades.\u00a0<\/span><\/p>\n<p>Participaram dessa atividade; Matheus Matos, Amanda de Abreu, Luna Gir\u00e3o, Maria Sucar, Patr\u00edcia dos Santos, Jessica Porci\u00fancula, Nathalie Carvalho, Rogger Bandeira<\/p>\n<p>&nbsp;<\/p>\n\n\t\t<style type=\"text\/css\">\n\t\t\t#gallery-1 {\n\t\t\t\tmargin: auto;\n\t\t\t}\n\t\t\t#gallery-1 .gallery-item {\n\t\t\t\tfloat: left;\n\t\t\t\tmargin-top: 10px;\n\t\t\t\ttext-align: center;\n\t\t\t\twidth: 33%;\n\t\t\t}\n\t\t\t#gallery-1 img {\n\t\t\t\tborder: 2px solid #cfcfcf;\n\t\t\t}\n\t\t\t#gallery-1 .gallery-caption {\n\t\t\t\tmargin-left: 0;\n\t\t\t}\n\t\t\t\/* see gallery_shortcode() in wp-includes\/media.php *\/\n\t\t<\/style>\n\t\t<div id='gallery-1' class='gallery galleryid-2233 gallery-columns-3 gallery-size-large'><dl class='gallery-item'>\n\t\t\t<dt class='gallery-icon portrait'>\n\t\t\t\t<a href='https:\/\/wp.ufpel.edu.br\/petartesvisuais\/2020\/03\/15\/expo-desfile-alfinetaco\/screenshot_20210421-163228\/'><img loading=\"lazy\" decoding=\"async\" width=\"576\" height=\"1024\" src=\"https:\/\/wp.ufpel.edu.br\/petartesvisuais\/files\/2021\/04\/Screenshot_20210421-163228-576x1024.jpg\" class=\"attachment-large size-large\" alt=\"\" srcset=\"https:\/\/wp.ufpel.edu.br\/petartesvisuais\/files\/2021\/04\/Screenshot_20210421-163228-576x1024.jpg 576w, https:\/\/wp.ufpel.edu.br\/petartesvisuais\/files\/2021\/04\/Screenshot_20210421-163228-225x400.jpg 225w, https:\/\/wp.ufpel.edu.br\/petartesvisuais\/files\/2021\/04\/Screenshot_20210421-163228.jpg 720w\" sizes=\"auto, (max-width: 576px) 100vw, 576px\" \/><\/a>\n\t\t\t<\/dt><\/dl><dl class='gallery-item'>\n\t\t\t<dt class='gallery-icon portrait'>\n\t\t\t\t<a href='https:\/\/wp.ufpel.edu.br\/petartesvisuais\/2020\/03\/15\/expo-desfile-alfinetaco\/screenshot_20210421-163238\/'><img loading=\"lazy\" decoding=\"async\" width=\"576\" height=\"1024\" src=\"https:\/\/wp.ufpel.edu.br\/petartesvisuais\/files\/2021\/04\/Screenshot_20210421-163238-576x1024.jpg\" class=\"attachment-large size-large\" alt=\"\" srcset=\"https:\/\/wp.ufpel.edu.br\/petartesvisuais\/files\/2021\/04\/Screenshot_20210421-163238-576x1024.jpg 576w, https:\/\/wp.ufpel.edu.br\/petartesvisuais\/files\/2021\/04\/Screenshot_20210421-163238-225x400.jpg 225w, https:\/\/wp.ufpel.edu.br\/petartesvisuais\/files\/2021\/04\/Screenshot_20210421-163238.jpg 720w\" sizes=\"auto, (max-width: 576px) 100vw, 576px\" \/><\/a>\n\t\t\t<\/dt><\/dl><dl class='gallery-item'>\n\t\t\t<dt class='gallery-icon portrait'>\n\t\t\t\t<a href='https:\/\/wp.ufpel.edu.br\/petartesvisuais\/2020\/03\/15\/expo-desfile-alfinetaco\/screenshot_20210421-163252\/'><img loading=\"lazy\" decoding=\"async\" width=\"576\" height=\"1024\" src=\"https:\/\/wp.ufpel.edu.br\/petartesvisuais\/files\/2021\/04\/Screenshot_20210421-163252-576x1024.jpg\" class=\"attachment-large size-large\" alt=\"\" srcset=\"https:\/\/wp.ufpel.edu.br\/petartesvisuais\/files\/2021\/04\/Screenshot_20210421-163252-576x1024.jpg 576w, https:\/\/wp.ufpel.edu.br\/petartesvisuais\/files\/2021\/04\/Screenshot_20210421-163252-225x400.jpg 225w, https:\/\/wp.ufpel.edu.br\/petartesvisuais\/files\/2021\/04\/Screenshot_20210421-163252.jpg 720w\" sizes=\"auto, (max-width: 576px) 100vw, 576px\" \/><\/a>\n\t\t\t<\/dt><\/dl><br style=\"clear: both\" \/>\n\t\t<\/div>\n\n","protected":false},"excerpt":{"rendered":"<p>Atividade no corredor 14, antes das restri\u00e7\u00f5es da Pandemia Covid 19 O Alfinetasso foi uma exposi\u00e7\u00e3o e desfile de arte contempor\u00e2nea, que emerge do pensar moda e arte de uma forma n\u00e3o tradicional, moldando outras vertentes que v\u00e3o al\u00e9m da passarela e do objeto expositivo. Produzindo em diferentes linguagens, como escultura, vestu\u00e1rio, objeto, v\u00eddeo e [&hellip;]<\/p>\n","protected":false},"author":557,"featured_media":2237,"comment_status":"closed","ping_status":"closed","sticky":false,"template":"","format":"standard","meta":{"jetpack_post_was_ever_published":false,"_jetpack_newsletter_access":"","_jetpack_dont_email_post_to_subs":false,"_jetpack_newsletter_tier_id":0,"_jetpack_memberships_contains_paywalled_content":false,"_jetpack_memberships_contains_paid_content":false,"footnotes":"","jetpack_publicize_message":"","jetpack_publicize_feature_enabled":true,"jetpack_social_post_already_shared":true,"jetpack_social_options":{"image_generator_settings":{"template":"highway","default_image_id":0,"font":"","enabled":false},"version":2}},"categories":[1],"tags":[],"class_list":["post-2233","post","type-post","status-publish","format-standard","has-post-thumbnail","hentry","category-noticias"],"jetpack_publicize_connections":[],"jetpack_featured_media_url":"https:\/\/wp.ufpel.edu.br\/petartesvisuais\/files\/2021\/04\/89034331_118721086377682_6225470845473521664_n.jpg","jetpack_sharing_enabled":true,"_links":{"self":[{"href":"https:\/\/wp.ufpel.edu.br\/petartesvisuais\/wp-json\/wp\/v2\/posts\/2233","targetHints":{"allow":["GET"]}}],"collection":[{"href":"https:\/\/wp.ufpel.edu.br\/petartesvisuais\/wp-json\/wp\/v2\/posts"}],"about":[{"href":"https:\/\/wp.ufpel.edu.br\/petartesvisuais\/wp-json\/wp\/v2\/types\/post"}],"author":[{"embeddable":true,"href":"https:\/\/wp.ufpel.edu.br\/petartesvisuais\/wp-json\/wp\/v2\/users\/557"}],"replies":[{"embeddable":true,"href":"https:\/\/wp.ufpel.edu.br\/petartesvisuais\/wp-json\/wp\/v2\/comments?post=2233"}],"version-history":[{"count":3,"href":"https:\/\/wp.ufpel.edu.br\/petartesvisuais\/wp-json\/wp\/v2\/posts\/2233\/revisions"}],"predecessor-version":[{"id":2240,"href":"https:\/\/wp.ufpel.edu.br\/petartesvisuais\/wp-json\/wp\/v2\/posts\/2233\/revisions\/2240"}],"wp:featuredmedia":[{"embeddable":true,"href":"https:\/\/wp.ufpel.edu.br\/petartesvisuais\/wp-json\/wp\/v2\/media\/2237"}],"wp:attachment":[{"href":"https:\/\/wp.ufpel.edu.br\/petartesvisuais\/wp-json\/wp\/v2\/media?parent=2233"}],"wp:term":[{"taxonomy":"category","embeddable":true,"href":"https:\/\/wp.ufpel.edu.br\/petartesvisuais\/wp-json\/wp\/v2\/categories?post=2233"},{"taxonomy":"post_tag","embeddable":true,"href":"https:\/\/wp.ufpel.edu.br\/petartesvisuais\/wp-json\/wp\/v2\/tags?post=2233"}],"curies":[{"name":"wp","href":"https:\/\/api.w.org\/{rel}","templated":true}]}}