{"id":2081,"date":"2020-12-17T10:18:52","date_gmt":"2020-12-17T13:18:52","guid":{"rendered":"https:\/\/wp.ufpel.edu.br\/petartesvisuais\/?p=2081"},"modified":"2021-01-18T08:27:13","modified_gmt":"2021-01-18T11:27:13","slug":"parceria-com-o-geemin-educacao-arte-musica-e-deficiencia-processos-de-inclusao","status":"publish","type":"post","link":"https:\/\/wp.ufpel.edu.br\/petartesvisuais\/2020\/12\/17\/parceria-com-o-geemin-educacao-arte-musica-e-deficiencia-processos-de-inclusao\/","title":{"rendered":"Parceria com o GEEMIN &#8211; Grupo de estudos em educa\u00e7\u00e3o musical e inclus\u00e3o"},"content":{"rendered":"<p style=\"text-align: justify\">O projeto Geemin entrou em contato com o PET Artes propondo um parceria e o petiano Matheus Matos assumiu o compromisso de criar um logo para o projeto e tamb\u00e9m desenvolver uma identidade visual.<\/p>\n<p style=\"text-align: justify\"><span style=\"font-weight: 400\">O petiano ap\u00f3s algumas reuni\u00f5es com os integrantes do grupo concebeu um logotipo que traga consigo elementos fundamentais para o Grupo de Estudos em Educa\u00e7\u00e3o Musical e Inclus\u00e3o. O petiano tamb\u00e9m ficou respons\u00e1vel por criar um material gr\u00e1fico que apresentasse o projeto, e atuou como organizador <\/span>\u00a0do I Semin\u00e1rio GEEMIN &#8211; <span style=\"font-weight: 400\">Educa\u00e7\u00e3o, Arte, M\u00fasica e Defici\u00eancia &#8211; Processos de Inclus\u00e3o.<\/span><\/p>\n\n\t\t<style type=\"text\/css\">\n\t\t\t#gallery-1 {\n\t\t\t\tmargin: auto;\n\t\t\t}\n\t\t\t#gallery-1 .gallery-item {\n\t\t\t\tfloat: left;\n\t\t\t\tmargin-top: 10px;\n\t\t\t\ttext-align: center;\n\t\t\t\twidth: 50%;\n\t\t\t}\n\t\t\t#gallery-1 img {\n\t\t\t\tborder: 2px solid #cfcfcf;\n\t\t\t}\n\t\t\t#gallery-1 .gallery-caption {\n\t\t\t\tmargin-left: 0;\n\t\t\t}\n\t\t\t\/* see gallery_shortcode() in wp-includes\/media.php *\/\n\t\t<\/style>\n\t\t<div id='gallery-1' class='gallery galleryid-2081 gallery-columns-2 gallery-size-medium'><dl class='gallery-item'>\n\t\t\t<dt class='gallery-icon landscape'>\n\t\t\t\t<a href='https:\/\/wp.ufpel.edu.br\/petartesvisuais\/2020\/12\/17\/parceria-com-o-geemin-educacao-arte-musica-e-deficiencia-processos-de-inclusao\/1-4\/'><img loading=\"lazy\" decoding=\"async\" width=\"400\" height=\"400\" src=\"https:\/\/wp.ufpel.edu.br\/petartesvisuais\/files\/2021\/01\/1-400x400.png\" class=\"attachment-medium size-medium\" alt=\"\" srcset=\"https:\/\/wp.ufpel.edu.br\/petartesvisuais\/files\/2021\/01\/1-400x400.png 400w, https:\/\/wp.ufpel.edu.br\/petartesvisuais\/files\/2021\/01\/1-1024x1024.png 1024w, https:\/\/wp.ufpel.edu.br\/petartesvisuais\/files\/2021\/01\/1-200x200.png 200w, https:\/\/wp.ufpel.edu.br\/petartesvisuais\/files\/2021\/01\/1-768x768.png 768w, https:\/\/wp.ufpel.edu.br\/petartesvisuais\/files\/2021\/01\/1-88x88.png 88w, https:\/\/wp.ufpel.edu.br\/petartesvisuais\/files\/2021\/01\/1-816x816.png 816w, https:\/\/wp.ufpel.edu.br\/petartesvisuais\/files\/2021\/01\/1.png 1275w\" sizes=\"auto, (max-width: 400px) 100vw, 400px\" \/><\/a>\n\t\t\t<\/dt><\/dl><dl class='gallery-item'>\n\t\t\t<dt class='gallery-icon landscape'>\n\t\t\t\t<a href='https:\/\/wp.ufpel.edu.br\/petartesvisuais\/2020\/12\/17\/parceria-com-o-geemin-educacao-arte-musica-e-deficiencia-processos-de-inclusao\/2-6\/'><img loading=\"lazy\" decoding=\"async\" width=\"400\" height=\"400\" src=\"https:\/\/wp.ufpel.edu.br\/petartesvisuais\/files\/2021\/01\/2-400x400.png\" class=\"attachment-medium size-medium\" alt=\"\" srcset=\"https:\/\/wp.ufpel.edu.br\/petartesvisuais\/files\/2021\/01\/2-400x400.png 400w, https:\/\/wp.ufpel.edu.br\/petartesvisuais\/files\/2021\/01\/2-1024x1024.png 1024w, https:\/\/wp.ufpel.edu.br\/petartesvisuais\/files\/2021\/01\/2-200x200.png 200w, https:\/\/wp.ufpel.edu.br\/petartesvisuais\/files\/2021\/01\/2-768x768.png 768w, https:\/\/wp.ufpel.edu.br\/petartesvisuais\/files\/2021\/01\/2-88x88.png 88w, https:\/\/wp.ufpel.edu.br\/petartesvisuais\/files\/2021\/01\/2-816x816.png 816w, https:\/\/wp.ufpel.edu.br\/petartesvisuais\/files\/2021\/01\/2.png 1275w\" sizes=\"auto, (max-width: 400px) 100vw, 400px\" \/><\/a>\n\t\t\t<\/dt><\/dl><br style=\"clear: both\" \/><dl class='gallery-item'>\n\t\t\t<dt class='gallery-icon landscape'>\n\t\t\t\t<a href='https:\/\/wp.ufpel.edu.br\/petartesvisuais\/2020\/12\/17\/parceria-com-o-geemin-educacao-arte-musica-e-deficiencia-processos-de-inclusao\/4-2\/'><img loading=\"lazy\" decoding=\"async\" width=\"400\" height=\"400\" src=\"https:\/\/wp.ufpel.edu.br\/petartesvisuais\/files\/2021\/01\/4-400x400.png\" class=\"attachment-medium size-medium\" alt=\"\" srcset=\"https:\/\/wp.ufpel.edu.br\/petartesvisuais\/files\/2021\/01\/4-400x400.png 400w, https:\/\/wp.ufpel.edu.br\/petartesvisuais\/files\/2021\/01\/4-1024x1024.png 1024w, https:\/\/wp.ufpel.edu.br\/petartesvisuais\/files\/2021\/01\/4-200x200.png 200w, https:\/\/wp.ufpel.edu.br\/petartesvisuais\/files\/2021\/01\/4-768x768.png 768w, https:\/\/wp.ufpel.edu.br\/petartesvisuais\/files\/2021\/01\/4-88x88.png 88w, https:\/\/wp.ufpel.edu.br\/petartesvisuais\/files\/2021\/01\/4-816x816.png 816w, https:\/\/wp.ufpel.edu.br\/petartesvisuais\/files\/2021\/01\/4.png 1275w\" sizes=\"auto, (max-width: 400px) 100vw, 400px\" \/><\/a>\n\t\t\t<\/dt><\/dl><dl class='gallery-item'>\n\t\t\t<dt class='gallery-icon landscape'>\n\t\t\t\t<a href='https:\/\/wp.ufpel.edu.br\/petartesvisuais\/2020\/12\/17\/parceria-com-o-geemin-educacao-arte-musica-e-deficiencia-processos-de-inclusao\/attachment\/5\/'><img loading=\"lazy\" decoding=\"async\" width=\"400\" height=\"400\" src=\"https:\/\/wp.ufpel.edu.br\/petartesvisuais\/files\/2021\/01\/5-400x400.png\" class=\"attachment-medium size-medium\" alt=\"\" srcset=\"https:\/\/wp.ufpel.edu.br\/petartesvisuais\/files\/2021\/01\/5-400x400.png 400w, https:\/\/wp.ufpel.edu.br\/petartesvisuais\/files\/2021\/01\/5-1024x1024.png 1024w, https:\/\/wp.ufpel.edu.br\/petartesvisuais\/files\/2021\/01\/5-200x200.png 200w, https:\/\/wp.ufpel.edu.br\/petartesvisuais\/files\/2021\/01\/5-768x768.png 768w, https:\/\/wp.ufpel.edu.br\/petartesvisuais\/files\/2021\/01\/5-88x88.png 88w, https:\/\/wp.ufpel.edu.br\/petartesvisuais\/files\/2021\/01\/5-816x816.png 816w, https:\/\/wp.ufpel.edu.br\/petartesvisuais\/files\/2021\/01\/5.png 1275w\" sizes=\"auto, (max-width: 400px) 100vw, 400px\" \/><\/a>\n\t\t\t<\/dt><\/dl><br style=\"clear: both\" \/>\n\t\t<\/div>\n\n<p>\u00c9 poss\u00edvel conhecer mais sobre o projeto acessando\u00a0 o instagram <a href=\"https:\/\/www.instagram.com\/geemin_ufpel\/\">@geemin_ufpel<\/a><\/p>\n","protected":false},"excerpt":{"rendered":"<p>O projeto Geemin entrou em contato com o PET Artes propondo um parceria e o petiano Matheus Matos assumiu o compromisso de criar um logo para o projeto e tamb\u00e9m desenvolver uma identidade visual. O petiano ap\u00f3s algumas reuni\u00f5es com os integrantes do grupo concebeu um logotipo que traga consigo elementos fundamentais para o Grupo [&hellip;]<\/p>\n","protected":false},"author":557,"featured_media":2083,"comment_status":"closed","ping_status":"closed","sticky":false,"template":"","format":"standard","meta":{"jetpack_post_was_ever_published":false,"_jetpack_newsletter_access":"","_jetpack_dont_email_post_to_subs":false,"_jetpack_newsletter_tier_id":0,"_jetpack_memberships_contains_paywalled_content":false,"_jetpack_memberships_contains_paid_content":false,"footnotes":"","jetpack_publicize_message":"","jetpack_publicize_feature_enabled":true,"jetpack_social_post_already_shared":true,"jetpack_social_options":{"image_generator_settings":{"template":"highway","default_image_id":0,"font":"","enabled":false},"version":2}},"categories":[1],"tags":[],"class_list":["post-2081","post","type-post","status-publish","format-standard","has-post-thumbnail","hentry","category-noticias"],"jetpack_publicize_connections":[],"jetpack_featured_media_url":"https:\/\/wp.ufpel.edu.br\/petartesvisuais\/files\/2021\/01\/6.png","jetpack_sharing_enabled":true,"_links":{"self":[{"href":"https:\/\/wp.ufpel.edu.br\/petartesvisuais\/wp-json\/wp\/v2\/posts\/2081","targetHints":{"allow":["GET"]}}],"collection":[{"href":"https:\/\/wp.ufpel.edu.br\/petartesvisuais\/wp-json\/wp\/v2\/posts"}],"about":[{"href":"https:\/\/wp.ufpel.edu.br\/petartesvisuais\/wp-json\/wp\/v2\/types\/post"}],"author":[{"embeddable":true,"href":"https:\/\/wp.ufpel.edu.br\/petartesvisuais\/wp-json\/wp\/v2\/users\/557"}],"replies":[{"embeddable":true,"href":"https:\/\/wp.ufpel.edu.br\/petartesvisuais\/wp-json\/wp\/v2\/comments?post=2081"}],"version-history":[{"count":8,"href":"https:\/\/wp.ufpel.edu.br\/petartesvisuais\/wp-json\/wp\/v2\/posts\/2081\/revisions"}],"predecessor-version":[{"id":2137,"href":"https:\/\/wp.ufpel.edu.br\/petartesvisuais\/wp-json\/wp\/v2\/posts\/2081\/revisions\/2137"}],"wp:featuredmedia":[{"embeddable":true,"href":"https:\/\/wp.ufpel.edu.br\/petartesvisuais\/wp-json\/wp\/v2\/media\/2083"}],"wp:attachment":[{"href":"https:\/\/wp.ufpel.edu.br\/petartesvisuais\/wp-json\/wp\/v2\/media?parent=2081"}],"wp:term":[{"taxonomy":"category","embeddable":true,"href":"https:\/\/wp.ufpel.edu.br\/petartesvisuais\/wp-json\/wp\/v2\/categories?post=2081"},{"taxonomy":"post_tag","embeddable":true,"href":"https:\/\/wp.ufpel.edu.br\/petartesvisuais\/wp-json\/wp\/v2\/tags?post=2081"}],"curies":[{"name":"wp","href":"https:\/\/api.w.org\/{rel}","templated":true}]}}