{"id":2063,"date":"2020-12-17T09:21:57","date_gmt":"2020-12-17T12:21:57","guid":{"rendered":"https:\/\/wp.ufpel.edu.br\/petartesvisuais\/?p=2063"},"modified":"2021-01-17T11:19:03","modified_gmt":"2021-01-17T14:19:03","slug":"exposicao-virtual-ensaio-para-amanha","status":"publish","type":"post","link":"https:\/\/wp.ufpel.edu.br\/petartesvisuais\/2020\/12\/17\/exposicao-virtual-ensaio-para-amanha\/","title":{"rendered":"Exposi\u00e7\u00e3o Virtual &#8211; Ensaio para Amanh\u00e3."},"content":{"rendered":"<p style=\"font-weight: 400\"><b><strong>Texto curatorial<\/strong><\/b><\/p>\n<p style=\"font-weight: 400;text-align: justify\">Em um contexto onde o nosso v\u00ednculo com a realidade est\u00e1 mediado por uma sucess\u00e3o de enquadramentos, se torna necess\u00e1rio o exerc\u00edcio de percep\u00e7\u00e3o diante de sua presen\u00e7a, observando a influ\u00eancia que ela exerce na rela\u00e7\u00e3o entre o sujeito e o ambiente. Se por um lado o homem \u00e9 um ser social e portanto \u00e9 da sua natureza reivindicar o encontro, por outro a dist\u00e2ncia lhe d\u00e1 a chance de sobrevoar as suas experi\u00eancias a partir da evoca\u00e7\u00e3o de lembran\u00e7as e registros do que se viveu ou se deseja viver um dia.<\/p>\n<p style=\"font-weight: 400;text-align: justify\">Longe de procurar delinear um cen\u00e1rio ideal, dividimos a exposi\u00e7\u00e3o em blocos de assunto no intuito de pensar o ensaio visual como uma possibilidade de olhar para algumas camadas de confronto com o real tendo como mote a rela\u00e7\u00e3o do indiv\u00edduo com a natureza e com a cidade atrav\u00e9s da singularidade de cada trabalho.<\/p>\n<p style=\"font-weight: 400;text-align: justify\">Esta exposi\u00e7\u00e3o \u00e9 um convite a nos apropriamos da rede social como um espa\u00e7o pr\u00f3prio de representa\u00e7\u00f5es e criador de realidades, mas tamb\u00e9m como ambiente potente de conex\u00e3o, circula\u00e7\u00e3o e encontro que permite a partilha da ambi\u00e7\u00e3o de um amanh\u00e3 poss\u00edvel.<\/p>\n\n\t\t<style type=\"text\/css\">\n\t\t\t#gallery-1 {\n\t\t\t\tmargin: auto;\n\t\t\t}\n\t\t\t#gallery-1 .gallery-item {\n\t\t\t\tfloat: left;\n\t\t\t\tmargin-top: 10px;\n\t\t\t\ttext-align: center;\n\t\t\t\twidth: 50%;\n\t\t\t}\n\t\t\t#gallery-1 img {\n\t\t\t\tborder: 2px solid #cfcfcf;\n\t\t\t}\n\t\t\t#gallery-1 .gallery-caption {\n\t\t\t\tmargin-left: 0;\n\t\t\t}\n\t\t\t\/* see gallery_shortcode() in wp-includes\/media.php *\/\n\t\t<\/style>\n\t\t<div id='gallery-1' class='gallery galleryid-2063 gallery-columns-2 gallery-size-medium'><dl class='gallery-item'>\n\t\t\t<dt class='gallery-icon portrait'>\n\t\t\t\t<a href='https:\/\/wp.ufpel.edu.br\/petartesvisuais\/2020\/12\/17\/exposicao-virtual-ensaio-para-amanha\/1-3\/'><img loading=\"lazy\" decoding=\"async\" width=\"259\" height=\"400\" src=\"https:\/\/wp.ufpel.edu.br\/petartesvisuais\/files\/2021\/01\/1-259x400.jpg\" class=\"attachment-medium size-medium\" alt=\"\" srcset=\"https:\/\/wp.ufpel.edu.br\/petartesvisuais\/files\/2021\/01\/1-259x400.jpg 259w, https:\/\/wp.ufpel.edu.br\/petartesvisuais\/files\/2021\/01\/1-663x1024.jpg 663w, https:\/\/wp.ufpel.edu.br\/petartesvisuais\/files\/2021\/01\/1.jpg 715w\" sizes=\"auto, (max-width: 259px) 100vw, 259px\" \/><\/a>\n\t\t\t<\/dt><\/dl><dl class='gallery-item'>\n\t\t\t<dt class='gallery-icon portrait'>\n\t\t\t\t<a href='https:\/\/wp.ufpel.edu.br\/petartesvisuais\/2020\/12\/17\/exposicao-virtual-ensaio-para-amanha\/2-5\/'><img loading=\"lazy\" decoding=\"async\" width=\"258\" height=\"400\" src=\"https:\/\/wp.ufpel.edu.br\/petartesvisuais\/files\/2021\/01\/2-258x400.jpg\" class=\"attachment-medium size-medium\" alt=\"\" srcset=\"https:\/\/wp.ufpel.edu.br\/petartesvisuais\/files\/2021\/01\/2-258x400.jpg 258w, https:\/\/wp.ufpel.edu.br\/petartesvisuais\/files\/2021\/01\/2-660x1024.jpg 660w, https:\/\/wp.ufpel.edu.br\/petartesvisuais\/files\/2021\/01\/2.jpg 715w\" sizes=\"auto, (max-width: 258px) 100vw, 258px\" \/><\/a>\n\t\t\t<\/dt><\/dl><br style=\"clear: both\" \/><dl class='gallery-item'>\n\t\t\t<dt class='gallery-icon portrait'>\n\t\t\t\t<a href='https:\/\/wp.ufpel.edu.br\/petartesvisuais\/2020\/12\/17\/exposicao-virtual-ensaio-para-amanha\/3-4\/'><img loading=\"lazy\" decoding=\"async\" width=\"256\" height=\"400\" src=\"https:\/\/wp.ufpel.edu.br\/petartesvisuais\/files\/2021\/01\/3-256x400.jpg\" class=\"attachment-medium size-medium\" alt=\"\" srcset=\"https:\/\/wp.ufpel.edu.br\/petartesvisuais\/files\/2021\/01\/3-256x400.jpg 256w, https:\/\/wp.ufpel.edu.br\/petartesvisuais\/files\/2021\/01\/3-655x1024.jpg 655w, https:\/\/wp.ufpel.edu.br\/petartesvisuais\/files\/2021\/01\/3.jpg 712w\" sizes=\"auto, (max-width: 256px) 100vw, 256px\" \/><\/a>\n\t\t\t<\/dt><\/dl><dl class='gallery-item'>\n\t\t\t<dt class='gallery-icon portrait'>\n\t\t\t\t<a href='https:\/\/wp.ufpel.edu.br\/petartesvisuais\/2020\/12\/17\/exposicao-virtual-ensaio-para-amanha\/attachment\/4\/'><img loading=\"lazy\" decoding=\"async\" width=\"258\" height=\"400\" src=\"https:\/\/wp.ufpel.edu.br\/petartesvisuais\/files\/2021\/01\/4-258x400.jpg\" class=\"attachment-medium size-medium\" alt=\"\" srcset=\"https:\/\/wp.ufpel.edu.br\/petartesvisuais\/files\/2021\/01\/4-258x400.jpg 258w, https:\/\/wp.ufpel.edu.br\/petartesvisuais\/files\/2021\/01\/4-661x1024.jpg 661w, https:\/\/wp.ufpel.edu.br\/petartesvisuais\/files\/2021\/01\/4.jpg 714w\" sizes=\"auto, (max-width: 258px) 100vw, 258px\" \/><\/a>\n\t\t\t<\/dt><\/dl><br style=\"clear: both\" \/>\n\t\t<\/div>\n\n<p style=\"font-weight: 400\"><b><strong>Artistas<\/strong><\/b><\/p>\n<p style=\"font-weight: 400\"><span style=\"font-weight: 400\">Afrokaliptico<\/span><\/p>\n<p style=\"font-weight: 400\"><span style=\"font-weight: 400\">Coletivo N\u00f4made<\/span><\/p>\n<p style=\"font-weight: 400\"><span style=\"font-weight: 400\">Gabriela Costa<\/span><\/p>\n<p style=\"font-weight: 400\"><span style=\"font-weight: 400\">Humberto o filho<\/span><\/p>\n<p style=\"font-weight: 400\"><span style=\"font-weight: 400\">Jessica Porciuncula<\/span><\/p>\n<p style=\"font-weight: 400\"><span style=\"font-weight: 400\">Mariana Medeiros<\/span><\/p>\n<p style=\"font-weight: 400\"><span style=\"font-weight: 400\">Niara Mackert<\/span><\/p>\n<p style=\"font-weight: 400\"><span style=\"font-weight: 400\">Rogger Bandeira<\/span><\/p>\n<p style=\"font-weight: 400\"><span style=\"font-weight: 400\">Steph Lotus<\/span><\/p>\n<p style=\"font-weight: 400\">Tais Beltrame dos Santos<\/p>\n<p style=\"font-weight: 400\"><b><strong>Artistas convidados<\/strong><\/b><\/p>\n<p style=\"font-weight: 400\"><span style=\"font-weight: 400\">Alice Monsell<\/span><\/p>\n<p style=\"font-weight: 400\"><span style=\"font-weight: 400\">\u00c2ngela Pohlmann<\/span><\/p>\n<p style=\"font-weight: 400\"><span style=\"font-weight: 400\">Ang\u00e9lica Marques<\/span><\/p>\n<p style=\"font-weight: 400\"><span style=\"font-weight: 400\">Claudia Brand\u00e3o<\/span><\/p>\n<p style=\"font-weight: 400\"><span style=\"font-weight: 400\">Claudio Azevedo<\/span><\/p>\n<p style=\"font-weight: 400\"><span style=\"font-weight: 400\">Paulo Dam\u00e9<\/span><\/p>\n<p style=\"font-weight: 400\"><b><strong>Comiss\u00e3o curatorial<\/strong><\/b><b><strong><br \/>\n<\/strong><\/b><\/p>\n<p style=\"font-weight: 400\">Daniel Higa<\/p>\n<p style=\"font-weight: 400\">Gabriela Cunha<\/p>\n<p style=\"font-weight: 400\">Karina Nascimento<\/p>\n","protected":false},"excerpt":{"rendered":"<p>Texto curatorial Em um contexto onde o nosso v\u00ednculo com a realidade est\u00e1 mediado por uma sucess\u00e3o de enquadramentos, se torna necess\u00e1rio o exerc\u00edcio de percep\u00e7\u00e3o diante de sua presen\u00e7a, observando a influ\u00eancia que ela exerce na rela\u00e7\u00e3o entre o sujeito e o ambiente. Se por um lado o homem \u00e9 um ser social e [&hellip;]<\/p>\n","protected":false},"author":557,"featured_media":1817,"comment_status":"closed","ping_status":"closed","sticky":false,"template":"","format":"standard","meta":{"jetpack_post_was_ever_published":false,"_jetpack_newsletter_access":"","_jetpack_dont_email_post_to_subs":false,"_jetpack_newsletter_tier_id":0,"_jetpack_memberships_contains_paywalled_content":false,"_jetpack_memberships_contains_paid_content":false,"footnotes":"","jetpack_publicize_message":"","jetpack_publicize_feature_enabled":true,"jetpack_social_post_already_shared":true,"jetpack_social_options":{"image_generator_settings":{"template":"highway","default_image_id":0,"font":"","enabled":false},"version":2}},"categories":[1],"tags":[],"class_list":["post-2063","post","type-post","status-publish","format-standard","has-post-thumbnail","hentry","category-noticias"],"jetpack_publicize_connections":[],"jetpack_featured_media_url":"https:\/\/wp.ufpel.edu.br\/petartesvisuais\/files\/2020\/11\/Screenshot_20201130-205617_1.jpg","jetpack_sharing_enabled":true,"_links":{"self":[{"href":"https:\/\/wp.ufpel.edu.br\/petartesvisuais\/wp-json\/wp\/v2\/posts\/2063","targetHints":{"allow":["GET"]}}],"collection":[{"href":"https:\/\/wp.ufpel.edu.br\/petartesvisuais\/wp-json\/wp\/v2\/posts"}],"about":[{"href":"https:\/\/wp.ufpel.edu.br\/petartesvisuais\/wp-json\/wp\/v2\/types\/post"}],"author":[{"embeddable":true,"href":"https:\/\/wp.ufpel.edu.br\/petartesvisuais\/wp-json\/wp\/v2\/users\/557"}],"replies":[{"embeddable":true,"href":"https:\/\/wp.ufpel.edu.br\/petartesvisuais\/wp-json\/wp\/v2\/comments?post=2063"}],"version-history":[{"count":1,"href":"https:\/\/wp.ufpel.edu.br\/petartesvisuais\/wp-json\/wp\/v2\/posts\/2063\/revisions"}],"predecessor-version":[{"id":2069,"href":"https:\/\/wp.ufpel.edu.br\/petartesvisuais\/wp-json\/wp\/v2\/posts\/2063\/revisions\/2069"}],"wp:featuredmedia":[{"embeddable":true,"href":"https:\/\/wp.ufpel.edu.br\/petartesvisuais\/wp-json\/wp\/v2\/media\/1817"}],"wp:attachment":[{"href":"https:\/\/wp.ufpel.edu.br\/petartesvisuais\/wp-json\/wp\/v2\/media?parent=2063"}],"wp:term":[{"taxonomy":"category","embeddable":true,"href":"https:\/\/wp.ufpel.edu.br\/petartesvisuais\/wp-json\/wp\/v2\/categories?post=2063"},{"taxonomy":"post_tag","embeddable":true,"href":"https:\/\/wp.ufpel.edu.br\/petartesvisuais\/wp-json\/wp\/v2\/tags?post=2063"}],"curies":[{"name":"wp","href":"https:\/\/api.w.org\/{rel}","templated":true}]}}