{"id":1971,"date":"2020-12-20T11:54:37","date_gmt":"2020-12-20T14:54:37","guid":{"rendered":"https:\/\/wp.ufpel.edu.br\/petartesvisuais\/?p=1971"},"modified":"2020-12-20T11:54:37","modified_gmt":"2020-12-20T14:54:37","slug":"podcast-forninho-projeto-forma","status":"publish","type":"post","link":"https:\/\/wp.ufpel.edu.br\/petartesvisuais\/2020\/12\/20\/podcast-forninho-projeto-forma\/","title":{"rendered":"Podcast Forninho &#8211; projeto forma"},"content":{"rendered":"<p style=\"text-align: justify\">Forninho \u00e9 um podcast vinculado ao projeto &#8216;Forma: espa\u00e7o de forma\u00e7\u00e3o ampliada&#8217;\u00a0 e busca dar visibilidade \u00e0 produ\u00e7\u00e3o de jovens artistas, at\u00e9 agora foram entrevistados os artistas: Jessica Porciuncula, Renan Soares, Arthur Cioffi, In\u00e1cio Rafaela, Eren Castelano e o pr\u00f3ximo entrevistado \u00e9 o artista Pedro Paiva. O primeiro epis\u00f3dio com a artista Jessica Porciuncula j\u00e1 est\u00e1 dispon\u00edvel no spotfy <a href=\"https:\/\/open.spotify.com\/show\/2499iNx3ccTbZ1JqqiSkeQ?si=RXyuXHUSQAunGCmLcQBLoA\">clicando aqui<\/a><\/p>\n<p><a href=\"https:\/\/wp.ufpel.edu.br\/petartesvisuais\/files\/2020\/11\/01-scaled.jpg\"><img loading=\"lazy\" decoding=\"async\" class=\"aligncenter size-medium wp-image-1834\" src=\"https:\/\/wp.ufpel.edu.br\/petartesvisuais\/files\/2020\/11\/01-400x400.jpg\" alt=\"\" width=\"400\" height=\"400\" srcset=\"https:\/\/wp.ufpel.edu.br\/petartesvisuais\/files\/2020\/11\/01-400x400.jpg 400w, https:\/\/wp.ufpel.edu.br\/petartesvisuais\/files\/2020\/11\/01-1024x1024.jpg 1024w, https:\/\/wp.ufpel.edu.br\/petartesvisuais\/files\/2020\/11\/01-200x200.jpg 200w, https:\/\/wp.ufpel.edu.br\/petartesvisuais\/files\/2020\/11\/01-768x768.jpg 768w, https:\/\/wp.ufpel.edu.br\/petartesvisuais\/files\/2020\/11\/01-1536x1536.jpg 1536w, https:\/\/wp.ufpel.edu.br\/petartesvisuais\/files\/2020\/11\/01-2048x2048.jpg 2048w, https:\/\/wp.ufpel.edu.br\/petartesvisuais\/files\/2020\/11\/01-88x88.jpg 88w, https:\/\/wp.ufpel.edu.br\/petartesvisuais\/files\/2020\/11\/01-816x816.jpg 816w\" sizes=\"auto, (max-width: 400px) 100vw, 400px\" \/><\/a><\/p>\n","protected":false},"excerpt":{"rendered":"<p>Forninho \u00e9 um podcast vinculado ao projeto &#8216;Forma: espa\u00e7o de forma\u00e7\u00e3o ampliada&#8217;\u00a0 e busca dar visibilidade \u00e0 produ\u00e7\u00e3o de jovens artistas, at\u00e9 agora foram entrevistados os artistas: Jessica Porciuncula, Renan Soares, Arthur Cioffi, In\u00e1cio Rafaela, Eren Castelano e o pr\u00f3ximo entrevistado \u00e9 o artista Pedro Paiva. O primeiro epis\u00f3dio com a artista Jessica Porciuncula j\u00e1 [&hellip;]<\/p>\n","protected":false},"author":557,"featured_media":1824,"comment_status":"closed","ping_status":"closed","sticky":false,"template":"","format":"standard","meta":{"jetpack_post_was_ever_published":false,"_jetpack_newsletter_access":"","_jetpack_dont_email_post_to_subs":false,"_jetpack_newsletter_tier_id":0,"_jetpack_memberships_contains_paywalled_content":false,"_jetpack_memberships_contains_paid_content":false,"footnotes":"","jetpack_publicize_message":"","jetpack_publicize_feature_enabled":true,"jetpack_social_post_already_shared":true,"jetpack_social_options":{"image_generator_settings":{"template":"highway","default_image_id":0,"font":"","enabled":false},"version":2}},"categories":[1],"tags":[],"class_list":["post-1971","post","type-post","status-publish","format-standard","has-post-thumbnail","hentry","category-noticias"],"jetpack_publicize_connections":[],"jetpack_featured_media_url":"https:\/\/wp.ufpel.edu.br\/petartesvisuais\/files\/2020\/11\/WhatsApp-Image-2020-11-21-at-17.16.26.jpeg","jetpack_sharing_enabled":true,"_links":{"self":[{"href":"https:\/\/wp.ufpel.edu.br\/petartesvisuais\/wp-json\/wp\/v2\/posts\/1971","targetHints":{"allow":["GET"]}}],"collection":[{"href":"https:\/\/wp.ufpel.edu.br\/petartesvisuais\/wp-json\/wp\/v2\/posts"}],"about":[{"href":"https:\/\/wp.ufpel.edu.br\/petartesvisuais\/wp-json\/wp\/v2\/types\/post"}],"author":[{"embeddable":true,"href":"https:\/\/wp.ufpel.edu.br\/petartesvisuais\/wp-json\/wp\/v2\/users\/557"}],"replies":[{"embeddable":true,"href":"https:\/\/wp.ufpel.edu.br\/petartesvisuais\/wp-json\/wp\/v2\/comments?post=1971"}],"version-history":[{"count":1,"href":"https:\/\/wp.ufpel.edu.br\/petartesvisuais\/wp-json\/wp\/v2\/posts\/1971\/revisions"}],"predecessor-version":[{"id":1973,"href":"https:\/\/wp.ufpel.edu.br\/petartesvisuais\/wp-json\/wp\/v2\/posts\/1971\/revisions\/1973"}],"wp:featuredmedia":[{"embeddable":true,"href":"https:\/\/wp.ufpel.edu.br\/petartesvisuais\/wp-json\/wp\/v2\/media\/1824"}],"wp:attachment":[{"href":"https:\/\/wp.ufpel.edu.br\/petartesvisuais\/wp-json\/wp\/v2\/media?parent=1971"}],"wp:term":[{"taxonomy":"category","embeddable":true,"href":"https:\/\/wp.ufpel.edu.br\/petartesvisuais\/wp-json\/wp\/v2\/categories?post=1971"},{"taxonomy":"post_tag","embeddable":true,"href":"https:\/\/wp.ufpel.edu.br\/petartesvisuais\/wp-json\/wp\/v2\/tags?post=1971"}],"curies":[{"name":"wp","href":"https:\/\/api.w.org\/{rel}","templated":true}]}}