{"id":352,"date":"2026-04-06T13:56:38","date_gmt":"2026-04-06T16:56:38","guid":{"rendered":"https:\/\/wp.ufpel.edu.br\/pesquisacidadesmedias\/?p=352"},"modified":"2026-04-27T20:31:51","modified_gmt":"2026-04-27T23:31:51","slug":"internacionalizacao-doutoranda-do-prograu-ufpel-e-integrante-da-pesquisa-cidades-medias-inicia-doutorado-sanduiche-na-universidade-do-porto-em-portugal","status":"publish","type":"post","link":"https:\/\/wp.ufpel.edu.br\/pesquisacidadesmedias\/2026\/04\/06\/internacionalizacao-doutoranda-do-prograu-ufpel-e-integrante-da-pesquisa-cidades-medias-inicia-doutorado-sanduiche-na-universidade-do-porto-em-portugal\/","title":{"rendered":"Internacionaliza\u00e7\u00e3o: doutoranda do PROGRAU\/UFPel e integrante da Pesquisa Cidades M\u00e9dias inicia doutorado sandu\u00edche na Universidade do Porto, em Portugal"},"content":{"rendered":"<p style=\"text-align: justify;\">Franciele Fraga Pereira, integrante da Pesquisa Cidades M\u00e9dias e doutoranda vinculada ao Programa de P\u00f3s-Gradua\u00e7\u00e3o em Arquitetura e Urbanismo da Universidade Federal de Pelotas (PROGRAU\/UFPel) sob orienta\u00e7\u00e3o da professora C\u00e9lia Gonsales,\u00a0 iniciou recentemente suas atividades de doutorado sandu\u00edche no Centro de Investiga\u00e7\u00e3o do Territ\u00f3rio, Transportes e Ambiente (CITTA), da Faculdade de Engenharia da Universidade do Porto (FEUP), em Portugal. Durante este per\u00edodo, a pesquisadora desenvolver\u00e1 parte de sua investiga\u00e7\u00e3o sob orienta\u00e7\u00e3o do professor V\u00edtor Oliveira, refer\u00eancia internacional nos estudos de morfologia urbana.<\/p>\n<p style=\"text-align: justify;\">O CITTA \u00e9 um centro de investiga\u00e7\u00e3o dedicado ao estudo do territ\u00f3rio, da mobilidade, do planejamento urbano e das din\u00e2micas de desenvolvimento urbano e regional, reunindo pesquisadores de diferentes \u00e1reas do conhecimento. A inser\u00e7\u00e3o nesse ambiente acad\u00eamico internacional proporciona importantes oportunidades de interc\u00e2mbio cient\u00edfico entre Brasil e Portugal, troca de experi\u00eancias e aprofundamento te\u00f3rico e metodol\u00f3gico relacionados ao campo da arquitetura e do urbanismo.<\/p>\n<p style=\"text-align: justify;\">A realiza\u00e7\u00e3o do est\u00e1gio de doutorado sandu\u00edche foi viabilizada por meio do Programa Institucional de Doutorado Sandu\u00edche no Exterior (PDSE), da Coordena\u00e7\u00e3o de Aperfei\u00e7oamento de Pessoal de N\u00edvel Superior (CAPES), conforme o Edital n\u00ba 17\/2025. A iniciativa tem como objetivo fomentar a internacionaliza\u00e7\u00e3o da pesquisa brasileira e fortalecer a forma\u00e7\u00e3o acad\u00eamica de pesquisadores em institui\u00e7\u00f5es de excel\u00eancia no exterior.<\/p>\n<p style=\"text-align: justify;\">Ao longo do per\u00edodo na Universidade do Porto, a doutoranda desenvolver\u00e1 atividades de pesquisa, participar\u00e1 de discuss\u00f5es acad\u00eamicas e ampliar\u00e1 o di\u00e1logo cient\u00edfico entre as institui\u00e7\u00f5es envolvidas, contribuindo para o avan\u00e7o das investiga\u00e7\u00f5es desenvolvidas no \u00e2mbito do Programa de P\u00f3s-Gradua\u00e7\u00e3o em Arquitetura e Urbanismo da UFPel.<\/p>\n<p><img loading=\"lazy\" decoding=\"async\" class=\"alignnone size-full wp-image-353\" src=\"https:\/\/wp.ufpel.edu.br\/pesquisacidadesmedias\/files\/2026\/04\/IMG_9905-scaled.jpg\" alt=\"A doutoranda Franciele Fraga Pereira.\" width=\"1920\" height=\"2560\" srcset=\"https:\/\/wp.ufpel.edu.br\/pesquisacidadesmedias\/files\/2026\/04\/IMG_9905-scaled.jpg 1920w, https:\/\/wp.ufpel.edu.br\/pesquisacidadesmedias\/files\/2026\/04\/IMG_9905-300x400.jpg 300w, https:\/\/wp.ufpel.edu.br\/pesquisacidadesmedias\/files\/2026\/04\/IMG_9905-768x1024.jpg 768w, https:\/\/wp.ufpel.edu.br\/pesquisacidadesmedias\/files\/2026\/04\/IMG_9905-1152x1536.jpg 1152w, https:\/\/wp.ufpel.edu.br\/pesquisacidadesmedias\/files\/2026\/04\/IMG_9905-1536x2048.jpg 1536w, https:\/\/wp.ufpel.edu.br\/pesquisacidadesmedias\/files\/2026\/04\/IMG_9905-1200x1600.jpg 1200w\" sizes=\"auto, (max-width: 709px) 85vw, (max-width: 909px) 67vw, (max-width: 1362px) 62vw, 840px\" \/><\/p>\n<p style=\"text-align: center;\"><img loading=\"lazy\" decoding=\"async\" class=\"alignnone size-full wp-image-354\" src=\"https:\/\/wp.ufpel.edu.br\/pesquisacidadesmedias\/files\/2026\/04\/WhatsApp-Image-2026-04-02-at-10.08.07.jpeg\" alt=\"\" width=\"1600\" height=\"900\" srcset=\"https:\/\/wp.ufpel.edu.br\/pesquisacidadesmedias\/files\/2026\/04\/WhatsApp-Image-2026-04-02-at-10.08.07.jpeg 1600w, https:\/\/wp.ufpel.edu.br\/pesquisacidadesmedias\/files\/2026\/04\/WhatsApp-Image-2026-04-02-at-10.08.07-400x225.jpeg 400w, https:\/\/wp.ufpel.edu.br\/pesquisacidadesmedias\/files\/2026\/04\/WhatsApp-Image-2026-04-02-at-10.08.07-1024x576.jpeg 1024w, https:\/\/wp.ufpel.edu.br\/pesquisacidadesmedias\/files\/2026\/04\/WhatsApp-Image-2026-04-02-at-10.08.07-768x432.jpeg 768w, https:\/\/wp.ufpel.edu.br\/pesquisacidadesmedias\/files\/2026\/04\/WhatsApp-Image-2026-04-02-at-10.08.07-1536x864.jpeg 1536w, https:\/\/wp.ufpel.edu.br\/pesquisacidadesmedias\/files\/2026\/04\/WhatsApp-Image-2026-04-02-at-10.08.07-1200x675.jpeg 1200w\" sizes=\"auto, (max-width: 709px) 85vw, (max-width: 909px) 67vw, (max-width: 1362px) 62vw, 840px\" \/><\/p>\n<p style=\"text-align: center;\">Imagens: Franciele Fraga Pereira<\/p>\n","protected":false},"excerpt":{"rendered":"<p>Franciele Fraga Pereira, integrante da Pesquisa Cidades M\u00e9dias e doutoranda vinculada ao Programa de P\u00f3s-Gradua\u00e7\u00e3o em Arquitetura e Urbanismo da Universidade Federal de Pelotas (PROGRAU\/UFPel) sob orienta\u00e7\u00e3o da professora C\u00e9lia Gonsales,\u00a0 iniciou recentemente suas atividades de doutorado sandu\u00edche no Centro de Investiga\u00e7\u00e3o do Territ\u00f3rio, Transportes e Ambiente (CITTA), da Faculdade de Engenharia da Universidade do &hellip; <a href=\"https:\/\/wp.ufpel.edu.br\/pesquisacidadesmedias\/2026\/04\/06\/internacionalizacao-doutoranda-do-prograu-ufpel-e-integrante-da-pesquisa-cidades-medias-inicia-doutorado-sanduiche-na-universidade-do-porto-em-portugal\/\" class=\"more-link\">Continue lendo<span class=\"screen-reader-text\"> &#8220;Internacionaliza\u00e7\u00e3o: doutoranda do PROGRAU\/UFPel e integrante da Pesquisa Cidades M\u00e9dias inicia doutorado sandu\u00edche na Universidade do Porto, em Portugal&#8221;<\/span><\/a><\/p>\n","protected":false},"author":1454,"featured_media":0,"comment_status":"closed","ping_status":"closed","sticky":false,"template":"","format":"standard","meta":{"footnotes":""},"categories":[1],"tags":[],"class_list":["post-352","post","type-post","status-publish","format-standard","hentry","category-noticias"],"jetpack_featured_media_url":"","_links":{"self":[{"href":"https:\/\/wp.ufpel.edu.br\/pesquisacidadesmedias\/wp-json\/wp\/v2\/posts\/352","targetHints":{"allow":["GET"]}}],"collection":[{"href":"https:\/\/wp.ufpel.edu.br\/pesquisacidadesmedias\/wp-json\/wp\/v2\/posts"}],"about":[{"href":"https:\/\/wp.ufpel.edu.br\/pesquisacidadesmedias\/wp-json\/wp\/v2\/types\/post"}],"author":[{"embeddable":true,"href":"https:\/\/wp.ufpel.edu.br\/pesquisacidadesmedias\/wp-json\/wp\/v2\/users\/1454"}],"replies":[{"embeddable":true,"href":"https:\/\/wp.ufpel.edu.br\/pesquisacidadesmedias\/wp-json\/wp\/v2\/comments?post=352"}],"version-history":[{"count":3,"href":"https:\/\/wp.ufpel.edu.br\/pesquisacidadesmedias\/wp-json\/wp\/v2\/posts\/352\/revisions"}],"predecessor-version":[{"id":422,"href":"https:\/\/wp.ufpel.edu.br\/pesquisacidadesmedias\/wp-json\/wp\/v2\/posts\/352\/revisions\/422"}],"wp:attachment":[{"href":"https:\/\/wp.ufpel.edu.br\/pesquisacidadesmedias\/wp-json\/wp\/v2\/media?parent=352"}],"wp:term":[{"taxonomy":"category","embeddable":true,"href":"https:\/\/wp.ufpel.edu.br\/pesquisacidadesmedias\/wp-json\/wp\/v2\/categories?post=352"},{"taxonomy":"post_tag","embeddable":true,"href":"https:\/\/wp.ufpel.edu.br\/pesquisacidadesmedias\/wp-json\/wp\/v2\/tags?post=352"}],"curies":[{"name":"wp","href":"https:\/\/api.w.org\/{rel}","templated":true}]}}