{"id":305,"date":"2026-02-26T09:01:29","date_gmt":"2026-02-26T12:01:29","guid":{"rendered":"https:\/\/wp.ufpel.edu.br\/pesquisacidadesmedias\/?p=305"},"modified":"2026-03-05T19:39:10","modified_gmt":"2026-03-05T22:39:10","slug":"a-pesquisa-cidades-medias-participa-da-6a-conferencia-nacional-das-cidades-em-brasilia","status":"publish","type":"post","link":"https:\/\/wp.ufpel.edu.br\/pesquisacidadesmedias\/2026\/02\/26\/a-pesquisa-cidades-medias-participa-da-6a-conferencia-nacional-das-cidades-em-brasilia\/","title":{"rendered":"A pesquisa Cidades M\u00e9dias participa da 6\u00aa Confer\u00eancia Nacional das Cidades em Bras\u00edlia"},"content":{"rendered":"<p style=\"text-align: justify;\">O p\u00f3s-doutorando do PROGRAU, Nino Rafael Kruger, representa a pesquisa das cidades m\u00e9dias na 6\u00aa Confer\u00eancia Nacional das Cidades (CNC), que ocorre em Bras\u00edlia de 24 a 27 de fevereiro.<\/p>\n<p style=\"text-align: justify;\"><img loading=\"lazy\" decoding=\"async\" class=\" wp-image-306 aligncenter\" src=\"https:\/\/wp.ufpel.edu.br\/pesquisacidadesmedias\/files\/2026\/02\/WhatsApp-Image-2026-02-25-at-16.33.50.jpeg\" alt=\"\" width=\"411\" height=\"548\" srcset=\"https:\/\/wp.ufpel.edu.br\/pesquisacidadesmedias\/files\/2026\/02\/WhatsApp-Image-2026-02-25-at-16.33.50.jpeg 960w, https:\/\/wp.ufpel.edu.br\/pesquisacidadesmedias\/files\/2026\/02\/WhatsApp-Image-2026-02-25-at-16.33.50-300x400.jpeg 300w, https:\/\/wp.ufpel.edu.br\/pesquisacidadesmedias\/files\/2026\/02\/WhatsApp-Image-2026-02-25-at-16.33.50-768x1024.jpeg 768w\" sizes=\"auto, (max-width: 411px) 85vw, 411px\" \/><\/p>\n<p style=\"text-align: center;\">Presen\u00e7a do p\u00f3s-doutorando Nino Rafael Kruger na 6\u00aa Confer\u00eancia Nacional das Cidades.<\/p>\n<p style=\"text-align: justify;\">Ap\u00f3s 12 anos sem realiza\u00e7\u00e3o, a 6\u00aa Confer\u00eancia Nacional das Cidades, maior f\u00f3rum de participa\u00e7\u00e3o social para a defini\u00e7\u00e3o das pol\u00edticas p\u00fablicas urbanas no Brasil, retoma o espa\u00e7o de debate e constru\u00e7\u00e3o coletiva dessas pol\u00edticas. Com o tema &#8220;Construindo a Pol\u00edtica Nacional de Desenvolvimento Urbano: caminhos para cidades inclusivas, democr\u00e1ticas, sustent\u00e1veis e com justi\u00e7a social&#8221;, a Confer\u00eancia re\u00fane representantes do poder p\u00fablico e da sociedade civil para pactuar diretrizes que orientar\u00e3o o futuro dos munic\u00edpios brasileiros.<\/p>\n<p style=\"text-align: justify;\">A etapa nacional \u00e9 resultado de um amplo processo democr\u00e1tico iniciado nas esferas municipais e estaduais, processos que contaram com o aux\u00edlio na constru\u00e7\u00e3o e na participa\u00e7\u00e3o do Grupo de Pesquisa Cidades M\u00e9dias, vinculado ao PROGRAU.<\/p>\n","protected":false},"excerpt":{"rendered":"<p>O p\u00f3s-doutorando do PROGRAU, Nino Rafael Kruger, representa a pesquisa das cidades m\u00e9dias na 6\u00aa Confer\u00eancia Nacional das Cidades (CNC), que ocorre em Bras\u00edlia de 24 a 27 de fevereiro. Presen\u00e7a do p\u00f3s-doutorando Nino Rafael Kruger na 6\u00aa Confer\u00eancia Nacional das Cidades. Ap\u00f3s 12 anos sem realiza\u00e7\u00e3o, a 6\u00aa Confer\u00eancia Nacional das Cidades, maior f\u00f3rum &hellip; <a href=\"https:\/\/wp.ufpel.edu.br\/pesquisacidadesmedias\/2026\/02\/26\/a-pesquisa-cidades-medias-participa-da-6a-conferencia-nacional-das-cidades-em-brasilia\/\" class=\"more-link\">Continue lendo<span class=\"screen-reader-text\"> &#8220;A pesquisa Cidades M\u00e9dias participa da 6\u00aa Confer\u00eancia Nacional das Cidades em Bras\u00edlia&#8221;<\/span><\/a><\/p>\n","protected":false},"author":1454,"featured_media":0,"comment_status":"closed","ping_status":"closed","sticky":false,"template":"","format":"standard","meta":{"footnotes":""},"categories":[1],"tags":[],"class_list":["post-305","post","type-post","status-publish","format-standard","hentry","category-noticias"],"jetpack_featured_media_url":"","_links":{"self":[{"href":"https:\/\/wp.ufpel.edu.br\/pesquisacidadesmedias\/wp-json\/wp\/v2\/posts\/305","targetHints":{"allow":["GET"]}}],"collection":[{"href":"https:\/\/wp.ufpel.edu.br\/pesquisacidadesmedias\/wp-json\/wp\/v2\/posts"}],"about":[{"href":"https:\/\/wp.ufpel.edu.br\/pesquisacidadesmedias\/wp-json\/wp\/v2\/types\/post"}],"author":[{"embeddable":true,"href":"https:\/\/wp.ufpel.edu.br\/pesquisacidadesmedias\/wp-json\/wp\/v2\/users\/1454"}],"replies":[{"embeddable":true,"href":"https:\/\/wp.ufpel.edu.br\/pesquisacidadesmedias\/wp-json\/wp\/v2\/comments?post=305"}],"version-history":[{"count":3,"href":"https:\/\/wp.ufpel.edu.br\/pesquisacidadesmedias\/wp-json\/wp\/v2\/posts\/305\/revisions"}],"predecessor-version":[{"id":318,"href":"https:\/\/wp.ufpel.edu.br\/pesquisacidadesmedias\/wp-json\/wp\/v2\/posts\/305\/revisions\/318"}],"wp:attachment":[{"href":"https:\/\/wp.ufpel.edu.br\/pesquisacidadesmedias\/wp-json\/wp\/v2\/media?parent=305"}],"wp:term":[{"taxonomy":"category","embeddable":true,"href":"https:\/\/wp.ufpel.edu.br\/pesquisacidadesmedias\/wp-json\/wp\/v2\/categories?post=305"},{"taxonomy":"post_tag","embeddable":true,"href":"https:\/\/wp.ufpel.edu.br\/pesquisacidadesmedias\/wp-json\/wp\/v2\/tags?post=305"}],"curies":[{"name":"wp","href":"https:\/\/api.w.org\/{rel}","templated":true}]}}