{"id":277,"date":"2026-02-23T21:38:06","date_gmt":"2026-02-24T00:38:06","guid":{"rendered":"https:\/\/wp.ufpel.edu.br\/pesquisacidadesmedias\/?p=277"},"modified":"2026-02-23T21:40:52","modified_gmt":"2026-02-24T00:40:52","slug":"retomada-as-atividades-2026","status":"publish","type":"post","link":"https:\/\/wp.ufpel.edu.br\/pesquisacidadesmedias\/2026\/02\/23\/retomada-as-atividades-2026\/","title":{"rendered":"Retomada das atividades | 2026"},"content":{"rendered":"<p data-start=\"0\" data-end=\"293\">O grupo de pesquisa do Programa de P\u00f3s-Gradua\u00e7\u00e3o em Arquitetura e Urbanismo da <span class=\"hover:entity-accent entity-underline inline cursor-pointer align-baseline\"><span class=\"whitespace-normal\">Universidade Federal de Pelotas<\/span><\/span> (PROGRAU\/UFPel) realizou, em 2026, a primeira reuni\u00e3o do ano, marcando a retomada das atividades do projeto financiado pela CAPES no \u00e2mbito do PDPG \u2014 P\u00f3s-Doutorado Estrat\u00e9gico.<\/p>\n<p data-start=\"295\" data-end=\"587\">O encontro reuniu docentes, pesquisadores e estudantes para alinhar as pr\u00f3ximas etapas do trabalho, com foco na qualifica\u00e7\u00e3o de espa\u00e7os p\u00fablicos em cidades de m\u00e9dio porte do sul do Rio Grande do Sul, especialmente <span class=\"hover:entity-accent entity-underline inline cursor-pointer align-baseline\"><span class=\"whitespace-normal\">Pelotas<\/span><\/span> e <span class=\"hover:entity-accent entity-underline inline cursor-pointer align-baseline\"><span class=\"whitespace-normal\">Bag\u00e9<\/span><\/span>.<\/p>\n<p data-start=\"295\" data-end=\"587\"><img loading=\"lazy\" decoding=\"async\" class=\"wp-image-278 alignleft\" src=\"https:\/\/wp.ufpel.edu.br\/pesquisacidadesmedias\/files\/2026\/02\/IMG_8929.jpeg\" alt=\"\" width=\"600\" height=\"450\" srcset=\"https:\/\/wp.ufpel.edu.br\/pesquisacidadesmedias\/files\/2026\/02\/IMG_8929.jpeg 2048w, https:\/\/wp.ufpel.edu.br\/pesquisacidadesmedias\/files\/2026\/02\/IMG_8929-400x300.jpeg 400w, https:\/\/wp.ufpel.edu.br\/pesquisacidadesmedias\/files\/2026\/02\/IMG_8929-1024x768.jpeg 1024w, https:\/\/wp.ufpel.edu.br\/pesquisacidadesmedias\/files\/2026\/02\/IMG_8929-768x576.jpeg 768w, https:\/\/wp.ufpel.edu.br\/pesquisacidadesmedias\/files\/2026\/02\/IMG_8929-1536x1152.jpeg 1536w, https:\/\/wp.ufpel.edu.br\/pesquisacidadesmedias\/files\/2026\/02\/IMG_8929-1200x900.jpeg 1200w\" sizes=\"auto, (max-width: 709px) 85vw, (max-width: 909px) 67vw, (max-width: 984px) 61vw, (max-width: 1362px) 45vw, 600px\" \/><\/p>\n<p data-start=\"589\" data-end=\"873\" data-is-last-node=\"\" data-is-only-node=\"\">A retomada das atividades refor\u00e7a o compromisso do grupo com abordagens interdisciplinares, processos participativos e a promo\u00e7\u00e3o de espa\u00e7os urbanos mais inclusivos, sustent\u00e1veis e sens\u00edveis \u00e0s diferentes gera\u00e7\u00f5es, dando continuidade \u00e0s a\u00e7\u00f5es desenvolvidas nos \u00faltimos anos na regi\u00e3o.<\/p>\n","protected":false},"excerpt":{"rendered":"<p>O grupo de pesquisa do Programa de P\u00f3s-Gradua\u00e7\u00e3o em Arquitetura e Urbanismo da Universidade Federal de Pelotas (PROGRAU\/UFPel) realizou, em 2026, a primeira reuni\u00e3o do ano, marcando a retomada das atividades do projeto financiado pela CAPES no \u00e2mbito do PDPG \u2014 P\u00f3s-Doutorado Estrat\u00e9gico. O encontro reuniu docentes, pesquisadores e estudantes para alinhar as pr\u00f3ximas etapas &hellip; <a href=\"https:\/\/wp.ufpel.edu.br\/pesquisacidadesmedias\/2026\/02\/23\/retomada-as-atividades-2026\/\" class=\"more-link\">Continue lendo<span class=\"screen-reader-text\"> &#8220;Retomada das atividades | 2026&#8221;<\/span><\/a><\/p>\n","protected":false},"author":1454,"featured_media":0,"comment_status":"closed","ping_status":"closed","sticky":false,"template":"","format":"standard","meta":{"footnotes":""},"categories":[1],"tags":[],"class_list":["post-277","post","type-post","status-publish","format-standard","hentry","category-noticias"],"jetpack_featured_media_url":"","_links":{"self":[{"href":"https:\/\/wp.ufpel.edu.br\/pesquisacidadesmedias\/wp-json\/wp\/v2\/posts\/277","targetHints":{"allow":["GET"]}}],"collection":[{"href":"https:\/\/wp.ufpel.edu.br\/pesquisacidadesmedias\/wp-json\/wp\/v2\/posts"}],"about":[{"href":"https:\/\/wp.ufpel.edu.br\/pesquisacidadesmedias\/wp-json\/wp\/v2\/types\/post"}],"author":[{"embeddable":true,"href":"https:\/\/wp.ufpel.edu.br\/pesquisacidadesmedias\/wp-json\/wp\/v2\/users\/1454"}],"replies":[{"embeddable":true,"href":"https:\/\/wp.ufpel.edu.br\/pesquisacidadesmedias\/wp-json\/wp\/v2\/comments?post=277"}],"version-history":[{"count":3,"href":"https:\/\/wp.ufpel.edu.br\/pesquisacidadesmedias\/wp-json\/wp\/v2\/posts\/277\/revisions"}],"predecessor-version":[{"id":283,"href":"https:\/\/wp.ufpel.edu.br\/pesquisacidadesmedias\/wp-json\/wp\/v2\/posts\/277\/revisions\/283"}],"wp:attachment":[{"href":"https:\/\/wp.ufpel.edu.br\/pesquisacidadesmedias\/wp-json\/wp\/v2\/media?parent=277"}],"wp:term":[{"taxonomy":"category","embeddable":true,"href":"https:\/\/wp.ufpel.edu.br\/pesquisacidadesmedias\/wp-json\/wp\/v2\/categories?post=277"},{"taxonomy":"post_tag","embeddable":true,"href":"https:\/\/wp.ufpel.edu.br\/pesquisacidadesmedias\/wp-json\/wp\/v2\/tags?post=277"}],"curies":[{"name":"wp","href":"https:\/\/api.w.org\/{rel}","templated":true}]}}