{"id":771,"date":"2020-09-17T08:20:05","date_gmt":"2020-09-17T11:20:05","guid":{"rendered":"https:\/\/wp.ufpel.edu.br\/perguntas\/?p=771"},"modified":"2020-09-17T08:34:02","modified_gmt":"2020-09-17T11:34:02","slug":"como-fazer-download-de-uma-webconf-gravada","status":"publish","type":"post","link":"https:\/\/wp.ufpel.edu.br\/perguntas\/como-fazer-download-de-uma-webconf-gravada\/","title":{"rendered":"Como fazer download de uma webconf gravada"},"content":{"rendered":"\n<p>Ap\u00f3s uma webconf ser gravada voc\u00ea pode <strong>visualizar<\/strong> a grava\u00e7\u00e3o atrav\u00e9s do link que o propriet\u00e1rio da sala disponibilizar.<\/p>\n\n\n\n<p>Para realizar o <strong>download<\/strong> o link poder\u00e1 ser utilizado no sistema de convers\u00e3o, dispon\u00edvel em&nbsp;<a rel=\"noreferrer noopener\" href=\"http:\/\/webconf-converter.ufpel.edu.br\/\" target=\"_blank\">http:\/\/webconf-converter.ufpel.edu.br<\/a><\/p>\n\n\n\n<p>Depois de realizar a autentica\u00e7\u00e3o, colar o link e clicar em &#8220;Converter a Grava\u00e7\u00e3o&#8221;.\u00a0<\/p>\n\n\n\n<p><a href=\"https:\/\/wp.ufpel.edu.br\/perguntas\/quem-pode-criar-uma-webconf\/\">VEJA QUEM PODE CRIAR UMA SALA DE WEBCONF<\/a><\/p>\n\n\n\n<p>docs<\/p>\n\n\n\n<p><\/p>\n","protected":false},"excerpt":{"rendered":"<p>Ap\u00f3s uma webconf ser gravada voc\u00ea pode visualizar a grava\u00e7\u00e3o atrav\u00e9s do link que o propriet\u00e1rio da sala disponibilizar. Para realizar o download o link poder\u00e1 ser utilizado no sistema de convers\u00e3o, dispon\u00edvel em&nbsp;http:\/\/webconf-converter.ufpel.edu.br Depois de realizar a autentica\u00e7\u00e3o, colar o link e clicar em &#8220;Converter a Grava\u00e7\u00e3o&#8221;.\u00a0 VEJA QUEM PODE CRIAR UMA SALA DE &hellip; <a href=\"https:\/\/wp.ufpel.edu.br\/perguntas\/como-fazer-download-de-uma-webconf-gravada\/\" class=\"more-link\">Continuar lendo <span class=\"screen-reader-text\">Como fazer download de uma webconf gravada<\/span><\/a><\/p>\n","protected":false},"author":295,"featured_media":0,"comment_status":"closed","ping_status":"closed","sticky":false,"template":"","format":"standard","meta":{"_jetpack_memberships_contains_paid_content":false,"footnotes":""},"categories":[3,145],"tags":[],"class_list":["post-771","post","type-post","status-publish","format-standard","hentry","category-tecnologia-da-informacao","category-webconferencia"],"jetpack_featured_media_url":"","jetpack_sharing_enabled":true,"_links":{"self":[{"href":"https:\/\/wp.ufpel.edu.br\/perguntas\/wp-json\/wp\/v2\/posts\/771","targetHints":{"allow":["GET"]}}],"collection":[{"href":"https:\/\/wp.ufpel.edu.br\/perguntas\/wp-json\/wp\/v2\/posts"}],"about":[{"href":"https:\/\/wp.ufpel.edu.br\/perguntas\/wp-json\/wp\/v2\/types\/post"}],"author":[{"embeddable":true,"href":"https:\/\/wp.ufpel.edu.br\/perguntas\/wp-json\/wp\/v2\/users\/295"}],"replies":[{"embeddable":true,"href":"https:\/\/wp.ufpel.edu.br\/perguntas\/wp-json\/wp\/v2\/comments?post=771"}],"version-history":[{"count":2,"href":"https:\/\/wp.ufpel.edu.br\/perguntas\/wp-json\/wp\/v2\/posts\/771\/revisions"}],"predecessor-version":[{"id":781,"href":"https:\/\/wp.ufpel.edu.br\/perguntas\/wp-json\/wp\/v2\/posts\/771\/revisions\/781"}],"wp:attachment":[{"href":"https:\/\/wp.ufpel.edu.br\/perguntas\/wp-json\/wp\/v2\/media?parent=771"}],"wp:term":[{"taxonomy":"category","embeddable":true,"href":"https:\/\/wp.ufpel.edu.br\/perguntas\/wp-json\/wp\/v2\/categories?post=771"},{"taxonomy":"post_tag","embeddable":true,"href":"https:\/\/wp.ufpel.edu.br\/perguntas\/wp-json\/wp\/v2\/tags?post=771"}],"curies":[{"name":"wp","href":"https:\/\/api.w.org\/{rel}","templated":true}]}}