{"id":764,"date":"2020-09-16T18:22:26","date_gmt":"2020-09-16T21:22:26","guid":{"rendered":"https:\/\/wp.ufpel.edu.br\/perguntas\/?p=764"},"modified":"2020-09-16T18:22:26","modified_gmt":"2020-09-16T21:22:26","slug":"quanto-tempo-demora-para-a-gravacao-da-webconf-ficar-disponivel","status":"publish","type":"post","link":"https:\/\/wp.ufpel.edu.br\/perguntas\/quanto-tempo-demora-para-a-gravacao-da-webconf-ficar-disponivel\/","title":{"rendered":"Quanto tempo demora para a grava\u00e7\u00e3o da webconf ficar dispon\u00edvel"},"content":{"rendered":"\n<p>As aulas s\u00edncronas gravadas no e-AULA em formato de webconfer\u00eancias s\u00e3o disponibilizadas no mesmo link de acesso ao Webconf (dentro de sua disciplina no e-AULA), entre 24 e 48 horas, este \u00e9 o tempo de processamento do v\u00eddeo pelo sistema.<\/p>\n\n\n\n<p>Este mesmo prazo \u00e9 v\u00e1lido para os servi\u00e7os de WEBConf UFPel dos endere\u00e7os\u00a0<a href=\"https:\/\/webconf.ufpel.edu.br\/\">https:\/\/webconf.ufpel.edu.br<\/a>\u00a0e\u00a0<a href=\"http:\/\/webconf2.ufpel.edu.br\/\">http:\/\/webconf2.ufpel.edu.br<\/a>\u00a0com a \u00fanica diferen\u00e7a que as grava\u00e7\u00f5es s\u00e3o listadas ao clicar sobre a Sala na p\u00e1gina Inicial.<\/p>\n\n\n\n<p>docs<\/p>\n\n\n\n<p><\/p>\n","protected":false},"excerpt":{"rendered":"<p>As aulas s\u00edncronas gravadas no e-AULA em formato de webconfer\u00eancias s\u00e3o disponibilizadas no mesmo link de acesso ao Webconf (dentro de sua disciplina no e-AULA), entre 24 e 48 horas, este \u00e9 o tempo de processamento do v\u00eddeo pelo sistema. Este mesmo prazo \u00e9 v\u00e1lido para os servi\u00e7os de WEBConf UFPel dos endere\u00e7os\u00a0https:\/\/webconf.ufpel.edu.br\u00a0e\u00a0http:\/\/webconf2.ufpel.edu.br\u00a0com a \u00fanica &hellip; <a href=\"https:\/\/wp.ufpel.edu.br\/perguntas\/quanto-tempo-demora-para-a-gravacao-da-webconf-ficar-disponivel\/\" class=\"more-link\">Continuar lendo <span class=\"screen-reader-text\">Quanto tempo demora para a grava\u00e7\u00e3o da webconf ficar dispon\u00edvel<\/span><\/a><\/p>\n","protected":false},"author":295,"featured_media":0,"comment_status":"closed","ping_status":"closed","sticky":false,"template":"","format":"standard","meta":{"_jetpack_memberships_contains_paid_content":false,"footnotes":""},"categories":[3,145],"tags":[],"class_list":["post-764","post","type-post","status-publish","format-standard","hentry","category-tecnologia-da-informacao","category-webconferencia"],"jetpack_featured_media_url":"","jetpack_sharing_enabled":true,"_links":{"self":[{"href":"https:\/\/wp.ufpel.edu.br\/perguntas\/wp-json\/wp\/v2\/posts\/764","targetHints":{"allow":["GET"]}}],"collection":[{"href":"https:\/\/wp.ufpel.edu.br\/perguntas\/wp-json\/wp\/v2\/posts"}],"about":[{"href":"https:\/\/wp.ufpel.edu.br\/perguntas\/wp-json\/wp\/v2\/types\/post"}],"author":[{"embeddable":true,"href":"https:\/\/wp.ufpel.edu.br\/perguntas\/wp-json\/wp\/v2\/users\/295"}],"replies":[{"embeddable":true,"href":"https:\/\/wp.ufpel.edu.br\/perguntas\/wp-json\/wp\/v2\/comments?post=764"}],"version-history":[{"count":1,"href":"https:\/\/wp.ufpel.edu.br\/perguntas\/wp-json\/wp\/v2\/posts\/764\/revisions"}],"predecessor-version":[{"id":766,"href":"https:\/\/wp.ufpel.edu.br\/perguntas\/wp-json\/wp\/v2\/posts\/764\/revisions\/766"}],"wp:attachment":[{"href":"https:\/\/wp.ufpel.edu.br\/perguntas\/wp-json\/wp\/v2\/media?parent=764"}],"wp:term":[{"taxonomy":"category","embeddable":true,"href":"https:\/\/wp.ufpel.edu.br\/perguntas\/wp-json\/wp\/v2\/categories?post=764"},{"taxonomy":"post_tag","embeddable":true,"href":"https:\/\/wp.ufpel.edu.br\/perguntas\/wp-json\/wp\/v2\/tags?post=764"}],"curies":[{"name":"wp","href":"https:\/\/api.w.org\/{rel}","templated":true}]}}