{"id":378,"date":"2020-08-28T20:16:34","date_gmt":"2020-08-28T23:16:34","guid":{"rendered":"https:\/\/wp.ufpel.edu.br\/perguntas\/?p=378"},"modified":"2021-04-14T15:07:04","modified_gmt":"2021-04-14T18:07:04","slug":"reopcao-compulsoria","status":"publish","type":"post","link":"https:\/\/wp.ufpel.edu.br\/perguntas\/reopcao-compulsoria\/","title":{"rendered":"Reop\u00e7\u00e3o Compuls\u00f3ria"},"content":{"rendered":"\n<p>A reop\u00e7\u00e3o compuls\u00f3ria \u00e9 a mudan\u00e7a de curso origin\u00e1ria de processo administrativo visando \u00e0 adequa\u00e7\u00e3o curricular do discente, independente da exist\u00eancia de vaga.<br><\/p>\n\n\n\n<p>A reop\u00e7\u00e3o compuls\u00f3ria dever\u00e1 ser aprovada pelo COCEPE, podendo ocorrer nos seguintes casos:<br>I \u2013 Quando o discente com defici\u00eancia n\u00e3o se adaptar ao curso escolhido no momento de ingresso na Institui\u00e7\u00e3o, sendo a mudan\u00e7a de curso a \u00fanica forma de garantir a perman\u00eancia do estudante no quadro discente;<br>II \u2013 Quando o curso de origem do estudante for extinto, desde que previsto nas regras de transi\u00e7\u00e3o curricular constantes no projeto pedag\u00f3gico do curso.<br>Em ambos os casos, previstos nos par\u00e1grafos anteriores, dever\u00e1 ser aberto um processo administrativo, com tr\u00e2mite nas unidades envolvidas e suas respectivas inst\u00e2ncias. No caso de discente com defici\u00eancia, ser\u00e1 necess\u00e1rio um parecer do N\u00facleo de Acessibilidade e Inclus\u00e3o \u2013 NAI e a concord\u00e2ncia do discente, visando fundamentar a decis\u00e3o do COCEPE.<\/p>\n\n\n\n<p><strong>Requerimento<\/strong><br><a href=\"https:\/\/drive.google.com\/uc?export=view&amp;id=1T0xsugj_uh7JFcwAhr_tc3K_TNIcZDdE\">Requerimento de reop\u00e7\u00e3o compuls\u00f3ria<\/a><\/p>\n\n\n\n<p class=\"has-text-align-center\"><a href=\"https:\/\/wp.ufpel.edu.br\/perguntas\/solicitar-atendimento\/\">SOLICITAR ATENDIMENTO<\/a><\/p>\n\n\n\n<p><strong>Fluxograma<\/strong><\/p>\n\n\n\n<p><strong>1. Para discentes com defici\u00eancia<\/strong><\/p>\n\n\n\n<figure class=\"wp-block-table\"><table><tbody><tr><td>Etapa<\/td><td>Respons\u00e1vel<\/td><td>Procedimento<\/td><\/tr><tr><td>1<\/td><td>Discente<\/td><td>\u2013 Preencher e assinar o requerimento de reop\u00e7\u00e3o compuls\u00f3ria;<br>\u2013 Anexar hist\u00f3rico;<br>\u2013 Documenta\u00e7\u00e3o que ampare a justificativa;<br>\u2013 Enviar os documentos \u00e0 CRA.<\/td><\/tr><tr><td>2<\/td><td>CRA<\/td><td>\u2013 Abrir processo no SEI;<br>\u2013 Digitalizar e anexar a documenta\u00e7\u00e3o do discente;<br>\u2013 Encaminhar ao NAI<\/td><\/tr><tr><td>3<\/td><td>NAI<\/td><td>\u2013 Analisar e emitir parecer.<br>Se o parecer for favor\u00e1vel:<br>\u2013 Encaminhar ao curso pretendido.<br>Se o parecer for desfavor\u00e1vel:<br>\u2013 Retornar a CRA.<\/td><\/tr><tr><td>4<\/td><td>Colegiado do curso<\/td><td>\u2013 Analisar e emitir parecer.<br>\u2013 Encaminha ao COCEPE.<\/td><\/tr><tr><td>5<\/td><td>COCEPE<\/td><td>\u2013 Deliberar sobre a solicita\u00e7\u00e3o do discente.<br>\u2013 Encaminhar \u00e0 CRA.<\/td><\/tr><tr><td>6<\/td><td>CRA<\/td><td>\u2013 Informar resultado ao discente;<br>Se aprovado:<br>\u2013 Cadastrar nova matr\u00edcula do COBALTO.<br>Se indeferido:<br>\u2013 Arquivar processo.<\/td><\/tr><\/tbody><\/table><\/figure>\n\n\n\n<p><strong>2.&nbsp;<\/strong><strong>Para discentes vinculados a cursos extintos<\/strong><\/p>\n\n\n\n<figure class=\"wp-block-table\"><table><tbody><tr><td>Etapa<\/td><td>Respons\u00e1vel<\/td><td>Procedimento<\/td><\/tr><tr><td>1<\/td><td>Colegiado do curso<\/td><td>\u2013 Abrir processo no SEI;<br>\u2013 Solicitar a reop\u00e7\u00e3o compuls\u00f3ria com a rela\u00e7\u00e3o dos discentes.<br>\u2013 Encaminhar a CRA<\/td><\/tr><tr><td>2<\/td><td>CRA<\/td><td>\u2013 Registrar reop\u00e7\u00e3o compuls\u00f3ria no COBALTO.<\/td><\/tr><\/tbody><\/table><\/figure>\n","protected":false},"excerpt":{"rendered":"<p>A reop\u00e7\u00e3o compuls\u00f3ria \u00e9 a mudan\u00e7a de curso origin\u00e1ria de processo administrativo visando \u00e0 adequa\u00e7\u00e3o curricular do discente, independente da exist\u00eancia de vaga. A reop\u00e7\u00e3o compuls\u00f3ria dever\u00e1 ser aprovada pelo COCEPE, podendo ocorrer nos seguintes casos:I \u2013 Quando o discente com defici\u00eancia n\u00e3o se adaptar ao curso escolhido no momento de ingresso na Institui\u00e7\u00e3o, sendo &hellip; <a href=\"https:\/\/wp.ufpel.edu.br\/perguntas\/reopcao-compulsoria\/\" class=\"more-link\">Continuar lendo <span class=\"screen-reader-text\">Reop\u00e7\u00e3o Compuls\u00f3ria<\/span><\/a><\/p>\n","protected":false},"author":174,"featured_media":0,"comment_status":"closed","ping_status":"closed","sticky":false,"template":"","format":"standard","meta":{"_jetpack_memberships_contains_paid_content":false,"footnotes":""},"categories":[7],"tags":[89,11,9,82],"class_list":["post-378","post","type-post","status-publish","format-standard","hentry","category-graduacao","tag-compulsoria","tag-cra","tag-graduacao","tag-reopcao"],"jetpack_featured_media_url":"","jetpack_sharing_enabled":true,"_links":{"self":[{"href":"https:\/\/wp.ufpel.edu.br\/perguntas\/wp-json\/wp\/v2\/posts\/378","targetHints":{"allow":["GET"]}}],"collection":[{"href":"https:\/\/wp.ufpel.edu.br\/perguntas\/wp-json\/wp\/v2\/posts"}],"about":[{"href":"https:\/\/wp.ufpel.edu.br\/perguntas\/wp-json\/wp\/v2\/types\/post"}],"author":[{"embeddable":true,"href":"https:\/\/wp.ufpel.edu.br\/perguntas\/wp-json\/wp\/v2\/users\/174"}],"replies":[{"embeddable":true,"href":"https:\/\/wp.ufpel.edu.br\/perguntas\/wp-json\/wp\/v2\/comments?post=378"}],"version-history":[{"count":2,"href":"https:\/\/wp.ufpel.edu.br\/perguntas\/wp-json\/wp\/v2\/posts\/378\/revisions"}],"predecessor-version":[{"id":1427,"href":"https:\/\/wp.ufpel.edu.br\/perguntas\/wp-json\/wp\/v2\/posts\/378\/revisions\/1427"}],"wp:attachment":[{"href":"https:\/\/wp.ufpel.edu.br\/perguntas\/wp-json\/wp\/v2\/media?parent=378"}],"wp:term":[{"taxonomy":"category","embeddable":true,"href":"https:\/\/wp.ufpel.edu.br\/perguntas\/wp-json\/wp\/v2\/categories?post=378"},{"taxonomy":"post_tag","embeddable":true,"href":"https:\/\/wp.ufpel.edu.br\/perguntas\/wp-json\/wp\/v2\/tags?post=378"}],"curies":[{"name":"wp","href":"https:\/\/api.w.org\/{rel}","templated":true}]}}