{"id":333,"date":"2020-08-28T19:33:42","date_gmt":"2020-08-28T22:33:42","guid":{"rendered":"https:\/\/wp.ufpel.edu.br\/perguntas\/?p=333"},"modified":"2021-03-05T10:04:49","modified_gmt":"2021-03-05T13:04:49","slug":"correcao-de-matricula","status":"publish","type":"post","link":"https:\/\/wp.ufpel.edu.br\/perguntas\/correcao-de-matricula\/","title":{"rendered":"Corre\u00e7\u00e3o de Matr\u00edcula"},"content":{"rendered":"\n<p><strong>Defini\u00e7\u00e3o<\/strong><\/p>\n\n\n\n<p>A corre\u00e7\u00e3o de matr\u00edcula \u00e9 a possibilidade de inclus\u00e3o ou exclus\u00e3o de componentes curriculares ap\u00f3s o processamento de matr\u00edcula, sendo destinada aos discentes que necessitam de ajustes no resultado de sua solicita\u00e7\u00e3o de matr\u00edcula ou que n\u00e3o tenham solicitado a rematr\u00edcula.<br>N\u00e3o ser\u00e1 permitida a matr\u00edcula em atividades curriculares em que houver colis\u00e3o total ou parcial de hor\u00e1rios.<\/p>\n\n\n\n<p><strong>Como solicitar<\/strong><\/p>\n\n\n\n<p>I-\u00a0 O discente dever\u00e1 fazer\u00a0<em>login<\/em>\u00a0no sistema acad\u00eamico\u00a0<a href=\"https:\/\/cobalto.ufpel.edu.br\/\">COBALTO<\/a>, acessar o menu\u00a0<a href=\"https:\/\/cobalto.ufpel.edu.br\/academico\/alunos\/solicitacaoCorrecaoMatricula\">Corre\u00e7\u00e3o de matr\u00edcula<\/a>, solicitar inclus\u00e3o e\/ou exclus\u00e3o de disciplinas.<br>II \u2013 O sistema armazenar\u00e1 as solicita\u00e7\u00f5es de corre\u00e7\u00e3o e ordenar\u00e1 os alunos de acordo com a Resolu\u00e7\u00e3o COCEPE n\u00ba 47\/2018. O Colegiado homologa ou n\u00e3o as solicita\u00e7\u00f5es.<br>III- O discente consulta sua solicita\u00e7\u00e3o no sistema\u00a0<a href=\"https:\/\/cobalto.ufpel.edu.br\/\">COBALTO<\/a>, no menu\u00a0<a class=\"\" href=\"https:\/\/cobalto.ufpel.edu.br\/academico\/alunos\/atestadoMatriculado\">Matr\u00edcula<\/a>, para confirmar em quais componentes curriculares foi matriculado. Se a solicita\u00e7\u00e3o foi contemplada \u00e9 s\u00f3 aguardar o in\u00edcio das aulas.<\/p>\n\n\n\n<p><strong>Fluxograma<\/strong><\/p>\n\n\n\n<figure class=\"wp-block-table\"><table><tbody><tr><td>Etapa<\/td><td>Respons\u00e1vel<\/td><td>Procedimento<\/td><\/tr><tr><td>1<\/td><td>Discente<\/td><td>\u2013 Solicitar corre\u00e7\u00e3o de matr\u00edcula no cobalto.<\/td><\/tr><tr><td>2<\/td><td>Colegiado de curso<\/td><td>\u2013 Avaliar a corre\u00e7\u00e3o no COBALTO.&nbsp;<\/td><\/tr><\/tbody><\/table><\/figure>\n","protected":false},"excerpt":{"rendered":"<p>Defini\u00e7\u00e3o A corre\u00e7\u00e3o de matr\u00edcula \u00e9 a possibilidade de inclus\u00e3o ou exclus\u00e3o de componentes curriculares ap\u00f3s o processamento de matr\u00edcula, sendo destinada aos discentes que necessitam de ajustes no resultado de sua solicita\u00e7\u00e3o de matr\u00edcula ou que n\u00e3o tenham solicitado a rematr\u00edcula.N\u00e3o ser\u00e1 permitida a matr\u00edcula em atividades curriculares em que houver colis\u00e3o total ou &hellip; <a href=\"https:\/\/wp.ufpel.edu.br\/perguntas\/correcao-de-matricula\/\" class=\"more-link\">Continuar lendo <span class=\"screen-reader-text\">Corre\u00e7\u00e3o de Matr\u00edcula<\/span><\/a><\/p>\n","protected":false},"author":174,"featured_media":0,"comment_status":"closed","ping_status":"closed","sticky":false,"template":"","format":"standard","meta":{"_jetpack_memberships_contains_paid_content":false,"footnotes":""},"categories":[7],"tags":[65,11,9,8],"class_list":["post-333","post","type-post","status-publish","format-standard","hentry","category-graduacao","tag-correcao","tag-cra","tag-graduacao","tag-matricula"],"jetpack_featured_media_url":"","jetpack_sharing_enabled":true,"_links":{"self":[{"href":"https:\/\/wp.ufpel.edu.br\/perguntas\/wp-json\/wp\/v2\/posts\/333","targetHints":{"allow":["GET"]}}],"collection":[{"href":"https:\/\/wp.ufpel.edu.br\/perguntas\/wp-json\/wp\/v2\/posts"}],"about":[{"href":"https:\/\/wp.ufpel.edu.br\/perguntas\/wp-json\/wp\/v2\/types\/post"}],"author":[{"embeddable":true,"href":"https:\/\/wp.ufpel.edu.br\/perguntas\/wp-json\/wp\/v2\/users\/174"}],"replies":[{"embeddable":true,"href":"https:\/\/wp.ufpel.edu.br\/perguntas\/wp-json\/wp\/v2\/comments?post=333"}],"version-history":[{"count":3,"href":"https:\/\/wp.ufpel.edu.br\/perguntas\/wp-json\/wp\/v2\/posts\/333\/revisions"}],"predecessor-version":[{"id":1333,"href":"https:\/\/wp.ufpel.edu.br\/perguntas\/wp-json\/wp\/v2\/posts\/333\/revisions\/1333"}],"wp:attachment":[{"href":"https:\/\/wp.ufpel.edu.br\/perguntas\/wp-json\/wp\/v2\/media?parent=333"}],"wp:term":[{"taxonomy":"category","embeddable":true,"href":"https:\/\/wp.ufpel.edu.br\/perguntas\/wp-json\/wp\/v2\/categories?post=333"},{"taxonomy":"post_tag","embeddable":true,"href":"https:\/\/wp.ufpel.edu.br\/perguntas\/wp-json\/wp\/v2\/tags?post=333"}],"curies":[{"name":"wp","href":"https:\/\/api.w.org\/{rel}","templated":true}]}}