{"id":321,"date":"2020-08-28T19:20:14","date_gmt":"2020-08-28T22:20:14","guid":{"rendered":"https:\/\/wp.ufpel.edu.br\/perguntas\/?p=321"},"modified":"2024-02-16T17:16:09","modified_gmt":"2024-02-16T20:16:09","slug":"exercicio-domiciliar","status":"publish","type":"post","link":"https:\/\/wp.ufpel.edu.br\/perguntas\/exercicio-domiciliar\/","title":{"rendered":"Exerc\u00edcio Domiciliar"},"content":{"rendered":"\n<p><strong>Defini\u00e7\u00e3o<\/strong><\/p>\n\n\n\n<p><br>Exerc\u00edcio Domiciliar \u00e9 a possibilidade de substitui\u00e7\u00e3o da frequ\u00eancia \u00e0s aulas por atividades orientadas fora do ambiente acad\u00eamico.\u00a0<\/p>\n\n\n\n<p>\u00c9 permitido substituir a frequ\u00eancia \u00e0s aulas por exerc\u00edcios domiciliares, resguardada a qualidade do trabalho acad\u00eamico, nos seguintes casos:<\/p>\n\n\n\n<p>a) \u00e0 aluna gestante que, por ordem m\u00e9dica, esteja impedida de frequentar as atividades acad\u00eamicas;<br>b) licen\u00e7a maternidade e paternidade, em prazo condizente com a legisla\u00e7\u00e3o vigente;<br>c) ao discente com afec\u00e7\u00f5es cong\u00eanitas ou adquiridas, infec\u00e7\u00f5es, traumatismos, doen\u00e7as infectocontagiosas ou outras condi\u00e7\u00f5es caracterizadas por incapacidade f\u00edsica, incompat\u00edvel com a frequ\u00eancia normal \u00e0s atividades acad\u00eamicas;<br>d) ao discente com defici\u00eancia, quando n\u00e3o for poss\u00edvel sua integra\u00e7\u00e3o ao ambiente acad\u00eamico. Neste caso a solicita\u00e7\u00e3o de tratamento excepcional dever\u00e1 ser renovada a cada per\u00edodo letivo, mediante a apresenta\u00e7\u00e3o de laudos m\u00e9dicos.<\/p>\n\n\n\n<p>A concess\u00e3o de tratamento excepcional fica condicionada \u00e0 possibilidade de garantia de continuidade do processo did\u00e1tico-pedag\u00f3gico.<\/p>\n\n\n\n<p>N\u00e3o ser\u00e1 concedido exerc\u00edcio domiciliar ao discente matriculado em regime especial, e ao discente matriculado nos componentes curriculares que ofere\u00e7am:<\/p>\n\n\n\n<p>I \u2013 est\u00e1gio curricular;<br>II \u2013 pr\u00e1ticas laboratoriais ou ambulatoriais;<br>III \u2013 atividades cuja execu\u00e7\u00e3o n\u00e3o possa ocorrer fora do ambiente acad\u00eamico;<br>IV \u2013 demais atividades cuja natureza seja incompat\u00edvel como exerc\u00edcio domiciliar.<\/p>\n\n\n\n<p><strong>Como solicitar<\/strong><\/p>\n\n\n\n<p><br>A solicita\u00e7\u00e3o deve ser feita via sistema acad\u00eamico, menu:\u00a0<strong>Aluno &gt; Cadastro &gt; Solicita\u00e7\u00e3o de exerc\u00edcios domiciliares<\/strong>.\u00a0Da seguinte forma:<\/p>\n\n\n\n<p>I \u2013&nbsp;Deve ser protocolada at\u00e9 o quinto dia posterior ao in\u00edcio da ocorr\u00eancia do fato impeditivo;<br>II \u2013&nbsp;Deve ser informado o motivo e inclu\u00eddo o atestado de sa\u00fade;<br>III \u2013&nbsp;Deve salvar a solicita\u00e7\u00e3o e acompanhar o resultado pelo Cobalto.<\/p>\n\n\n\n<p>No atestado m\u00e9dico\/odontol\u00f3gico deve constar a indica\u00e7\u00e3o do per\u00edodo para realiza\u00e7\u00e3o das atividades em exerc\u00edcios domiciliares, bem como, a especifica\u00e7\u00e3o da quest\u00e3o de sa\u00fade para avalia\u00e7\u00e3o pericial.<\/p>\n\n\n\n<p>A per\u00edcia ir\u00e1 registrar o parecer no sistema acad\u00eamico. Com base no parecer da per\u00edcia, o Colegiado do curso, dever\u00e1 avaliar e registrar a possibilidade pedag\u00f3gica de realiza\u00e7\u00e3o das atividades em regime domiciliar.<\/p>\n\n\n\n<p>Na impossibilidade de realiza\u00e7\u00e3o dos exerc\u00edcios domiciliares o colegiado dever\u00e1 encaminhar a recomenda\u00e7\u00e3o de trancamento da matr\u00edcula.<\/p>\n\n\n\n<p>Em caso de deferimento, o professor do componente receber\u00e1 uma mensagem para cadastrar as atividades que dever\u00e3o ser desenvolvidas pelo aluno durante o per\u00edodo de exerc\u00edcios domiciliares.<\/p>\n\n\n\n<p><strong>&nbsp;<\/strong><strong>Fluxograma<\/strong><\/p>\n\n\n\n<figure class=\"wp-block-table\"><table><tbody><tr><td>Respons\u00e1vel<\/td><td>Procedimento<\/td><\/tr><tr><td>Discente<\/td><td>\u2013&nbsp;Cadastrar a solicita\u00e7\u00e3o de Exerc\u00edcios domiciliares e enviar atestado de sa\u00fade no Cobalto;<br>Menu: Aluno &gt; Cadastro &gt; Solicita\u00e7\u00e3o de Exerc\u00edcios Domiciliares<\/td><\/tr><tr><td>Per\u00edcia M\u00e9dica<\/td><td>\u2013 Emitir parecer no Cobalto;<br>Menu: Gest\u00e3o acad\u00eamica &gt; Processos &gt; Solicita\u00e7\u00e3o de Exerc\u00edcios Domiciliares<\/td><\/tr><tr><td>Colegiado de curso<\/td><td>\u2013 Avaliar a condi\u00e7\u00e3o pedag\u00f3gica do exerc\u00edcio domiciliar;<br>\u2013 Registrar o deferimento ou indeferimento no Cobalto.<br>Menu: Gest\u00e3o Acad\u00eamica &gt; Processos &gt; Homologar exerc\u00edcios domiciliares<\/td><\/tr><tr><td>Docente<\/td><td>\u2013 Registrar as atividades que dever\u00e3o ser realizadas pelo discente durante o per\u00edodo de Exerc\u00edcios domiciliares.<br>Menu: Professor &gt; Cadastros &gt; Exerc\u00edcios domiciliares &gt; atividades<\/td><\/tr><tr><td>Discente<\/td><td>\u2013 Verificar as atividades registradas pelo Professor no Cobalto;<br>Menu: Aluno &gt; Cadastro &gt; Solicita\u00e7\u00e3o de Exerc\u00edcios Domiciliares<\/td><\/tr><tr><td>Docente<\/td><td>\u2013&nbsp;Nos casos em que n\u00e3o for poss\u00edvel ao docente informar o aproveitamento acad\u00eamico&nbsp; e frequ\u00eancia no fechamento da turma, dever\u00e1 ser informado por meio do FPIN eletr\u00f4nico no Sistema COBALTO.<br><br>OBS: N\u00e3o deve ser registrada presen\u00e7a se o aluno n\u00e3o estiver em aula. Na FPIN dever\u00e1 ser preenchido o campo N\u00ba de faltas (conforme registrado no di\u00e1rio de classe); N\u00ba de faltas abonadas (referente ao per\u00edodo do afastamento justificado); e o campo Justificativa (marcar a op\u00e7\u00e3o dispon\u00edvel, nesse caso, exerc\u00edcios domiciliares).<\/td><\/tr><\/tbody><\/table><\/figure>\n","protected":false},"excerpt":{"rendered":"<p>Defini\u00e7\u00e3o Exerc\u00edcio Domiciliar \u00e9 a possibilidade de substitui\u00e7\u00e3o da frequ\u00eancia \u00e0s aulas por atividades orientadas fora do ambiente acad\u00eamico.\u00a0 \u00c9 permitido substituir a frequ\u00eancia \u00e0s aulas por exerc\u00edcios domiciliares, resguardada a qualidade do trabalho acad\u00eamico, nos seguintes casos: a) \u00e0 aluna gestante que, por ordem m\u00e9dica, esteja impedida de frequentar as atividades acad\u00eamicas;b) licen\u00e7a maternidade &hellip; <a href=\"https:\/\/wp.ufpel.edu.br\/perguntas\/exercicio-domiciliar\/\" class=\"more-link\">Continuar lendo <span class=\"screen-reader-text\">Exerc\u00edcio Domiciliar<\/span><\/a><\/p>\n","protected":false},"author":174,"featured_media":0,"comment_status":"closed","ping_status":"closed","sticky":false,"template":"","format":"standard","meta":{"_jetpack_memberships_contains_paid_content":false,"footnotes":""},"categories":[7],"tags":[60,11,61,58,9],"class_list":["post-321","post","type-post","status-publish","format-standard","hentry","category-graduacao","tag-abono","tag-cra","tag-exercicio-domiciliar","tag-frequencia","tag-graduacao"],"jetpack_featured_media_url":"","jetpack_sharing_enabled":true,"_links":{"self":[{"href":"https:\/\/wp.ufpel.edu.br\/perguntas\/wp-json\/wp\/v2\/posts\/321","targetHints":{"allow":["GET"]}}],"collection":[{"href":"https:\/\/wp.ufpel.edu.br\/perguntas\/wp-json\/wp\/v2\/posts"}],"about":[{"href":"https:\/\/wp.ufpel.edu.br\/perguntas\/wp-json\/wp\/v2\/types\/post"}],"author":[{"embeddable":true,"href":"https:\/\/wp.ufpel.edu.br\/perguntas\/wp-json\/wp\/v2\/users\/174"}],"replies":[{"embeddable":true,"href":"https:\/\/wp.ufpel.edu.br\/perguntas\/wp-json\/wp\/v2\/comments?post=321"}],"version-history":[{"count":3,"href":"https:\/\/wp.ufpel.edu.br\/perguntas\/wp-json\/wp\/v2\/posts\/321\/revisions"}],"predecessor-version":[{"id":2133,"href":"https:\/\/wp.ufpel.edu.br\/perguntas\/wp-json\/wp\/v2\/posts\/321\/revisions\/2133"}],"wp:attachment":[{"href":"https:\/\/wp.ufpel.edu.br\/perguntas\/wp-json\/wp\/v2\/media?parent=321"}],"wp:term":[{"taxonomy":"category","embeddable":true,"href":"https:\/\/wp.ufpel.edu.br\/perguntas\/wp-json\/wp\/v2\/categories?post=321"},{"taxonomy":"post_tag","embeddable":true,"href":"https:\/\/wp.ufpel.edu.br\/perguntas\/wp-json\/wp\/v2\/tags?post=321"}],"curies":[{"name":"wp","href":"https:\/\/api.w.org\/{rel}","templated":true}]}}