{"id":315,"date":"2020-08-28T19:14:31","date_gmt":"2020-08-28T22:14:31","guid":{"rendered":"https:\/\/wp.ufpel.edu.br\/perguntas\/?p=315"},"modified":"2020-11-20T17:24:31","modified_gmt":"2020-11-20T20:24:31","slug":"frequencia","status":"publish","type":"post","link":"https:\/\/wp.ufpel.edu.br\/perguntas\/frequencia\/","title":{"rendered":"Frequ\u00eancia"},"content":{"rendered":"\n<p><strong>Defini\u00e7\u00e3o<\/strong><\/p>\n\n\n\n<p class=\"has-text-align-justify\">A frequ\u00eancia \u00e9 obrigat\u00f3ria em todas as atividades curriculares (te\u00f3ricas e pr\u00e1ticas) propostas nos planos de ensino.<\/p>\n\n\n\n<p class=\"has-text-align-justify\">Para obter a aprova\u00e7\u00e3o nos componentes curriculares o discente deve atingir a m\u00e9dia e a frequ\u00eancia m\u00ednima legal. O discente que n\u00e3o frequentar, pelo menos, 75% das aulas ser\u00e1 reprovado por infrequ\u00eancia independente da nota obtida. Para atividades de est\u00e1gio curricular obrigat\u00f3rio e internato, a frequ\u00eancia dever\u00e1 ser integral.<\/p>\n","protected":false},"excerpt":{"rendered":"<p>Defini\u00e7\u00e3o A frequ\u00eancia \u00e9 obrigat\u00f3ria em todas as atividades curriculares (te\u00f3ricas e pr\u00e1ticas) propostas nos planos de ensino. Para obter a aprova\u00e7\u00e3o nos componentes curriculares o discente deve atingir a m\u00e9dia e a frequ\u00eancia m\u00ednima legal. O discente que n\u00e3o frequentar, pelo menos, 75% das aulas ser\u00e1 reprovado por infrequ\u00eancia independente da nota obtida. Para &hellip; <a href=\"https:\/\/wp.ufpel.edu.br\/perguntas\/frequencia\/\" class=\"more-link\">Continuar lendo <span class=\"screen-reader-text\">Frequ\u00eancia<\/span><\/a><\/p>\n","protected":false},"author":174,"featured_media":0,"comment_status":"closed","ping_status":"closed","sticky":false,"template":"","format":"standard","meta":{"_jetpack_memberships_contains_paid_content":false,"footnotes":""},"categories":[7],"tags":[11,58,9],"class_list":["post-315","post","type-post","status-publish","format-standard","hentry","category-graduacao","tag-cra","tag-frequencia","tag-graduacao"],"jetpack_featured_media_url":"","jetpack_sharing_enabled":true,"_links":{"self":[{"href":"https:\/\/wp.ufpel.edu.br\/perguntas\/wp-json\/wp\/v2\/posts\/315","targetHints":{"allow":["GET"]}}],"collection":[{"href":"https:\/\/wp.ufpel.edu.br\/perguntas\/wp-json\/wp\/v2\/posts"}],"about":[{"href":"https:\/\/wp.ufpel.edu.br\/perguntas\/wp-json\/wp\/v2\/types\/post"}],"author":[{"embeddable":true,"href":"https:\/\/wp.ufpel.edu.br\/perguntas\/wp-json\/wp\/v2\/users\/174"}],"replies":[{"embeddable":true,"href":"https:\/\/wp.ufpel.edu.br\/perguntas\/wp-json\/wp\/v2\/comments?post=315"}],"version-history":[{"count":1,"href":"https:\/\/wp.ufpel.edu.br\/perguntas\/wp-json\/wp\/v2\/posts\/315\/revisions"}],"predecessor-version":[{"id":317,"href":"https:\/\/wp.ufpel.edu.br\/perguntas\/wp-json\/wp\/v2\/posts\/315\/revisions\/317"}],"wp:attachment":[{"href":"https:\/\/wp.ufpel.edu.br\/perguntas\/wp-json\/wp\/v2\/media?parent=315"}],"wp:term":[{"taxonomy":"category","embeddable":true,"href":"https:\/\/wp.ufpel.edu.br\/perguntas\/wp-json\/wp\/v2\/categories?post=315"},{"taxonomy":"post_tag","embeddable":true,"href":"https:\/\/wp.ufpel.edu.br\/perguntas\/wp-json\/wp\/v2\/tags?post=315"}],"curies":[{"name":"wp","href":"https:\/\/api.w.org\/{rel}","templated":true}]}}