{"id":258,"date":"2020-08-28T18:18:17","date_gmt":"2020-08-28T21:18:17","guid":{"rendered":"https:\/\/wp.ufpel.edu.br\/perguntas\/?p=258"},"modified":"2020-11-20T17:24:59","modified_gmt":"2020-11-20T20:24:59","slug":"colacao-de-grau-formatura","status":"publish","type":"post","link":"https:\/\/wp.ufpel.edu.br\/perguntas\/colacao-de-grau-formatura\/","title":{"rendered":"Cola\u00e7\u00e3o de Grau (Formatura)"},"content":{"rendered":"\n<p><strong>Defini\u00e7\u00e3o<\/strong><\/p>\n\n\n\n<p class=\"has-text-align-justify\">A cola\u00e7\u00e3o de grau \u00e9 uma cerim\u00f4nia de car\u00e1ter obrigat\u00f3rio para a outorga do grau de bacharel, licenciado ou tecn\u00f3logo, de acordo com o curso que o discente concluiu.<\/p>\n\n\n\n<p><strong>Como solicitar<\/strong><\/p>\n\n\n\n<p class=\"has-text-align-justify\">Discentes com ingresso a partir de 2018\/1 dever\u00e3o observar o disposto na Resolu\u00e7\u00e3o n\u00ba 05\/2018\/CONSUN, que normatiza as cola\u00e7\u00f5es de grau institucionais. O mesmo vale para discentes com ingresso anterior a 2018\/1 que optarem por participar de cola\u00e7\u00e3o de grau institucional.<\/p>\n\n\n\n<p class=\"has-text-align-justify\">Discentes com ingresso anterior a 2018\/1 que n\u00e3o optarem pela cola\u00e7\u00e3o de grau institucional, dever\u00e3o contatar o colegiado de curso que tratar\u00e1 com a dire\u00e7\u00e3o da unidade acad\u00eamica, \u00f3rg\u00e3o respons\u00e1vel pela defini\u00e7\u00e3o das datas das cola\u00e7\u00f5es de grau, externas e internas,&nbsp; as poss\u00edveis datas para realiza\u00e7\u00e3o das cola\u00e7\u00f5es de grau.<\/p>\n\n\n\n<p class=\"has-text-align-justify\">IMPORTANTE! Durante o momento de pandemia de COVID &#8211; 19, todas as formaturas ser\u00e3o internas e poder\u00e3o ser realizadas por videoconfer\u00eancia ou na modalidade n\u00e3o presencial. (<a href=\"https:\/\/wp.ufpel.edu.br\/scs\/files\/2020\/05\/SEI_UFPel-0955817-Parecer-Normativo-COCEPE-14.pdf\" target=\"_blank\" rel=\"noreferrer noopener\">Parecer normativo COCEPE N\u00ba 14\/2020<\/a> e <a href=\"https:\/\/sei.ufpel.edu.br\/sei\/publicacoes\/controlador_publicacoes.php?acao=publicacao_visualizar&amp;id_documento=1042503&amp;id_orgao_publicacao=0\" target=\"_blank\" rel=\"noreferrer noopener\">Portaria N\u00ba 649\/2020<\/a>)<\/p>\n\n\n\n<p><strong>Fluxograma<\/strong><\/p>\n\n\n\n<figure class=\"wp-block-table\"><table><tbody><tr><td>Etapa<\/td><td>Respons\u00e1vel<\/td><td>Procedimento<\/td><\/tr><tr><td>1<\/td><td>Discente<\/td><td>\u2013 Solicitar formatura pelo COBALTO.<\/td><\/tr><tr><td>2<\/td><td>Colegiado<\/td><td>\u2013 Verificar se o aluno tem expectativa de colar grau no final do per\u00edodo letivo; \u2013 Cadastrar formatura e prov\u00e1veis formandos no sistema acad\u00eamico; \u2013 Liberar alunos para cola\u00e7\u00e3o de grau.<\/td><\/tr><tr><td>3<\/td><td>CRA<\/td><td>\u2013 Homologar libera\u00e7\u00e3o para cola\u00e7\u00e3o de grau. \u2013 Disponibilizar os certificados de conclus\u00e3o de curso, pelo sistema acad\u00eamico, ap\u00f3s o recebimento da ata da cola\u00e7\u00e3o de grau.<\/td><\/tr><\/tbody><\/table><\/figure>\n\n\n\n<p><strong>Legisla\u00e7\u00e3o espec\u00edfica:<\/strong><\/p>\n\n\n\n<p><a href=\"https:\/\/wp.ufpel.edu.br\/scs\/files\/2018\/07\/RES-05.2018-SEI_23110.023302_2018_41-2.pdf\" target=\"_blank\" rel=\"noreferrer noopener\">Resolu\u00e7\u00e3o N\u00b0 05\/2018<\/a><\/p>\n","protected":false},"excerpt":{"rendered":"<p>Defini\u00e7\u00e3o A cola\u00e7\u00e3o de grau \u00e9 uma cerim\u00f4nia de car\u00e1ter obrigat\u00f3rio para a outorga do grau de bacharel, licenciado ou tecn\u00f3logo, de acordo com o curso que o discente concluiu. Como solicitar Discentes com ingresso a partir de 2018\/1 dever\u00e3o observar o disposto na Resolu\u00e7\u00e3o n\u00ba 05\/2018\/CONSUN, que normatiza as cola\u00e7\u00f5es de grau institucionais. O &hellip; <a href=\"https:\/\/wp.ufpel.edu.br\/perguntas\/colacao-de-grau-formatura\/\" class=\"more-link\">Continuar lendo <span class=\"screen-reader-text\">Cola\u00e7\u00e3o de Grau (Formatura)<\/span><\/a><\/p>\n","protected":false},"author":174,"featured_media":0,"comment_status":"closed","ping_status":"closed","sticky":false,"template":"","format":"standard","meta":{"_jetpack_memberships_contains_paid_content":false,"footnotes":""},"categories":[7],"tags":[35,11,34,9],"class_list":["post-258","post","type-post","status-publish","format-standard","hentry","category-graduacao","tag-colacao","tag-cra","tag-formatura","tag-graduacao"],"jetpack_featured_media_url":"","jetpack_sharing_enabled":true,"_links":{"self":[{"href":"https:\/\/wp.ufpel.edu.br\/perguntas\/wp-json\/wp\/v2\/posts\/258","targetHints":{"allow":["GET"]}}],"collection":[{"href":"https:\/\/wp.ufpel.edu.br\/perguntas\/wp-json\/wp\/v2\/posts"}],"about":[{"href":"https:\/\/wp.ufpel.edu.br\/perguntas\/wp-json\/wp\/v2\/types\/post"}],"author":[{"embeddable":true,"href":"https:\/\/wp.ufpel.edu.br\/perguntas\/wp-json\/wp\/v2\/users\/174"}],"replies":[{"embeddable":true,"href":"https:\/\/wp.ufpel.edu.br\/perguntas\/wp-json\/wp\/v2\/comments?post=258"}],"version-history":[{"count":1,"href":"https:\/\/wp.ufpel.edu.br\/perguntas\/wp-json\/wp\/v2\/posts\/258\/revisions"}],"predecessor-version":[{"id":260,"href":"https:\/\/wp.ufpel.edu.br\/perguntas\/wp-json\/wp\/v2\/posts\/258\/revisions\/260"}],"wp:attachment":[{"href":"https:\/\/wp.ufpel.edu.br\/perguntas\/wp-json\/wp\/v2\/media?parent=258"}],"wp:term":[{"taxonomy":"category","embeddable":true,"href":"https:\/\/wp.ufpel.edu.br\/perguntas\/wp-json\/wp\/v2\/categories?post=258"},{"taxonomy":"post_tag","embeddable":true,"href":"https:\/\/wp.ufpel.edu.br\/perguntas\/wp-json\/wp\/v2\/tags?post=258"}],"curies":[{"name":"wp","href":"https:\/\/api.w.org\/{rel}","templated":true}]}}