{"id":248,"date":"2020-08-28T18:08:49","date_gmt":"2020-08-28T21:08:49","guid":{"rendered":"https:\/\/wp.ufpel.edu.br\/perguntas\/?p=248"},"modified":"2020-11-20T17:24:59","modified_gmt":"2020-11-20T20:24:59","slug":"carteira-estudantil","status":"publish","type":"post","link":"https:\/\/wp.ufpel.edu.br\/perguntas\/carteira-estudantil\/","title":{"rendered":"Carteira Estudantil"},"content":{"rendered":"\n<p class=\"has-text-align-justify\">A Medida Provis\u00f3ria<a href=\"https:\/\/www.camara.leg.br\/noticias\/582004-MEDIDA-PROVISORIA-CRIA-CARTEIRA-DE-ESTUDANTE-GRATUITA-EM-FORMATO-DIGITAL\" target=\"_blank\" rel=\"noreferrer noopener\"> <span style=\"color:#0b0476\" class=\"has-inline-color\">895\/19<\/span><\/a>, que criou a Carteira de Identifica\u00e7\u00e3o Estudantil gratuita em formato digital, perdeu a validade em 16\/02\/2020 por n\u00e3o ter sido analisada pelo Congresso Nacional no prazo regimental de 120 dias.<\/p>\n\n\n\n<p class=\"has-text-align-justify\">No entanto, como medidas provis\u00f3rias produzem efeitos a partir da sua publica\u00e7\u00e3o, quem tirou a chamada ID Estudantil poder\u00e1 continuar usando o documento at\u00e9 dezembro de 2020.<\/p>\n\n\n\n<p class=\"has-text-align-justify\">A carteirinha estudantil d\u00e1 o direito ao pagamento de meia-entrada ao cinema, cineclubes, teatros, espet\u00e1culos musicais e circenses e eventos educativos, esportivos, de lazer e de entretenimento, em todo o territ\u00f3rio nacional, promovidos por quaisquer entidades e realizados em estabelecimentos p\u00fablicos ou particulares.<\/p>\n\n\n\n<p class=\"has-text-align-justify\">Quem n\u00e3o conseguiu obter o documento digital ter\u00e1 de recorrer \u00e0s institui\u00e7\u00f5es que j\u00e1 emitiam a carteirinha antes da MP e pagar, em m\u00e9dia, R$ 35.<\/p>\n\n\n\n<p class=\"has-text-align-justify\">Fonte: Ag\u00eancia C\u00e2mara de Not\u00edcias<\/p>\n","protected":false},"excerpt":{"rendered":"<p>A Medida Provis\u00f3ria 895\/19, que criou a Carteira de Identifica\u00e7\u00e3o Estudantil gratuita em formato digital, perdeu a validade em 16\/02\/2020 por n\u00e3o ter sido analisada pelo Congresso Nacional no prazo regimental de 120 dias. No entanto, como medidas provis\u00f3rias produzem efeitos a partir da sua publica\u00e7\u00e3o, quem tirou a chamada ID Estudantil poder\u00e1 continuar usando &hellip; <a href=\"https:\/\/wp.ufpel.edu.br\/perguntas\/carteira-estudantil\/\" class=\"more-link\">Continuar lendo <span class=\"screen-reader-text\">Carteira Estudantil<\/span><\/a><\/p>\n","protected":false},"author":174,"featured_media":0,"comment_status":"closed","ping_status":"closed","sticky":false,"template":"","format":"standard","meta":{"_jetpack_memberships_contains_paid_content":false,"footnotes":""},"categories":[7],"tags":[30,9,29],"class_list":["post-248","post","type-post","status-publish","format-standard","hentry","category-graduacao","tag-carteira","tag-graduacao","tag-identificacao"],"jetpack_featured_media_url":"","jetpack_sharing_enabled":true,"_links":{"self":[{"href":"https:\/\/wp.ufpel.edu.br\/perguntas\/wp-json\/wp\/v2\/posts\/248","targetHints":{"allow":["GET"]}}],"collection":[{"href":"https:\/\/wp.ufpel.edu.br\/perguntas\/wp-json\/wp\/v2\/posts"}],"about":[{"href":"https:\/\/wp.ufpel.edu.br\/perguntas\/wp-json\/wp\/v2\/types\/post"}],"author":[{"embeddable":true,"href":"https:\/\/wp.ufpel.edu.br\/perguntas\/wp-json\/wp\/v2\/users\/174"}],"replies":[{"embeddable":true,"href":"https:\/\/wp.ufpel.edu.br\/perguntas\/wp-json\/wp\/v2\/comments?post=248"}],"version-history":[{"count":1,"href":"https:\/\/wp.ufpel.edu.br\/perguntas\/wp-json\/wp\/v2\/posts\/248\/revisions"}],"predecessor-version":[{"id":250,"href":"https:\/\/wp.ufpel.edu.br\/perguntas\/wp-json\/wp\/v2\/posts\/248\/revisions\/250"}],"wp:attachment":[{"href":"https:\/\/wp.ufpel.edu.br\/perguntas\/wp-json\/wp\/v2\/media?parent=248"}],"wp:term":[{"taxonomy":"category","embeddable":true,"href":"https:\/\/wp.ufpel.edu.br\/perguntas\/wp-json\/wp\/v2\/categories?post=248"},{"taxonomy":"post_tag","embeddable":true,"href":"https:\/\/wp.ufpel.edu.br\/perguntas\/wp-json\/wp\/v2\/tags?post=248"}],"curies":[{"name":"wp","href":"https:\/\/api.w.org\/{rel}","templated":true}]}}