{"id":210,"date":"2020-08-27T08:27:12","date_gmt":"2020-08-27T11:27:12","guid":{"rendered":"https:\/\/wp.ufpel.edu.br\/perguntas\/?p=210"},"modified":"2023-04-28T11:45:58","modified_gmt":"2023-04-28T14:45:58","slug":"webconf-realizar-webconf-com-publico-externo-a-ufpel","status":"publish","type":"post","link":"https:\/\/wp.ufpel.edu.br\/perguntas\/webconf-realizar-webconf-com-publico-externo-a-ufpel\/","title":{"rendered":"Realizar webconf com p\u00fablico externo \u00e0 UFPel"},"content":{"rendered":"\n<p>\u00c9 poss\u00edvel realizar webconf com pessoas que n\u00e3o s\u00e3o da UFPel?<\/p>\n\n\n\n<p>SIM!<\/p>\n\n\n\n<p>O organizador pode enviar convites de participa\u00e7\u00e3o ao p\u00fablico \u2013 que pode ser da comunidade da UFPel ou n\u00e3o -, escolhendo inclusive quem recebe permiss\u00e3o para ser moderador ou apenas participante.<\/p>\n\n\n\n<p>Para acessar o servi\u00e7o, acesse: <a href=\"https:\/\/webconf.ufpel.edu.br\">https:\/\/webconf.ufpel.edu.br<\/a><\/p>\n\n\n\n<p>docs<\/p>\n","protected":false},"excerpt":{"rendered":"<p>\u00c9 poss\u00edvel realizar webconf com pessoas que n\u00e3o s\u00e3o da UFPel? SIM! O organizador pode enviar convites de participa\u00e7\u00e3o ao p\u00fablico \u2013 que pode ser da comunidade da UFPel ou n\u00e3o -, escolhendo inclusive quem recebe permiss\u00e3o para ser moderador ou apenas participante. Para acessar o servi\u00e7o, acesse: https:\/\/webconf.ufpel.edu.br<\/p>\n","protected":false},"author":295,"featured_media":0,"comment_status":"closed","ping_status":"closed","sticky":false,"template":"","format":"standard","meta":{"_jetpack_memberships_contains_paid_content":false,"footnotes":""},"categories":[3,145],"tags":[24,4,22],"class_list":["post-210","post","type-post","status-publish","format-standard","hentry","category-tecnologia-da-informacao","category-webconferencia","tag-participantes","tag-publico-interno","tag-webconf"],"jetpack_featured_media_url":"","jetpack_sharing_enabled":true,"_links":{"self":[{"href":"https:\/\/wp.ufpel.edu.br\/perguntas\/wp-json\/wp\/v2\/posts\/210","targetHints":{"allow":["GET"]}}],"collection":[{"href":"https:\/\/wp.ufpel.edu.br\/perguntas\/wp-json\/wp\/v2\/posts"}],"about":[{"href":"https:\/\/wp.ufpel.edu.br\/perguntas\/wp-json\/wp\/v2\/types\/post"}],"author":[{"embeddable":true,"href":"https:\/\/wp.ufpel.edu.br\/perguntas\/wp-json\/wp\/v2\/users\/295"}],"replies":[{"embeddable":true,"href":"https:\/\/wp.ufpel.edu.br\/perguntas\/wp-json\/wp\/v2\/comments?post=210"}],"version-history":[{"count":2,"href":"https:\/\/wp.ufpel.edu.br\/perguntas\/wp-json\/wp\/v2\/posts\/210\/revisions"}],"predecessor-version":[{"id":2056,"href":"https:\/\/wp.ufpel.edu.br\/perguntas\/wp-json\/wp\/v2\/posts\/210\/revisions\/2056"}],"wp:attachment":[{"href":"https:\/\/wp.ufpel.edu.br\/perguntas\/wp-json\/wp\/v2\/media?parent=210"}],"wp:term":[{"taxonomy":"category","embeddable":true,"href":"https:\/\/wp.ufpel.edu.br\/perguntas\/wp-json\/wp\/v2\/categories?post=210"},{"taxonomy":"post_tag","embeddable":true,"href":"https:\/\/wp.ufpel.edu.br\/perguntas\/wp-json\/wp\/v2\/tags?post=210"}],"curies":[{"name":"wp","href":"https:\/\/api.w.org\/{rel}","templated":true}]}}