{"id":1967,"date":"2023-01-05T17:21:16","date_gmt":"2023-01-05T20:21:16","guid":{"rendered":"https:\/\/wp.ufpel.edu.br\/perguntas\/?p=1967"},"modified":"2023-01-05T17:30:32","modified_gmt":"2023-01-05T20:30:32","slug":"36-a-ufpel-ja-realiza-suas-contratacoes-com-base-na-nova-lei-de-licitacoes-e-contratos-administrativos-lei-no-14-133-de-1o-de-abril-de-2021","status":"publish","type":"post","link":"https:\/\/wp.ufpel.edu.br\/perguntas\/36-a-ufpel-ja-realiza-suas-contratacoes-com-base-na-nova-lei-de-licitacoes-e-contratos-administrativos-lei-no-14-133-de-1o-de-abril-de-2021\/","title":{"rendered":"36. <strong>A UFPel j\u00e1 realiza suas contrata\u00e7\u00f5es com base na Nova Lei de Licita\u00e7\u00f5es e Contratos Administrativos, Lei n\u00ba 14.133, de 1\u00ba de abril de 2021?<\/strong>\u00a0"},"content":{"rendered":"\n<p>A Nova Lei de Licita\u00e7\u00f5es e Contratos Administrativos, em seu artigo 191, inciso II, determina a revoga\u00e7\u00e3o da Lei 8.666, de 21 de junho de 1993, ap\u00f3s decorrido dois anos da sua publica\u00e7\u00e3o, ocorrida em 01\/04\/2021.&nbsp;<\/p>\n\n\n\n<p>Desta forma, considerando que o prazo m\u00e1ximo \u00e9 at\u00e9 31\/03\/2023 e ainda o disposto no artigo 191 da Nova Lei, esta institui\u00e7\u00e3o atualmente aguarda que a Advocacia Geral da Uni\u00e3o &#8211; AGU atualize os modelos de Termos de Refer\u00eancia, Editais, Listas de Verifica\u00e7\u00e3o e Minutas de Contrato e os disponibilize em seu portal <a href=\"https:\/\/www.gov.br\/agu\/pt-br\/composicao\/cgu\/cgu\/modelos\/licitacoesecontratos\" target=\"_blank\" rel=\"noreferrer noopener\">Modelos de Licita\u00e7\u00f5es e Contratos.<\/a>&nbsp;<\/p>\n","protected":false},"excerpt":{"rendered":"<p>A Nova Lei de Licita\u00e7\u00f5es e Contratos Administrativos, em seu artigo 191, inciso II, determina a revoga\u00e7\u00e3o da Lei 8.666, de 21 de junho de 1993, ap\u00f3s decorrido dois anos da sua publica\u00e7\u00e3o, ocorrida em 01\/04\/2021.&nbsp; Desta forma, considerando que o prazo m\u00e1ximo \u00e9 at\u00e9 31\/03\/2023 e ainda o disposto no artigo 191 da Nova &hellip; <a href=\"https:\/\/wp.ufpel.edu.br\/perguntas\/36-a-ufpel-ja-realiza-suas-contratacoes-com-base-na-nova-lei-de-licitacoes-e-contratos-administrativos-lei-no-14-133-de-1o-de-abril-de-2021\/\" class=\"more-link\">Continuar lendo <span class=\"screen-reader-text\">36. <strong>A UFPel j\u00e1 realiza suas contrata\u00e7\u00f5es com base na Nova Lei de Licita\u00e7\u00f5es e Contratos Administrativos, Lei n\u00ba 14.133, de 1\u00ba de abril de 2021?<\/strong>\u00a0<\/span><\/a><\/p>\n","protected":false},"author":847,"featured_media":0,"comment_status":"closed","ping_status":"closed","sticky":false,"template":"","format":"standard","meta":{"_jetpack_memberships_contains_paid_content":false,"footnotes":""},"categories":[178],"tags":[],"class_list":["post-1967","post","type-post","status-publish","format-standard","hentry","category-contratos"],"jetpack_featured_media_url":"","jetpack_sharing_enabled":true,"_links":{"self":[{"href":"https:\/\/wp.ufpel.edu.br\/perguntas\/wp-json\/wp\/v2\/posts\/1967","targetHints":{"allow":["GET"]}}],"collection":[{"href":"https:\/\/wp.ufpel.edu.br\/perguntas\/wp-json\/wp\/v2\/posts"}],"about":[{"href":"https:\/\/wp.ufpel.edu.br\/perguntas\/wp-json\/wp\/v2\/types\/post"}],"author":[{"embeddable":true,"href":"https:\/\/wp.ufpel.edu.br\/perguntas\/wp-json\/wp\/v2\/users\/847"}],"replies":[{"embeddable":true,"href":"https:\/\/wp.ufpel.edu.br\/perguntas\/wp-json\/wp\/v2\/comments?post=1967"}],"version-history":[{"count":1,"href":"https:\/\/wp.ufpel.edu.br\/perguntas\/wp-json\/wp\/v2\/posts\/1967\/revisions"}],"predecessor-version":[{"id":1969,"href":"https:\/\/wp.ufpel.edu.br\/perguntas\/wp-json\/wp\/v2\/posts\/1967\/revisions\/1969"}],"wp:attachment":[{"href":"https:\/\/wp.ufpel.edu.br\/perguntas\/wp-json\/wp\/v2\/media?parent=1967"}],"wp:term":[{"taxonomy":"category","embeddable":true,"href":"https:\/\/wp.ufpel.edu.br\/perguntas\/wp-json\/wp\/v2\/categories?post=1967"},{"taxonomy":"post_tag","embeddable":true,"href":"https:\/\/wp.ufpel.edu.br\/perguntas\/wp-json\/wp\/v2\/tags?post=1967"}],"curies":[{"name":"wp","href":"https:\/\/api.w.org\/{rel}","templated":true}]}}