{"id":190,"date":"2020-08-26T17:00:13","date_gmt":"2020-08-26T20:00:13","guid":{"rendered":"https:\/\/wp.ufpel.edu.br\/perguntas\/?p=190"},"modified":"2023-02-08T14:54:33","modified_gmt":"2023-02-08T17:54:33","slug":"trancamento-de-matricula","status":"publish","type":"post","link":"https:\/\/wp.ufpel.edu.br\/perguntas\/trancamento-de-matricula\/","title":{"rendered":"Trancamento de Matr\u00edcula"},"content":{"rendered":"\n<p>O Regulamento de Ensino de Gradua\u00e7\u00e3o prev\u00ea tr\u00eas modalidades de trancamento:&nbsp;<\/p>\n\n\n\n<p><strong>Trancamento de matr\u00edcula em componentes curriculares<\/strong><\/p>\n\n\n\n<p>O discente poder\u00e1 realizar o trancamento de matr\u00edcula em componentes curriculares pelo COBALTO, no prazo estabelecido no calend\u00e1rio acad\u00eamico, obedecendo ao limite m\u00ednimo&nbsp;de&nbsp;cr\u00e9ditos obrigat\u00f3rios para matr\u00edcula.<\/p>\n\n\n\n<p><strong>Como Solicitar<\/strong><br>O discente dever\u00e1 fazer&nbsp;<em>login<\/em>&nbsp;no sistema acad\u00eamico, acessar o menu \u201cAluno\/Cadastro\/Trancamento de disciplina\u201d, marcar as disciplinas que deseja trancar e clicar em \u201c+Trancar disciplina(s)\u201d.<\/p>\n\n\n\n<p><\/p>\n\n\n\n<p><strong>Trancamento geral de matr\u00edcula (TGM)<\/strong><\/p>\n\n\n\n<p><strong>Conforme o &nbsp;<a href=\"https:\/\/wp.ufpel.edu.br\/scs\/files\/2021\/05\/Parecer-Normativo-no-49.pdf\">Parecer Normativo n\u00ba 49.2021<\/a>, excepcionalmente, as regras para trancamento geral de matr\u00edcula ser\u00e3o flexibilizadas.<\/strong><br><strong>a) O TGM poder\u00e1 ser realizado, inclusive por ingressantes, nos per\u00edodos letivos em que perdurar a situa\u00e7\u00e3o emergencial de sa\u00fade, n\u00e3o sendo contabilizados para o m\u00e1ximo de per\u00edodos permitidos no Regulamento do Ensino de Gradua\u00e7\u00e3o.<\/strong><\/p>\n\n\n\n<p>A solicita\u00e7\u00e3o do trancamento para o per\u00edodo letivo vigente deve ser realizada no Sistema Acad\u00eamico, <a href=\"http:\/\/cobalto.ufpel.edu.br\" target=\"_blank\" rel=\"noreferrer noopener\">http:\/\/cobalto.ufpel.edu.br<\/a>, atrav\u00e9s do menu \u201cAlunos -&gt; Cadastros \u2013 &gt; Solicita\u00e7\u00e3o de Trancamento Geral\u201d.<\/p>\n\n\n\n<p>Basta clicar em &#8220;Novo&#8221; e na pr\u00f3xima tela verificar o per\u00edodo que ficar\u00e1 em trancamento. Para concluir clique em &#8220;Enviar&#8221;.<\/p>\n\n\n\n<p>No pr\u00f3ximo dia \u00fatil retorne a mesma tela para verificar se o pedido foi homologado.<\/p>\n\n\n\n<p>Para alunos matriculados isso pode ser feito do primeiro dia letivo \u00e0 pr\u00f3ximo do \u00faltimo dia letivo. Verifique as datas que constam no calend\u00e1rio acad\u00eamico: <a rel=\"noreferrer noopener\" href=\"https:\/\/wp.ufpel.edu.br\/cra\/calendarios-academicos\/\" target=\"_blank\">https:\/\/wp.ufpel.edu.br\/cra\/calendarios-academicos\/<\/a><\/p>\n\n\n\n<p class=\"has-text-align-center\"><a href=\"https:\/\/wp.ufpel.edu.br\/perguntas\/solicitar-atendimento\/\">SOLICITAR ATENDIMENTO<\/a><\/p>\n\n\n\n<p><strong>Fluxograma<\/strong><\/p>\n\n\n\n<figure class=\"wp-block-table\"><table><tbody><tr><td>Etapa<\/td><td>Respons\u00e1vel<\/td><td>Procedimento<\/td><\/tr><tr><td>1<\/td><td>Discente<\/td><td>\u2013 Solicitar o trancamento geral de matr\u00edcula no COBALTO.<\/td><\/tr><tr><td>2<\/td><td>CRA<\/td><td>\u2013 Registrar o trancamento geral de matr\u00edcula no COBALTO.<\/td><\/tr><\/tbody><\/table><\/figure>\n\n\n\n<p><strong>Readmiss\u00e3o<\/strong><\/p>\n\n\n\n<p>O discente poder\u00e1 pedir readmiss\u00e3o, cancelando a situa\u00e7\u00e3o de trancamento geral de matr\u00edcula, at\u00e9 o \u00faltimo dia previsto para a corre\u00e7\u00e3o de matr\u00edcula.<\/p>\n\n\n\n<p><strong>Requerimento<\/strong><br><a href=\"https:\/\/drive.google.com\/uc?export=view&amp;id=1jtQsw2gRf-G5jNzpKwSdF2DYdhm5qqOf\">Requerimento de readmiss\u00e3o<\/a><\/p>\n\n\n\n<p class=\"has-text-align-center\"><a href=\"https:\/\/wp.ufpel.edu.br\/perguntas\/solicitar-atendimento\/\"> SOLICITAR ATENDIMENTO<\/a><\/p>\n\n\n\n<p><strong>Fluxograma<\/strong><\/p>\n\n\n\n<figure class=\"wp-block-table\"><table><tbody><tr><td>Etapa<\/td><td>Respons\u00e1vel<\/td><td>Procedimento<\/td><\/tr><tr><td>1<\/td><td>Discente<\/td><td>\u2013 Entregar requerimento de readmiss\u00e3o na CRA.<\/td><\/tr><tr><td>2<\/td><td>CRA<\/td><td>\u2013 Registrar a trancamento geral de matr\u00edcula no COBALTO.<\/td><\/tr><\/tbody><\/table><\/figure>\n\n\n\n<p><strong>Trancamento geral de matr\u00edcula administrativo<\/strong><\/p>\n\n\n\n<p>Ato realizado pela Institui\u00e7\u00e3o diante da impossibilidade do discente cursar determinado semestre, independente de sua vontade, ser\u00e1 concedido nos casos a seguir:<br>I \u2013 ingresso por transfer\u00eancia compuls\u00f3ria ap\u00f3s o limite de dias letivos estabelecidos para ingresso na Institui\u00e7\u00e3o;<br>II \u2013 ingresso por decis\u00e3o judicial ap\u00f3s o limite de dias letivos estabelecidos para ingresso na Institui\u00e7\u00e3o;<br>III \u2013 quando o discente n\u00e3o \u00e9 contemplado com a oferta de componentes curriculares no per\u00edodo letivo.<\/p>\n\n\n\n<hr class=\"wp-block-separator has-css-opacity\" \/>\n\n\n\n<p>Nota: Enquanto estivermos com as atividades presenciais suspensas devido a pandemia de Covid-19, as solicita\u00e7\u00f5es e formul\u00e1rios encaminhados ao CRA n\u00e3o necessitar\u00e3o de reconhecimento de firma em cart\u00f3rio. Em contrapartida, pedimos que as solicita\u00e7\u00f5es e formul\u00e1rios sejam acompanhadas da carteira de identidade do requerente, escaneada.<\/p>\n","protected":false},"excerpt":{"rendered":"<p>Trancamento de matr\u00edcula<\/p>\n","protected":false},"author":174,"featured_media":0,"comment_status":"closed","ping_status":"closed","sticky":false,"template":"","format":"standard","meta":{"_jetpack_memberships_contains_paid_content":false,"footnotes":""},"categories":[7],"tags":[14,9,8,13],"class_list":["post-190","post","type-post","status-publish","format-standard","hentry","category-graduacao","tag-dra","tag-graduacao","tag-matricula","tag-trancamento"],"jetpack_featured_media_url":"","jetpack_sharing_enabled":true,"_links":{"self":[{"href":"https:\/\/wp.ufpel.edu.br\/perguntas\/wp-json\/wp\/v2\/posts\/190","targetHints":{"allow":["GET"]}}],"collection":[{"href":"https:\/\/wp.ufpel.edu.br\/perguntas\/wp-json\/wp\/v2\/posts"}],"about":[{"href":"https:\/\/wp.ufpel.edu.br\/perguntas\/wp-json\/wp\/v2\/types\/post"}],"author":[{"embeddable":true,"href":"https:\/\/wp.ufpel.edu.br\/perguntas\/wp-json\/wp\/v2\/users\/174"}],"replies":[{"embeddable":true,"href":"https:\/\/wp.ufpel.edu.br\/perguntas\/wp-json\/wp\/v2\/comments?post=190"}],"version-history":[{"count":11,"href":"https:\/\/wp.ufpel.edu.br\/perguntas\/wp-json\/wp\/v2\/posts\/190\/revisions"}],"predecessor-version":[{"id":1978,"href":"https:\/\/wp.ufpel.edu.br\/perguntas\/wp-json\/wp\/v2\/posts\/190\/revisions\/1978"}],"wp:attachment":[{"href":"https:\/\/wp.ufpel.edu.br\/perguntas\/wp-json\/wp\/v2\/media?parent=190"}],"wp:term":[{"taxonomy":"category","embeddable":true,"href":"https:\/\/wp.ufpel.edu.br\/perguntas\/wp-json\/wp\/v2\/categories?post=190"},{"taxonomy":"post_tag","embeddable":true,"href":"https:\/\/wp.ufpel.edu.br\/perguntas\/wp-json\/wp\/v2\/tags?post=190"}],"curies":[{"name":"wp","href":"https:\/\/api.w.org\/{rel}","templated":true}]}}