{"id":1087,"date":"2020-11-04T10:09:13","date_gmt":"2020-11-04T13:09:13","guid":{"rendered":"https:\/\/wp.ufpel.edu.br\/perguntas\/?p=1087"},"modified":"2023-01-05T16:58:32","modified_gmt":"2023-01-05T19:58:32","slug":"02-quem-pode-ser-fiscal-ou-gestor-de-contrato","status":"publish","type":"post","link":"https:\/\/wp.ufpel.edu.br\/perguntas\/02-quem-pode-ser-fiscal-ou-gestor-de-contrato\/","title":{"rendered":"02. <strong>Quais os meios de comunica\u00e7\u00e3o disponibilizados pelo N\u00facleo de Contratos?<\/strong>\u00a0"},"content":{"rendered":"\n<p>O N\u00facleo de Contratos disponibiliza informa\u00e7\u00f5es e\/ou recebe demandas para atendimento nos seguintes canais de comunica\u00e7\u00e3o:&nbsp;<\/p>\n\n\n\n<p>&#8211; Portal UFPel: <a href=\"https:\/\/wp.ufpel.edu.br\/nucon\/\" target=\"_blank\" rel=\"noreferrer noopener\">https:\/\/wp.ufpel.edu.br\/nucon\/<\/a>&nbsp;<\/p>\n\n\n\n<p>&#8211; Atendimento UFPel: <a href=\"https:\/\/wp.ufpel.edu.br\/perguntas\/contratos\/\" target=\"_blank\" rel=\"noreferrer noopener\">Contratos<\/a>&nbsp;<\/p>\n\n\n\n<p>&#8211; Endere\u00e7o eletr\u00f4nico: contratos@ufpel.edu.br;&nbsp;<\/p>\n\n\n\n<p>&#8211; Processos eletr\u00f4nicos no Sistema SEI: NUCON &#8211; N\u00facleo de Contratos;&nbsp;<\/p>\n\n\n\n<p>&#8211; Telefone e WhatsApp: +55 53 3284-3932;&nbsp;<\/p>\n\n\n\n<p>&#8211; Endere\u00e7o: Rua Gomes Carneiro n\u00ba 01, Bloco A, Sala 307, Centro, Pelotas-RS, CEP 96010-610;&nbsp;<\/p>\n\n\n\n<p>&#8211; Hor\u00e1rio de atendimento: de segunda \u00e0 sexta-feira, das 8h \u00e0s 12h e das 14h \u00e0s 18h.&nbsp;<\/p>\n","protected":false},"excerpt":{"rendered":"<p>O N\u00facleo de Contratos disponibiliza informa\u00e7\u00f5es e\/ou recebe demandas para atendimento nos seguintes canais de comunica\u00e7\u00e3o:&nbsp; &#8211; Portal UFPel: https:\/\/wp.ufpel.edu.br\/nucon\/&nbsp; &#8211; Atendimento UFPel: Contratos&nbsp; &#8211; Endere\u00e7o eletr\u00f4nico: contratos@ufpel.edu.br;&nbsp; &#8211; Processos eletr\u00f4nicos no Sistema SEI: NUCON &#8211; N\u00facleo de Contratos;&nbsp; &#8211; Telefone e WhatsApp: +55 53 3284-3932;&nbsp; &#8211; Endere\u00e7o: Rua Gomes Carneiro n\u00ba 01, Bloco A, &hellip; <a href=\"https:\/\/wp.ufpel.edu.br\/perguntas\/02-quem-pode-ser-fiscal-ou-gestor-de-contrato\/\" class=\"more-link\">Continuar lendo <span class=\"screen-reader-text\">02. <strong>Quais os meios de comunica\u00e7\u00e3o disponibilizados pelo N\u00facleo de Contratos?<\/strong>\u00a0<\/span><\/a><\/p>\n","protected":false},"author":847,"featured_media":0,"comment_status":"closed","ping_status":"closed","sticky":false,"template":"","format":"standard","meta":{"_jetpack_memberships_contains_paid_content":false,"footnotes":""},"categories":[178],"tags":[],"class_list":["post-1087","post","type-post","status-publish","format-standard","hentry","category-contratos"],"jetpack_featured_media_url":"","jetpack_sharing_enabled":true,"_links":{"self":[{"href":"https:\/\/wp.ufpel.edu.br\/perguntas\/wp-json\/wp\/v2\/posts\/1087","targetHints":{"allow":["GET"]}}],"collection":[{"href":"https:\/\/wp.ufpel.edu.br\/perguntas\/wp-json\/wp\/v2\/posts"}],"about":[{"href":"https:\/\/wp.ufpel.edu.br\/perguntas\/wp-json\/wp\/v2\/types\/post"}],"author":[{"embeddable":true,"href":"https:\/\/wp.ufpel.edu.br\/perguntas\/wp-json\/wp\/v2\/users\/847"}],"replies":[{"embeddable":true,"href":"https:\/\/wp.ufpel.edu.br\/perguntas\/wp-json\/wp\/v2\/comments?post=1087"}],"version-history":[{"count":2,"href":"https:\/\/wp.ufpel.edu.br\/perguntas\/wp-json\/wp\/v2\/posts\/1087\/revisions"}],"predecessor-version":[{"id":1900,"href":"https:\/\/wp.ufpel.edu.br\/perguntas\/wp-json\/wp\/v2\/posts\/1087\/revisions\/1900"}],"wp:attachment":[{"href":"https:\/\/wp.ufpel.edu.br\/perguntas\/wp-json\/wp\/v2\/media?parent=1087"}],"wp:term":[{"taxonomy":"category","embeddable":true,"href":"https:\/\/wp.ufpel.edu.br\/perguntas\/wp-json\/wp\/v2\/categories?post=1087"},{"taxonomy":"post_tag","embeddable":true,"href":"https:\/\/wp.ufpel.edu.br\/perguntas\/wp-json\/wp\/v2\/tags?post=1087"}],"curies":[{"name":"wp","href":"https:\/\/api.w.org\/{rel}","templated":true}]}}