{"id":6460,"date":"2026-04-24T19:41:27","date_gmt":"2026-04-24T22:41:27","guid":{"rendered":"https:\/\/wp.ufpel.edu.br\/pelotasmun\/?p=6460"},"modified":"2026-04-24T19:57:46","modified_gmt":"2026-04-24T22:57:46","slug":"cuba-sob-bloqueio-energetico-impactos-e-desdobramentos-da-crise","status":"publish","type":"post","link":"https:\/\/wp.ufpel.edu.br\/pelotasmun\/2026\/04\/24\/cuba-sob-bloqueio-energetico-impactos-e-desdobramentos-da-crise\/","title":{"rendered":"Cuba sob bloqueio energ\u00e9tico: impactos e desdobramentos da crise"},"content":{"rendered":"<p style=\"text-align: justify;\">Cuba \u00e9 conhecida mundialmente pelos carros antigos que percorrem suas ruas e conferem um estilo \u00fanico \u00e0 ilha. O primeiro autom\u00f3vel chegou ao pa\u00eds em 1898, um modelo da La Parisienne, uma pequena construtora francesa, em um per\u00edodo marcado pela Guerra Hispano-Americana. Posteriormente, Cuba passou a importar em grande escala ve\u00edculos dos Estados Unidos, tornando-se, em 1919, o maior importador latino-americano do Ford Model T.<\/p>\n<p style=\"text-align: justify;\">Com a Revolu\u00e7\u00e3o Cubana em 1959, o pa\u00eds rompeu rela\u00e7\u00f5es com os Estados Unidos, o que afetou diretamente o fluxo de importa\u00e7\u00f5es. A partir desse momento, consolidou-se uma cultura de manuten\u00e7\u00e3o e adapta\u00e7\u00e3o de ve\u00edculos anteriores \u00e0 revolu\u00e7\u00e3o, muitos dos quais seguem em funcionamento at\u00e9 hoje, tornando-se s\u00edmbolo da resili\u00eancia cubana.<\/p>\n<p>&nbsp;<\/p>\n<p style=\"text-align: center;\"><img loading=\"lazy\" decoding=\"async\" class=\"alignnone size-full wp-image-6462 aligncenter\" src=\"https:\/\/wp.ufpel.edu.br\/pelotasmun\/files\/2026\/04\/unnamed.png\" alt=\"\" width=\"512\" height=\"356\" srcset=\"https:\/\/wp.ufpel.edu.br\/pelotasmun\/files\/2026\/04\/unnamed.png 512w, https:\/\/wp.ufpel.edu.br\/pelotasmun\/files\/2026\/04\/unnamed-400x278.png 400w\" sizes=\"auto, (max-width: 512px) 100vw, 512px\" \/><span style=\"font-size: 10pt;\">El pa\u00eds. \/ Reprodu\u00e7\u00e3o<\/span><\/p>\n<p>&nbsp;<\/p>\n<p style=\"text-align: justify;\">Em fevereiro de 1962, os Estados Unidos formalizaram o embargo econ\u00f4mico contra Cuba, medida motivada, em grande parte, pelas nacionaliza\u00e7\u00f5es promovidas pelo governo revolucion\u00e1rio, que afetaram empresas estadunidenses na ilha. Ao longo das d\u00e9cadas, as san\u00e7\u00f5es oscilaram entre per\u00edodos de maior flexibiliza\u00e7\u00e3o e endurecimento, conforme o contexto pol\u00edtico internacional e a orienta\u00e7\u00e3o dos governos norte-americanos. No cen\u00e1rio atual, sob o governo de Donald Trump, observa-se um recrudescimento dessas medidas, incluindo restri\u00e7\u00f5es a viagens, san\u00e7\u00f5es ampliadas e a reinser\u00e7\u00e3o de Cubana lista de pa\u00edses que apoiam o terrorismo.<br \/>\nAp\u00f3s o ataque do governo Trump \u00e0 Venezuela e a captura do ent\u00e3o presidente da Venezuela Nicol\u00e1s Maduro em 3 de janeiro de 2026 os EUA impuseram um bloqueio energ\u00e9tico a Cuba prometendo sancionar qualquer pa\u00eds que venda petr\u00f3leo ao pa\u00eds. Consequentemente, n\u00e3o foram apenas os cl\u00e1ssicos carros de Cuba que pararam de funcionar mas tamb\u00e9m a energia do pa\u00eds inteiro, j\u00e1 que, Cuba depende destes combust\u00edveis para suas termel\u00e9tricas que geram cerca de 80% da energia do pa\u00eds e grande parte desse petr\u00f3leo vinha da Venezuela.<\/p>\n<p>&nbsp;<\/p>\n<p style=\"text-align: center;\"><img loading=\"lazy\" decoding=\"async\" class=\"alignnone size-full wp-image-6463\" src=\"https:\/\/wp.ufpel.edu.br\/pelotasmun\/files\/2026\/04\/WhatsApp-Image-2026-04-24-at-19.39.52.jpeg\" alt=\"\" width=\"989\" height=\"548\" srcset=\"https:\/\/wp.ufpel.edu.br\/pelotasmun\/files\/2026\/04\/WhatsApp-Image-2026-04-24-at-19.39.52.jpeg 989w, https:\/\/wp.ufpel.edu.br\/pelotasmun\/files\/2026\/04\/WhatsApp-Image-2026-04-24-at-19.39.52-400x222.jpeg 400w, https:\/\/wp.ufpel.edu.br\/pelotasmun\/files\/2026\/04\/WhatsApp-Image-2026-04-24-at-19.39.52-768x426.jpeg 768w\" sizes=\"auto, (max-width: 989px) 100vw, 989px\" \/><br \/>\n<span style=\"font-size: 10pt;\">BBC Brasil. \/ Reprodu\u00e7\u00e3o<\/span><\/p>\n<p>&nbsp;<\/p>\n<p style=\"text-align: justify;\">Esse bloqueio energ\u00e9tico teve efeitos imediatos, j\u00e1 que Cuba \u00e9 altamente dependente de combust\u00edveis importados para abastecer suas termel\u00e9tricas, respons\u00e1veis por cerca de 80% da gera\u00e7\u00e3o de energia, passou a enfrentar apag\u00f5es prolongados e escassez generalizada.<\/p>\n<p style=\"text-align: justify;\">O impacto na vida cotidiana foi profundo. O aumento dos apag\u00f5es, a eleva\u00e7\u00e3o dos pre\u00e7os de produtos b\u00e1sicos, a redu\u00e7\u00e3o do transporte p\u00fablico e a diminui\u00e7\u00e3o da oferta da cesta b\u00e1sica subsidiada pelo Estado tornaram-se parte da rotina da popula\u00e7\u00e3o. Muitas pessoas est\u00e3o tendo que cozinhar com carv\u00e3o e lenha, enquanto o governo mexicano enviou mais de 800 toneladas de suprimentos alimentares. Para muitos cubanos, o momento \u00e9 ainda mais grave do que a crise conhecida como Per\u00edodo Especial, marcada pelo fim da Uni\u00e3o Sovi\u00e9tica, que auxiliava a pequena ilha.<\/p>\n<p>&nbsp;<\/p>\n<p style=\"text-align: center;\"><img loading=\"lazy\" decoding=\"async\" class=\"alignnone size-full wp-image-6464\" src=\"https:\/\/wp.ufpel.edu.br\/pelotasmun\/files\/2026\/04\/WhatsApp-Image-2026-04-24-at-19.38.38.jpeg\" alt=\"\" width=\"1019\" height=\"674\" srcset=\"https:\/\/wp.ufpel.edu.br\/pelotasmun\/files\/2026\/04\/WhatsApp-Image-2026-04-24-at-19.38.38.jpeg 1019w, https:\/\/wp.ufpel.edu.br\/pelotasmun\/files\/2026\/04\/WhatsApp-Image-2026-04-24-at-19.38.38-400x265.jpeg 400w, https:\/\/wp.ufpel.edu.br\/pelotasmun\/files\/2026\/04\/WhatsApp-Image-2026-04-24-at-19.38.38-768x508.jpeg 768w\" sizes=\"auto, (max-width: 1019px) 100vw, 1019px\" \/><br \/>\n<span style=\"font-size: 10pt;\">G1. \/ Reprodu\u00e7\u00e3o<\/span><\/p>\n<p>&nbsp;<\/p>\n<p style=\"text-align: justify;\">No meio do caos causado pela falta de energia, a R\u00fassia enviou 100 mil toneladas de petr\u00f3leo cru, que chegaram no dia 9 de mar\u00e7o e ainda precisaram ser refinadas em Havana. Apesar disso, o petr\u00f3leo russo n\u00e3o foi suficiente para aliviar a situa\u00e7\u00e3o, fazendo com que, pela primeira vez na hist\u00f3ria, a Organiza\u00e7\u00e3o das Na\u00e7\u00f5es Unidas realizasse um planejamento de envio de combust\u00edvel para Cuba, a fim de garantir a distribui\u00e7\u00e3o de ajuda humanit\u00e1ria.<\/p>\n<p style=\"text-align: justify;\">No dia 20 de abril de 2026, os governos cubano e estadunidense discutiram o embargo que deixa o pa\u00eds sem combust\u00edvel. O governo cubano exigiu o fim imediato das san\u00e7\u00f5es, que classifica como uma chantagem global contra o livre com\u00e9rcio.<\/p>\n<p style=\"text-align: justify;\">A crise energ\u00e9tica enfrentada por Cuba em 2026 n\u00e3o pode ser compreendida apenas como um epis\u00f3dio isolado, mas sim como o resultado de um longo processo hist\u00f3rico de depend\u00eancia externa, tens\u00f5es geopol\u00edticas e vulnerabilidades estruturais. O bloqueio energ\u00e9tico intensificou fragilidades j\u00e1 existentes e exp\u00f4s os limites do modelo energ\u00e9tico da ilha, profundamente dependente de combust\u00edveis f\u00f3sseis importados, ao mesmo tempo em que evidencia o impacto direto de decis\u00f5es pol\u00edticas internacionais sobre a vida cotidiana da popula\u00e7\u00e3o.<\/p>\n<p style=\"text-align: justify;\">Na can\u00e7\u00e3o Playa Gir\u00f3n, de Silvio Rodr\u00edguez, h\u00e1 um questionamento: tomando em conta o implac\u00e1vel que \u00e9 a verdade, o que deveria ser dito e que fronteiras deveriam ser respeitadas. Apesar do \u00e1lbum &#8220;D\u00edas y Flores\u201d ter sido lan\u00e7ado em 1975 a situa\u00e7\u00e3o segue parecida. Entre carros que resistem ao tempo e um sistema energ\u00e9tico \u00e0 beira do colapso o povo cubano ainda sofre, suas fronteiras seguem sem ser respeitadas e pouco \u00e9 dito para os verdadeiros culpados.<\/p>\n<p style=\"text-align: justify;\">Refer\u00eancias<\/p>\n<p style=\"text-align: justify;\">CUETO, Jos\u00e9 Carlos. Cuba: o pior racionamento de combust\u00edvel da ilha desde o &#8216;Per\u00edodo Especial&#8217;. <strong>BBC News Brasil,<\/strong> 15 fev. 2026. Dispon\u00edvel em: https:\/\/www.bbc.com\/portuguese\/articles\/c9dny66w785o.<\/p>\n<p style=\"text-align: justify;\">DISCOVER CORPS. WHY IS Cuba Filled with Classic Cars? <strong>Discover Corps,<\/strong> 11 mar. 2020. Dispon\u00edvel em: https:\/\/discovercorps.com\/why-is-cuba-filled-with-classic-cars\/.<\/p>\n<p style=\"text-align: justify;\">LE\u00d3N, Lucas. Cuba completa 3 meses sem receber combust\u00edvel por bloqueio dos EUA. <strong>Ag\u00eancia Brasil,<\/strong> 13 mar. 2026. Dispon\u00edvel em: https:\/\/agenciabrasil.ebc.com.br\/internacional\/noticia\/2026-03\/cuba-completa-3-meses-sem-receber-combustivel-por-bloqueio-dos-eua.<\/p>\n<p style=\"text-align: justify;\">OPERA MUNDI. Cuba cobra &#8216;prioridade m\u00e1xima&#8217; para fim do bloqueio energ\u00e9tico em reuni\u00e3o com delega\u00e7\u00e3o dos EUA. <strong>Opera Mundi,<\/strong> 21 abr. 2026. Dispon\u00edvel em: https:\/\/operamundi.uol.com.br\/america-latina\/cuba-cobra-prioridade-maxima-para-fim-do-bloqueio-energetico-em-reuniao-com-delegacao-dos-eua\/.<\/p>\n<p style=\"text-align: justify;\">PADINGER, Germ\u00e1n. O que \u00e9 o embargo dos EUA a Cuba e como ele afetou a economia da ilha.<strong> CNN Brasil,<\/strong> 14 jul. 2021. Dispon\u00edvel em: https:\/\/www.cnnbrasil.com.br\/internacional\/o-que-e-o-embargo-dos-eua-a-cuba-e-como-ele-afetou-a-economia-da-ilha\/.<\/p>\n<p style=\"text-align: justify;\">SOFIA, J\u00falia. ONU planeja importar combust\u00edvel para Cuba pela primeira vez na hist\u00f3ria. <strong>VEJA,<\/strong> 9 abr. 2026. Dispon\u00edvel em: https:\/\/veja.abril.com.br\/mundo\/onu-planeja-importar-combustivel-para-cuba-pela-primeira-vez-na-historia\/.<\/p>\n<p style=\"text-align: justify;\">ZEGARRA, Gonzalo. Petr\u00f3leo russo em Cuba: por que o al\u00edvio na crise n\u00e3o ser\u00e1 imediato. CNN Brasil, 30 mar. 2026. Dispon\u00edvel em: https:\/\/www.cnnbrasil.com.br\/internacional\/petroleo-russo-em-cuba-por-que-o-alivio-na-crise-nao-sera-imediato\/.<\/p>\n","protected":false},"excerpt":{"rendered":"<p>Cuba \u00e9 conhecida mundialmente pelos carros antigos que percorrem suas ruas e conferem um estilo \u00fanico \u00e0 ilha. O primeiro autom\u00f3vel chegou ao pa\u00eds em 1898, um modelo da La Parisienne, uma pequena construtora francesa, em um per\u00edodo marcado pela Guerra Hispano-Americana. Posteriormente, Cuba passou a importar em grande escala ve\u00edculos dos Estados Unidos, tornando-se, &hellip; <\/p>\n<p><a class=\"more-link btn\" href=\"https:\/\/wp.ufpel.edu.br\/pelotasmun\/2026\/04\/24\/cuba-sob-bloqueio-energetico-impactos-e-desdobramentos-da-crise\/\">Continue lendo<\/a><\/p>\n","protected":false},"author":764,"featured_media":6463,"comment_status":"closed","ping_status":"closed","sticky":false,"template":"","format":"standard","meta":{"_jetpack_memberships_contains_paid_content":false,"footnotes":"","jetpack_publicize_message":"","jetpack_publicize_feature_enabled":true,"jetpack_social_post_already_shared":true,"jetpack_social_options":{"image_generator_settings":{"template":"highway","default_image_id":0,"font":"","enabled":false},"version":2}},"categories":[69],"tags":[],"class_list":["post-6460","post","type-post","status-publish","format-standard","has-post-thumbnail","hentry","category-blog","nodate","item-wrap"],"jetpack_publicize_connections":[],"jetpack_featured_media_url":"https:\/\/wp.ufpel.edu.br\/pelotasmun\/files\/2026\/04\/WhatsApp-Image-2026-04-24-at-19.39.52.jpeg","jetpack_sharing_enabled":true,"jetpack_shortlink":"https:\/\/wp.me\/p8QcCB-1Gc","jetpack-related-posts":[],"_links":{"self":[{"href":"https:\/\/wp.ufpel.edu.br\/pelotasmun\/wp-json\/wp\/v2\/posts\/6460","targetHints":{"allow":["GET"]}}],"collection":[{"href":"https:\/\/wp.ufpel.edu.br\/pelotasmun\/wp-json\/wp\/v2\/posts"}],"about":[{"href":"https:\/\/wp.ufpel.edu.br\/pelotasmun\/wp-json\/wp\/v2\/types\/post"}],"author":[{"embeddable":true,"href":"https:\/\/wp.ufpel.edu.br\/pelotasmun\/wp-json\/wp\/v2\/users\/764"}],"replies":[{"embeddable":true,"href":"https:\/\/wp.ufpel.edu.br\/pelotasmun\/wp-json\/wp\/v2\/comments?post=6460"}],"version-history":[{"count":3,"href":"https:\/\/wp.ufpel.edu.br\/pelotasmun\/wp-json\/wp\/v2\/posts\/6460\/revisions"}],"predecessor-version":[{"id":6467,"href":"https:\/\/wp.ufpel.edu.br\/pelotasmun\/wp-json\/wp\/v2\/posts\/6460\/revisions\/6467"}],"wp:featuredmedia":[{"embeddable":true,"href":"https:\/\/wp.ufpel.edu.br\/pelotasmun\/wp-json\/wp\/v2\/media\/6463"}],"wp:attachment":[{"href":"https:\/\/wp.ufpel.edu.br\/pelotasmun\/wp-json\/wp\/v2\/media?parent=6460"}],"wp:term":[{"taxonomy":"category","embeddable":true,"href":"https:\/\/wp.ufpel.edu.br\/pelotasmun\/wp-json\/wp\/v2\/categories?post=6460"},{"taxonomy":"post_tag","embeddable":true,"href":"https:\/\/wp.ufpel.edu.br\/pelotasmun\/wp-json\/wp\/v2\/tags?post=6460"}],"curies":[{"name":"wp","href":"https:\/\/api.w.org\/{rel}","templated":true}]}}