{"id":5939,"date":"2025-05-02T16:19:11","date_gmt":"2025-05-02T19:19:11","guid":{"rendered":"https:\/\/wp.ufpel.edu.br\/pelotasmun\/?p=5939"},"modified":"2025-05-02T16:22:51","modified_gmt":"2025-05-02T19:22:51","slug":"siria-da-guerra-civil-a-queda-de-bashar-al-assad-e-o-novo-contexto-politico","status":"publish","type":"post","link":"https:\/\/wp.ufpel.edu.br\/pelotasmun\/2025\/05\/02\/siria-da-guerra-civil-a-queda-de-bashar-al-assad-e-o-novo-contexto-politico\/","title":{"rendered":"S\u00edria: da Guerra Civil \u00e0 Queda de Bashar Al-Assad e o Novo Contexto Pol\u00edtico"},"content":{"rendered":"<p style=\"text-align: justify;\">Iniciado em 2011, o conflito na S\u00edria se tornou um dos epis\u00f3dios mais devastadores e complexos do s\u00e9culo XXI. Envolvendo disputas internas, interesses geopol\u00edticos e uma crise humanit\u00e1ria sem precedentes, a guerra civil transformou completamente o pa\u00eds e toda a din\u00e2mica geopol\u00edtica do Oriente M\u00e9dio. Este texto apresenta um panorama da trajet\u00f3ria do conflito &#8211; desde suas origens e impacto at\u00e9 a queda do regime de Bashar al-Assad -, analisando tamb\u00e9m os impactos sociais, ambientais e pol\u00edticos em um novo cen\u00e1rio ainda marcado por incertezas.<\/p>\n<p style=\"text-align: center;\"><em>Figura 1: Rebeldes rasgam retrato do ex-presidente s\u00edrio, Bashar al-Assad, em Aleppo .<\/em><\/p>\n<div style=\"width: 640px\" class=\"wp-caption aligncenter\"><img loading=\"lazy\" decoding=\"async\" src=\"https:\/\/ichef.bbci.co.uk\/ace\/ws\/640\/cpsprodpb\/0b5e\/live\/1aee5730-b0c8-11ef-b2d5-1f470ee03eb2.jpg.webp\" alt=\"Guerra na S\u00edria: 5 raz\u00f5es por que \u00e9 t\u00e3o dif\u00edcil acabar com o conflito - BBC News Brasil\" width=\"640\" height=\"360\" \/><p class=\"wp-caption-text\">Foto: Karam al-Masri\/EFE\/EPA, 2025.<\/p><\/div>\n<p>&nbsp;<\/p>\n<p style=\"text-align: justify;\"><span style=\"font-size: 14pt;\"><strong>A GUERRA CIVIL <\/strong><\/span><\/p>\n<p style=\"text-align: justify;\">Embora o conflito tenha se iniciado em 2011, suas causas foram acumuladas durante d\u00e9cadas. O descontentamento com o regime autorit\u00e1rio da fam\u00edlia Assad acumulava-se por anos. O governo, instaurado por Hafez al-Assad em 1971 e continuado por seu filho Bashar al-Assad em 2000, reprimiu manifestantes pr\u00f3-democracia que foram \u00e0s ruas durante o auge da Primavera \u00c1rabe em 2011. A resposta violenta do Estado levou a militariza\u00e7\u00e3o do conflito e a fragmenta\u00e7\u00e3o da oposi\u00e7\u00e3o em m\u00faltiplas frentes, incluindo grupos jihadistas e mil\u00edcias curdas.<\/p>\n<p style=\"text-align: justify;\">Pa\u00edses como Estados Unidos, \u00c1rabia Saudita, Emirados \u00c1rabes Unidos e Turquia apoiaram a oposi\u00e7\u00e3o, enquanto R\u00fassia, Ir\u00e3, Iraque e o grupo lib\u00e2nes Hezbollah intensificaram seu apoio ao governo s\u00edrio, com ajuda militar e b\u00e9lica. Mas, com o avan\u00e7o do Estado Isl\u00e2mico em 2014, os Estados Unidos lideraram uma coaliza\u00e7\u00e3o internacional para intervir no pa\u00eds, com foco na elimina\u00e7\u00e3o do grupo extremista. J\u00e1 em 2020, um cessar-fogo mediado por R\u00fassia e Turquia reduziu os combates na \u00faltima prov\u00edncia controlada pela oposi\u00e7\u00e3o, Idlib, mas o controle territorial do pa\u00eds permaneceu dividido e o governo s\u00edrio nunca recuperou totalmente seu territ\u00f3rio.<\/p>\n<p>&nbsp;<\/p>\n<p style=\"text-align: justify;\"><span style=\"font-size: 14pt;\"><strong>IMPACTOS HUMANIT\u00c1RIOS DO CONFLITO<\/strong><\/span><\/p>\n<p style=\"text-align: justify;\">O resultado do jogo de poder na regi\u00e3o fez com que a ONU classificasse a guerra s\u00edria como o \u201cpior desastre causado pelo homem desde a Segunda Guerra Mundial\u201d. Em cerca de uma d\u00e9cada de conflito, houve mais de 400 mil mortes, das quais 117 mil foram civis, de acordo com o Observat\u00f3rio S\u00edrio de Direitos Humanos (OSDH). Cerca de metade da popula\u00e7\u00e3o s\u00edria anterior \u00e0 guerra, 11,5 milh\u00f5es, se encontra refugiada em diversos pa\u00edses, principalmente entre Turquia, Jord\u00e2nia, L\u00edbano e Egito. Internamente, 80% da popula\u00e7\u00e3o do pa\u00eds vivem abaixo da linha da pobreza, segundo a ONU.<\/p>\n<p>&nbsp;<\/p>\n<p style=\"text-align: justify;\"><span style=\"font-size: 14pt;\"><strong>O PAPEL DAS MUDAN\u00c7AS CLIM\u00c1TICAS NO CONFLITO<\/strong><\/span><\/p>\n<p style=\"text-align: justify;\">O impacto ambiental teve um papel crucial no agravamento do conflito s\u00edrio. Segundo a reportagem do DW (2021), entre 2006 e 2010, o pa\u00eds enfrentou uma das piores secas de sua hist\u00f3ria, colapsando o setor agr\u00edcola e for\u00e7ando o \u00eaxodo de trabalhadores rurais para os centros urbanos em busca de emprego. Os que permaneceram, na maioria agricultores pobres, se transformaram em um alvo f\u00e1cil para o recrutamento de grupos terroristas como o Estado Isl\u00e2mico. O aumento dos pre\u00e7os dos alimentos, a escassez de \u00e1gua e o desemprego crescente, como consequ\u00eancias da falta de chuva, foram um fomentador do conflito.<\/p>\n<p>&nbsp;<\/p>\n<p style=\"text-align: justify;\"><span style=\"font-size: 14pt;\"><strong>A QUEDA DE ASSAD E O NOVO GOVERNO S\u00cdRIO<\/strong><\/span><\/p>\n<p style=\"text-align: justify;\">Apesar das for\u00e7as de oposi\u00e7\u00e3o n\u00e3o terem conseguido derrubar o governo de Assad em 2011, foram muitas dessas mesmas for\u00e7as que conseguiram derrubar o governo em 7 de dezembro de 2024. Ap\u00f3s sucessivas derrotas militares e diante da crescente insatisfa\u00e7\u00e3o popular, parte da elite pol\u00edtica e militar rompeu la\u00e7os com o presidente. A capital Damasco foi tomada por rebeldes e Assad fugiu para a R\u00fassia com a sua fam\u00edlia.<\/p>\n<p style=\"text-align: justify;\">Derrotados em 2014, os rebeldes se reagruparam na cidade de Idlib. L\u00e1, a principal for\u00e7a de oposi\u00e7\u00e3o rompeu com a al-Qaeda em 2016, assumindo o controle de conselhos locais. Esse grupo, Hayat Tahrir al-Sham (Comit\u00ea de Liberta\u00e7\u00e3o do Levante, ou HTS) \u00e9 o que est\u00e1 no comando em Damasco. O grupo que surgiu diretamente da antiga al-Qaeda no Iraque, n\u00e3o conseguiu se livrar dessas ra\u00edzes e continua sendo uma organiza\u00e7\u00e3o profundamente autorit\u00e1ria e sect\u00e1ria. O l\u00edder do HTS, Ahmed al-Shaara tem uma forte reputa\u00e7\u00e3o de brutalidade contra grupos minorit\u00e1rios da S\u00edria, como alau\u00edtas, curdos, xiitas e arm\u00eanios.<\/p>\n<p style=\"text-align: justify;\">De acordo com o Brasil de Fato, em janeiro deste ano, um m\u00eas ap\u00f3s o grupo ter tomado o poder da Capital s\u00edria e ter derrubado o governo de Assad, as novas autoridades anunciaram o fim da vig\u00eancia da constitui\u00e7\u00e3o do pa\u00eds e o l\u00edder do HTS, Ahmed al-Shaara, foi nomeado como o presidente da S\u00edria durante o per\u00edodo de transi\u00e7\u00e3o do governo. Al-Shaara assinou uma declara\u00e7\u00e3o constitucional que estabelece um per\u00edodo de transi\u00e7\u00e3o de cinco anos para o pa\u00eds.<\/p>\n<p>&nbsp;<\/p>\n<p style=\"text-align: justify;\"><span style=\"font-size: 14pt;\"><strong>ASSASSINATO DE CIVIS ALAU\u00cdTAS<\/strong><\/span><\/p>\n<p style=\"text-align: justify;\">No in\u00edcio de mar\u00e7o deste ano, epis\u00f3dios de viol\u00eancia ocorreram nas prov\u00edncias de Latakia e Tartous, resultando em mais de mil mortos, muitos deles civis de minoria alau\u00edta. O grupo \u00e9tnico religioso do qual a fam\u00edlia de Bashar al-Assad faz parte, constitui cerca de 10% da popula\u00e7\u00e3o s\u00edria e suas tradi\u00e7\u00f5es religiosas diferem de ramos tradicionais do Isl\u00e3.<\/p>\n<p style=\"text-align: justify;\">Organiza\u00e7\u00f5es de direitos humanos como o Observat\u00f3rio S\u00edrio para os Direitos Humanos (OSDH) denunciaram o governo de cometer crimes contra a humanidade e limpeza \u00e9tnica, enquanto o governo rec\u00e9m-formado prometeu punir os respons\u00e1veis e acusou os seguidores de Assad e pot\u00eancias estrangeiras de semear o caos e instigar ainda mais o conflito.<\/p>\n<p>&nbsp;<\/p>\n<p style=\"text-align: justify;\"><span style=\"font-size: 14pt;\"><strong>GOVERNO DE TRANSI\u00c7\u00c3O COM MINORIAS <\/strong><\/span><\/p>\n<p style=\"text-align: justify;\">Diante de press\u00f5es populares, o HTS anunciou um governo de transi\u00e7\u00e3o com a inclus\u00e3o de representantes de minorias: uma ministra crist\u00e3, um ministro alau\u00edta e um ministro druso. Esse gabinete ampliado \u00e9 visto como um marco importante na transi\u00e7\u00e3o de d\u00e9cadas de governo da fam\u00edlia Assad e na tentativa de melhorar os la\u00e7os da S\u00edria com o Ocidente.<\/p>\n<p>&nbsp;<\/p>\n<p style=\"text-align: justify;\"><span style=\"font-size: 14pt;\"><strong>A GEOPOL\u00cdTICA DO ORIENTE M\u00c9DIO AP\u00d3S A QUEDA DE ASSAD<\/strong><\/span><\/p>\n<p style=\"text-align: justify;\">A queda de Assad mudou significativamente a geopol\u00edtica da regi\u00e3o do Oriente M\u00e9dio. A influ\u00eancia do Ir\u00e3 na S\u00edria enfraqueceu: suas rotas de suprimento para o Hezbollah no L\u00edbano ficaram interrompidas, a embaixada iraniana foi saqueada e muitos diplomatas fugiram do pa\u00eds. Sem o apoio s\u00edrio, o Hezbollah perdeu for\u00e7a operacional e passou a enfrentar maiores dificuldades.<\/p>\n<p style=\"text-align: justify;\">O Hamas, menos dependente da S\u00edria, acompanha a instabilidade com preocupa\u00e7\u00e3o, j\u00e1 que o \u201cEixo da Resist\u00eancia\u201d sofreu abalos.<\/p>\n<p style=\"text-align: justify;\">Enquanto isso, Israel se aproveita da vulnerabilidade para refor\u00e7ar sua posi\u00e7\u00e3o regional, mobilizando for\u00e7as contra a pr\u00f3pria S\u00edria, o Hamas e o Hezbollah. O primeiro-ministro Benjamin Netanyahu redireciona seus esfor\u00e7os contra o Ir\u00e3, visando limitar a influ\u00eancia do pa\u00eds no Oriente M\u00e9dio.<\/p>\n<p>&nbsp;<\/p>\n<p style=\"text-align: justify;\"><span style=\"font-size: 14pt;\"><strong>CONCLUS\u00c3O<\/strong><\/span><\/p>\n<p style=\"text-align: justify;\">A queda do regime de Bashar al-Assad marca um ponto importante na hist\u00f3ria da S\u00edria e em todo o contexto geopol\u00edtico do Oriente M\u00e9dio. Ap\u00f3s mais de uma d\u00e9cada de guerra civil, o pa\u00eds inicia um novo ciclo sob a lideran\u00e7a do HTS, que, embora represente uma quebra com o passado autorit\u00e1rio dos Assad, traz consigo incertezas devido ao seu hist\u00f3rico violento. O novo governo de transi\u00e7\u00e3o, pressionado interna e externamente, enfrenta muitos desafios, como a reconcilia\u00e7\u00e3o nacional, a reconstru\u00e7\u00e3o do pa\u00eds e a garantia dos direitos das minorias.<\/p>\n<p style=\"text-align: justify;\">Ao mesmo tempo, o v\u00e1cuo deixado por Assad desestabiliza antigos aliados, como o Ir\u00e3, e fortalece a posi\u00e7\u00e3o regional de Israel. Sendo assim, o cen\u00e1rio p\u00f3s-Assad \u00e9 marcado por uma fr\u00e1gil esperan\u00e7a de mudan\u00e7a, mas permeada por uma desconfian\u00e7a quanto ao futuro da democracia e dos direitos humanos. O futuro da S\u00edria depender\u00e1, em grande parte, da capacidade do novo governo de romper com as l\u00f3gicas autorit\u00e1rias e saber dialogar para construir um Estado que represente verdadeiramente o povo s\u00edrio.<\/p>\n<p>&nbsp;<\/p>\n<p style=\"text-align: justify;\"><strong>Escrito por:<\/strong> Izadora Bartels Oliveira, <em>Assistente de log\u00edstica<\/em><\/p>\n<p>&nbsp;<\/p>\n<p style=\"text-align: justify;\"><span style=\"font-size: 14pt;\"><strong>REFER\u00caNCIAS<\/strong><\/span><\/p>\n<p style=\"text-align: justify;\">BRASIL DE FATO. <em>S\u00edria anuncia fim de opera\u00e7\u00e3o militar contra apoiadores de Bashar al-Assad; mais de mil morreram, diz observat\u00f3rio<\/em>. 10 mar. 2025. Dispon\u00edvel em: <a href=\"https:\/\/www.brasildefato.com.br\/2025\/03\/10\/siria-anuncia-fim-de-operacao-militar-contra-apoiadores-de-bashar-al-assad-mais-de-mil-morreram-diz-observatorio\">https:\/\/www.brasildefato.com.br\/2025\/03\/10\/siria-anuncia-fim-de-operacao-militar-contra-apoiadores-de-bashar-al-assad-mais-de-mil-morreram-diz-observatorio<\/a>. Acesso em: 21 abr. 2025.<\/p>\n<p style=\"text-align: justify;\">BRASIL DE FATO. <em>\u201cUma d\u00e9cada de guerra na S\u00edria: \u2018N\u00e3o imaginava isso at\u00e9 hoje\u2019, diz refugiada no Brasil\u201d<\/em>. 15 mar. 2021. Dispon\u00edvel em: <a href=\"https:\/\/www.brasildefato.com.br\/2021\/03\/15\/uma-decada-de-guerra-na-siria-nao-imaginava-isso-ate-hoje-diz-refugiada-no-brasil\/\">https:\/\/www.brasildefato.com.br\/2021\/03\/15\/uma-decada-de-guerra-na-siria-nao-imaginava-isso-ate-hoje-diz-refugiada-no-brasil\/<\/a>. Acesso em: 21 abr. 2025.<\/p>\n<p style=\"text-align: justify;\">PRASHAD, Vijay. <em>Como entender a mudan\u00e7a de governo na S\u00edria<\/em>. Brasil de Fato, 23 dez. 2024. Dispon\u00edvel em: <a href=\"https:\/\/www.brasildefato.com.br\/colunista\/vijay-prashad\/2024\/12\/23\/como-entender-a-mudanca-de-governo-na-siria\/\">https:\/\/www.brasildefato.com.br\/colunista\/vijay-prashad\/2024\/12\/23\/como-entender-a-mudanca-de-governo-na-siria\/<\/a>. Acesso em: 21 abr. 2025.<\/p>\n<p style=\"text-align: justify;\">CNN BRASIL. <em>O que est\u00e1 acontecendo na S\u00edria: um guia para entender o conflito<\/em>. Dispon\u00edvel em: <a href=\"https:\/\/www.cnnbrasil.com.br\/internacional\/o-que-esta-acontecendo-na-siria-um-guia-para-entender-o-conflito\/\">https:\/\/www.cnnbrasil.com.br\/internacional\/o-que-esta-acontecendo-na-siria-um-guia-para-entender-o-conflito\/<\/a>. Acesso em: 21 abr. 2025.<\/p>\n<p style=\"text-align: justify;\">CNN BRASIL. <em>O que se sabe sobre a pior viol\u00eancia na S\u00edria desde a queda de Assad<\/em>. Dispon\u00edvel em: <a href=\"https:\/\/www.cnnbrasil.com.br\/internacional\/o-que-se-sabe-sobre-a-pior-violencia-na-siria-desde-a-queda-de-assad\/\">https:\/\/www.cnnbrasil.com.br\/internacional\/o-que-se-sabe-sobre-a-pior-violencia-na-siria-desde-a-queda-de-assad\/<\/a>. Acesso em: 21 abr. 2025.<\/p>\n<p style=\"text-align: justify;\">CNN BRASIL. <em>Presidente da S\u00edria forma governo de transi\u00e7\u00e3o ap\u00f3s massacres<\/em>. Dispon\u00edvel em: <a href=\"https:\/\/www.cnnbrasil.com.br\/internacional\/presidente-da-siria-forma-governo-de-transicao-apos-massacres\/\">https:\/\/www.cnnbrasil.com.br\/internacional\/presidente-da-siria-forma-governo-de-transicao-apos-massacres\/<\/a>. Acesso em: 21 abr. 2025.<\/p>\n<p style=\"text-align: justify;\"><em>__________. Como a mudan\u00e7a clim\u00e1tica precipitou a guerra civil na S\u00edria<\/em>. Dispon\u00edvel em: <a href=\"https:\/\/www.dw.com\/pt-br\/como-a-mudan%C3%A7a-clim%C3%A1tica-precipitou-a-guerra-civil-na-s%C3%ADria\/a-56738737\">https:\/\/www.dw.com\/pt-br\/como-a-mudan%C3%A7a-clim%C3%A1tica-precipitou-a-guerra-civil-na-s%C3%ADria\/a-56738737<\/a>. Acesso em: 21 abr. 2025.<\/p>\n<p style=\"text-align: justify;\"><em>_________. O que est\u00e1 acontecendo na S\u00edria?<\/em> Dispon\u00edvel em: <a href=\"https:\/\/www.dw.com\/pt-br\/o-que-est%C3%A1-acontecendo-na-s%C3%ADria\/a-71880542\">https:\/\/www.dw.com\/pt-br\/o-que-est%C3%A1-acontecendo-na-s%C3%ADria\/a-71880542<\/a>. Acesso em: 21 abr. 2025.<\/p>\n","protected":false},"excerpt":{"rendered":"<p>Iniciado em 2011, o conflito na S\u00edria se tornou um dos epis\u00f3dios mais devastadores e complexos do s\u00e9culo XXI. Envolvendo disputas internas, interesses geopol\u00edticos e uma crise humanit\u00e1ria sem precedentes, a guerra civil transformou completamente o pa\u00eds e toda a din\u00e2mica geopol\u00edtica do Oriente M\u00e9dio. Este texto apresenta um panorama da trajet\u00f3ria do conflito &#8211; desde suas origens e impacto at\u00e9 a queda do regime de Bashar al-Assad -, analisando tamb\u00e9m os impactos sociais, ambientais e pol\u00edticos em um novo cen\u00e1rio ainda marcado por incertezas.<\/p>\n","protected":false},"author":764,"featured_media":5941,"comment_status":"closed","ping_status":"closed","sticky":false,"template":"","format":"standard","meta":{"_jetpack_memberships_contains_paid_content":false,"footnotes":"","jetpack_publicize_message":"","jetpack_publicize_feature_enabled":true,"jetpack_social_post_already_shared":true,"jetpack_social_options":{"image_generator_settings":{"template":"highway","default_image_id":0,"font":"","enabled":false},"version":2}},"categories":[69],"tags":[],"class_list":["post-5939","post","type-post","status-publish","format-standard","has-post-thumbnail","hentry","category-blog","nodate","item-wrap"],"jetpack_publicize_connections":[],"jetpack_featured_media_url":"https:\/\/wp.ufpel.edu.br\/pelotasmun\/files\/2025\/05\/1aee5730-b0c8-11ef-b2d5-1f470ee03eb2.jpg.png","jetpack_sharing_enabled":true,"jetpack_shortlink":"https:\/\/wp.me\/p8QcCB-1xN","jetpack-related-posts":[],"_links":{"self":[{"href":"https:\/\/wp.ufpel.edu.br\/pelotasmun\/wp-json\/wp\/v2\/posts\/5939","targetHints":{"allow":["GET"]}}],"collection":[{"href":"https:\/\/wp.ufpel.edu.br\/pelotasmun\/wp-json\/wp\/v2\/posts"}],"about":[{"href":"https:\/\/wp.ufpel.edu.br\/pelotasmun\/wp-json\/wp\/v2\/types\/post"}],"author":[{"embeddable":true,"href":"https:\/\/wp.ufpel.edu.br\/pelotasmun\/wp-json\/wp\/v2\/users\/764"}],"replies":[{"embeddable":true,"href":"https:\/\/wp.ufpel.edu.br\/pelotasmun\/wp-json\/wp\/v2\/comments?post=5939"}],"version-history":[{"count":5,"href":"https:\/\/wp.ufpel.edu.br\/pelotasmun\/wp-json\/wp\/v2\/posts\/5939\/revisions"}],"predecessor-version":[{"id":5946,"href":"https:\/\/wp.ufpel.edu.br\/pelotasmun\/wp-json\/wp\/v2\/posts\/5939\/revisions\/5946"}],"wp:featuredmedia":[{"embeddable":true,"href":"https:\/\/wp.ufpel.edu.br\/pelotasmun\/wp-json\/wp\/v2\/media\/5941"}],"wp:attachment":[{"href":"https:\/\/wp.ufpel.edu.br\/pelotasmun\/wp-json\/wp\/v2\/media?parent=5939"}],"wp:term":[{"taxonomy":"category","embeddable":true,"href":"https:\/\/wp.ufpel.edu.br\/pelotasmun\/wp-json\/wp\/v2\/categories?post=5939"},{"taxonomy":"post_tag","embeddable":true,"href":"https:\/\/wp.ufpel.edu.br\/pelotasmun\/wp-json\/wp\/v2\/tags?post=5939"}],"curies":[{"name":"wp","href":"https:\/\/api.w.org\/{rel}","templated":true}]}}