{"id":1816,"date":"2020-09-27T21:15:43","date_gmt":"2020-09-28T00:15:43","guid":{"rendered":"https:\/\/wp.ufpel.edu.br\/pelotasmun\/?p=1816"},"modified":"2020-09-27T21:16:02","modified_gmt":"2020-09-28T00:16:02","slug":"direitos-humanos-na-organizacao-das-nacoes-unidas-com-profa-dra-marianna-albuquerque","status":"publish","type":"post","link":"https:\/\/wp.ufpel.edu.br\/pelotasmun\/2020\/09\/27\/direitos-humanos-na-organizacao-das-nacoes-unidas-com-profa-dra-marianna-albuquerque\/","title":{"rendered":"&#8220;Direitos Humanos na Organiza\u00e7\u00e3o das Na\u00e7\u00f5es Unidas&#8221; com Prof\u00aa. Dr\u00aa. Marianna Albuquerque."},"content":{"rendered":"<p><img loading=\"lazy\" decoding=\"async\" class=\"aligncenter size-large wp-image-1818\" src=\"https:\/\/wp.ufpel.edu.br\/pelotasmun\/files\/2020\/09\/live-yt-Marianna-1024x576.jpg\" alt=\"\" width=\"848\" height=\"477\" srcset=\"https:\/\/wp.ufpel.edu.br\/pelotasmun\/files\/2020\/09\/live-yt-Marianna-1024x576.jpg 1024w, https:\/\/wp.ufpel.edu.br\/pelotasmun\/files\/2020\/09\/live-yt-Marianna-400x225.jpg 400w, https:\/\/wp.ufpel.edu.br\/pelotasmun\/files\/2020\/09\/live-yt-Marianna-768x432.jpg 768w, https:\/\/wp.ufpel.edu.br\/pelotasmun\/files\/2020\/09\/live-yt-Marianna-847x476.jpg 847w, https:\/\/wp.ufpel.edu.br\/pelotasmun\/files\/2020\/09\/live-yt-Marianna.jpg 1280w\" sizes=\"auto, (max-width: 848px) 100vw, 848px\" \/><\/p>\n<p data-key=\"19\"><span data-key=\"20\">O Projeto de Extens\u00e3o Pelotas Model United Nations promoveu a videoconfer\u00eancia <strong data-slate-leaf=\"true\">&#8220;Direitos Humanos na Organi\u00e7\u00e3o das Na\u00e7\u00f5es Unidas&#8221;<\/strong> com a Profa. Dra. Marianna Albuquerque, realizada no dia 22\/09\/2020 \u00e0s 20hs.<\/span><\/p>\n<p data-key=\"23\" data-slate-fragment=\"JTdCJTIyb2JqZWN0JTIyJTNBJTIyZG9jdW1lbnQlMjIlMkMlMjJkYXRhJTIyJTNBJTdCJTdEJTJDJTIybm9kZXMlMjIlM0ElNUIlN0IlMjJvYmplY3QlMjIlM0ElMjJibG9jayUyMiUyQyUyMnR5cGUlMjIlM0ElMjJwYXJhZ3JhcGglMjIlMkMlMjJkYXRhJTIyJTNBJTdCJTIyY2xhc3NOYW1lJTIyJTNBbnVsbCU3RCUyQyUyMm5vZGVzJTIyJTNBJTVCJTdCJTIyb2JqZWN0JTIyJTNBJTIydGV4dCUyMiUyQyUyMmxlYXZlcyUyMiUzQSU1QiU3QiUyMm9iamVjdCUyMiUzQSUyMmxlYWYlMjIlMkMlMjJ0ZXh0JTIyJTNBJTIyTyUyMFByb2pldG8lMjBkZSUyMEV4dGVucyVDMyVBM28lMjBQZWxvdGFzJTIwTW9kZWwlMjBVbml0ZWQlMjBOYXRpb25zJTIwcHJvbW92ZSUyMGElMjB2aWRlb2NvbmZlciVDMyVBQW5jaWElMjAlMjIlMkMlMjJtYXJrcyUyMiUzQSU1QiU1RCU3RCUyQyU3QiUyMm9iamVjdCUyMiUzQSUyMmxlYWYlMjIlMkMlMjJ0ZXh0JTIyJTNBJTIyJTVDJTIyRGlyZWl0b3MlMjBIdW1hbm9zJTIwbmElMjBPcmdhbmklQzMlQTclQzMlQTNvJTIwZGFzJTIwTmElQzMlQTclQzMlQjVlcyUyMFVuaWRhcyU1QyUyMiUyMiUyQyUyMm1hcmtzJTIyJTNBJTVCJTdCJTIyb2JqZWN0JTIyJTNBJTIybWFyayUyMiUyQyUyMnR5cGUlMjIlM0ElMjJib2xkJTIyJTJDJTIyZGF0YSUyMiUzQSU3QiU3RCU3RCU1RCU3RCUyQyU3QiUyMm9iamVjdCUyMiUzQSUyMmxlYWYlMjIlMkMlMjJ0ZXh0JTIyJTNBJTIyJTIwY29tJTIwYSUyMFByb2ZhLiUyMCUyMERyYS4lMjBNYXJpYW5uYSUyMEFsYnVxdWVycXVlJTJDJTIwcXVlJTIwc2VyJUMzJUExJTIwcmVhbGl6YWRhJTIwbm8lMjBkaWElMjAyMiUyRjA5JTJGMjAyMCUyMCVDMyVBMHMlMjAyMGhzLiUyMiUyQyUyMm1hcmtzJTIyJTNBJTVCJTVEJTdEJTVEJTdEJTVEJTdEJTJDJTdCJTIyb2JqZWN0JTIyJTNBJTIyYmxvY2slMjIlMkMlMjJ0eXBlJTIyJTNBJTIycGFyYWdyYXBoJTIyJTJDJTIyZGF0YSUyMiUzQSU3QiUyMmNsYXNzTmFtZSUyMiUzQW51bGwlN0QlMkMlMjJub2RlcyUyMiUzQSU1QiU3QiUyMm9iamVjdCUyMiUzQSUyMnRleHQlMjIlMkMlMjJsZWF2ZXMlMjIlM0ElNUIlN0IlMjJvYmplY3QlMjIlM0ElMjJsZWFmJTIyJTJDJTIydGV4dCUyMiUzQSUyMkElMjAlMjIlMkMlMjJtYXJrcyUyMiUzQSU1QiU1RCU3RCUyQyU3QiUyMm9iamVjdCUyMiUzQSUyMmxlYWYlMjIlMkMlMjJ0ZXh0JTIyJTNBJTIyUHJvZmVzc29yYSUyMERvdXRvcmElMjBNYXJpYW5uYSUyMFJlc3R1bSUyMEFudG9uaW8lMjBkZSUyMEFsYnVxdWVycXVlJTIyJTJDJTIybWFya3MlMjIlM0ElNUIlN0IlMjJvYmplY3QlMjIlM0ElMjJtYXJrJTIyJTJDJTIydHlwZSUyMiUzQSUyMmJvbGQlMjIlMkMlMjJkYXRhJTIyJTNBJTdCJTdEJTdEJTVEJTdEJTJDJTdCJTIyb2JqZWN0JTIyJTNBJTIybGVhZiUyMiUyQyUyMnRleHQlMjIlM0ElMjIlMjAlQzMlQTklMjBEb3V0b3JhJTIwZW0lMjBDaSVDMyVBQW5jaWElMjBQb2wlQzMlQUR0aWNhJTIwcGVsbyUyMEluc3RpdHV0byUyMGRlJTIwRXN0dWRvcyUyMFNvY2lhaXMlMjBlJTIwUG9sJUMzJUFEdGljb3MlMjAoSWVzcCUyMC1VZXJqKS4lMjBNZXN0cmUlMjBlbSUyMENpJUMzJUFBbmNpYSUyMFBvbCVDMyVBRHRpY2ElMjBwZWxvJTIwSW5zdGl0dXRvJTIwZGUlMjBFc3R1ZG9zJTIwU29jaWFpcyUyMGUlMjBQb2wlQzMlQUR0aWNvcyUyMChJZXNwLVVlcilqLiUyMFBvc3N1aSUyMGdyYWR1YSVDMyVBNyVDMyVBM28lMjBlbSUyMENpJUMzJUFBbmNpYSUyMFBvbCVDMyVBRHRpY2ElMjBwZWxhJTIwVW5pdmVyc2lkYWRlJTIwRmVkZXJhbCUyMGRvJTIwRXN0YWRvJTIwZG8lMjBSaW8lMjBkZSUyMEphbmVpcm8lMjAoMjAxMyklMjBlJTIwZ3JhZHVhJUMzJUE3JUMzJUEzbyUyMGVtJTIwUmVsYSVDMyVBNyVDMyVCNWVzJTIwSW50ZXJuYWNpb25haXMlMjBwZWxhJTIwVW5pdmVyc2lkYWRlJTIwRmVkZXJhbCUyMGRvJTIwUmlvJTIwZGUlMjBKYW5laXJvJTIwKDIwMTMpLiUyMEVtJTIwMjAxOSUyQyUyMHRyYWJhbGhvdSUyMG5vJTIwdGhpbmslMjB0YW5rJTIwQ2VudHJvJTIwQnJhc2lsJTIwbm8lMjBDbGltYSUyMChDQkMpJTIwLiUyMCVDMyU4OSUyMHBlc3F1aXNhZG9yYSUyMGUlMjBjb29yZGVuYWRvcmElMjBkbyUyME9ic2VydmF0JUMzJUIzcmlvJTIwUG9sJUMzJUFEdGljbyUyMFN1bC1BbWVyaWNhbm8lMjAoT1BTQSklMjBkZXNkZSUyMDIwMTQuJTIwRm9pJTIwcHJvZmVzc29yYSUyMHN1YnN0aXR1dGElMjBkbyUyMEluc3RpdHV0byUyMGRlJTIwRXN0dWRvcyUyMEVzdHJhdCVDMyVBOWdpY29zJTIwKElORVNULVVGRiklMjBlbnRyZSUyMDIwMTclMjBlJTIwMjAxOS4lMjBUZW0lMjBleHBlcmklQzMlQUFuY2lhJTIwbmElMjAlQzMlQTFyZWElMjBkZSUyMENpJUMzJUFBbmNpYSUyMFBvbCVDMyVBRHRpY2ElMkMlMjBjb20lMjAlQzMlQUFuZmFzZSUyMGVtJTIwUG9sJUMzJUFEdGljYSUyMEludGVybmFjaW9uYWwlMkMlMjBhdHVhbmRvJTIwcHJpbmNpcGFsbWVudGUlMjBub3MlMjBlc3R1ZG9zJTIwc29icmUlMjBPcmdhbml6YSVDMyVBNyVDMyVCNWVzJTIwSW50ZXJuYWNpb25haXMuJTIwJTIyJTJDJTIybWFya3MlMjIlM0ElNUIlNUQlN0QlNUQlN0QlNUQlN0QlNUQlN0Q=\"><span data-key=\"24\">A <strong data-slate-leaf=\"true\">Professora Doutora Marianna Restum Antonio de Albuquerque<\/strong> \u00e9 Doutora em Ci\u00eancia Pol\u00edtica pelo Instituto de Estudos Sociais e Pol\u00edticos (Iesp -Uerj). Mestre em Ci\u00eancia Pol\u00edtica pelo Instituto de Estudos Sociais e Pol\u00edticos (Iesp-Uer)j. Possui gradua\u00e7\u00e3o em Ci\u00eancia Pol\u00edtica pela Universidade Federal do Estado do Rio de Janeiro (2013) e gradua\u00e7\u00e3o em Rela\u00e7\u00f5es Internacionais pela Universidade Federal do Rio de Janeiro (2013). Em 2019, trabalhou no think tank Centro Brasil no Clima (CBC) . \u00c9 pesquisadora e coordenadora do Observat\u00f3rio Pol\u00edtico Sul-Americano (OPSA) desde 2014. Foi professora substituta do Instituto de Estudos Estrat\u00e9gicos (INEST-UFF) entre 2017 e 2019. Tem experi\u00eancia na \u00e1rea de Ci\u00eancia Pol\u00edtica, com \u00eanfase em Pol\u00edtica Internacional, atuando principalmente nos estudos sobre Organiza\u00e7\u00f5es Internacionais.<\/span><\/p>\n<p data-key=\"23\" data-slate-fragment=\"JTdCJTIyb2JqZWN0JTIyJTNBJTIyZG9jdW1lbnQlMjIlMkMlMjJkYXRhJTIyJTNBJTdCJTdEJTJDJTIybm9kZXMlMjIlM0ElNUIlN0IlMjJvYmplY3QlMjIlM0ElMjJibG9jayUyMiUyQyUyMnR5cGUlMjIlM0ElMjJwYXJhZ3JhcGglMjIlMkMlMjJkYXRhJTIyJTNBJTdCJTIyY2xhc3NOYW1lJTIyJTNBbnVsbCU3RCUyQyUyMm5vZGVzJTIyJTNBJTVCJTdCJTIyb2JqZWN0JTIyJTNBJTIydGV4dCUyMiUyQyUyMmxlYXZlcyUyMiUzQSU1QiU3QiUyMm9iamVjdCUyMiUzQSUyMmxlYWYlMjIlMkMlMjJ0ZXh0JTIyJTNBJTIyTyUyMFByb2pldG8lMjBkZSUyMEV4dGVucyVDMyVBM28lMjBQZWxvdGFzJTIwTW9kZWwlMjBVbml0ZWQlMjBOYXRpb25zJTIwcHJvbW92ZSUyMGElMjB2aWRlb2NvbmZlciVDMyVBQW5jaWElMjAlMjIlMkMlMjJtYXJrcyUyMiUzQSU1QiU1RCU3RCUyQyU3QiUyMm9iamVjdCUyMiUzQSUyMmxlYWYlMjIlMkMlMjJ0ZXh0JTIyJTNBJTIyJTVDJTIyRGlyZWl0b3MlMjBIdW1hbm9zJTIwbmElMjBPcmdhbmklQzMlQTclQzMlQTNvJTIwZGFzJTIwTmElQzMlQTclQzMlQjVlcyUyMFVuaWRhcyU1QyUyMiUyMiUyQyUyMm1hcmtzJTIyJTNBJTVCJTdCJTIyb2JqZWN0JTIyJTNBJTIybWFyayUyMiUyQyUyMnR5cGUlMjIlM0ElMjJib2xkJTIyJTJDJTIyZGF0YSUyMiUzQSU3QiU3RCU3RCU1RCU3RCUyQyU3QiUyMm9iamVjdCUyMiUzQSUyMmxlYWYlMjIlMkMlMjJ0ZXh0JTIyJTNBJTIyJTIwY29tJTIwYSUyMFByb2ZhLiUyMCUyMERyYS4lMjBNYXJpYW5uYSUyMEFsYnVxdWVycXVlJTJDJTIwcXVlJTIwc2VyJUMzJUExJTIwcmVhbGl6YWRhJTIwbm8lMjBkaWElMjAyMiUyRjA5JTJGMjAyMCUyMCVDMyVBMHMlMjAyMGhzLiUyMiUyQyUyMm1hcmtzJTIyJTNBJTVCJTVEJTdEJTVEJTdEJTVEJTdEJTJDJTdCJTIyb2JqZWN0JTIyJTNBJTIyYmxvY2slMjIlMkMlMjJ0eXBlJTIyJTNBJTIycGFyYWdyYXBoJTIyJTJDJTIyZGF0YSUyMiUzQSU3QiUyMmNsYXNzTmFtZSUyMiUzQW51bGwlN0QlMkMlMjJub2RlcyUyMiUzQSU1QiU3QiUyMm9iamVjdCUyMiUzQSUyMnRleHQlMjIlMkMlMjJsZWF2ZXMlMjIlM0ElNUIlN0IlMjJvYmplY3QlMjIlM0ElMjJsZWFmJTIyJTJDJTIydGV4dCUyMiUzQSUyMkElMjAlMjIlMkMlMjJtYXJrcyUyMiUzQSU1QiU1RCU3RCUyQyU3QiUyMm9iamVjdCUyMiUzQSUyMmxlYWYlMjIlMkMlMjJ0ZXh0JTIyJTNBJTIyUHJvZmVzc29yYSUyMERvdXRvcmElMjBNYXJpYW5uYSUyMFJlc3R1bSUyMEFudG9uaW8lMjBkZSUyMEFsYnVxdWVycXVlJTIyJTJDJTIybWFya3MlMjIlM0ElNUIlN0IlMjJvYmplY3QlMjIlM0ElMjJtYXJrJTIyJTJDJTIydHlwZSUyMiUzQSUyMmJvbGQlMjIlMkMlMjJkYXRhJTIyJTNBJTdCJTdEJTdEJTVEJTdEJTJDJTdCJTIyb2JqZWN0JTIyJTNBJTIybGVhZiUyMiUyQyUyMnRleHQlMjIlM0ElMjIlMjAlQzMlQTklMjBEb3V0b3JhJTIwZW0lMjBDaSVDMyVBQW5jaWElMjBQb2wlQzMlQUR0aWNhJTIwcGVsbyUyMEluc3RpdHV0byUyMGRlJTIwRXN0dWRvcyUyMFNvY2lhaXMlMjBlJTIwUG9sJUMzJUFEdGljb3MlMjAoSWVzcCUyMC1VZXJqKS4lMjBNZXN0cmUlMjBlbSUyMENpJUMzJUFBbmNpYSUyMFBvbCVDMyVBRHRpY2ElMjBwZWxvJTIwSW5zdGl0dXRvJTIwZGUlMjBFc3R1ZG9zJTIwU29jaWFpcyUyMGUlMjBQb2wlQzMlQUR0aWNvcyUyMChJZXNwLVVlcilqLiUyMFBvc3N1aSUyMGdyYWR1YSVDMyVBNyVDMyVBM28lMjBlbSUyMENpJUMzJUFBbmNpYSUyMFBvbCVDMyVBRHRpY2ElMjBwZWxhJTIwVW5pdmVyc2lkYWRlJTIwRmVkZXJhbCUyMGRvJTIwRXN0YWRvJTIwZG8lMjBSaW8lMjBkZSUyMEphbmVpcm8lMjAoMjAxMyklMjBlJTIwZ3JhZHVhJUMzJUE3JUMzJUEzbyUyMGVtJTIwUmVsYSVDMyVBNyVDMyVCNWVzJTIwSW50ZXJuYWNpb25haXMlMjBwZWxhJTIwVW5pdmVyc2lkYWRlJTIwRmVkZXJhbCUyMGRvJTIwUmlvJTIwZGUlMjBKYW5laXJvJTIwKDIwMTMpLiUyMEVtJTIwMjAxOSUyQyUyMHRyYWJhbGhvdSUyMG5vJTIwdGhpbmslMjB0YW5rJTIwQ2VudHJvJTIwQnJhc2lsJTIwbm8lMjBDbGltYSUyMChDQkMpJTIwLiUyMCVDMyU4OSUyMHBlc3F1aXNhZG9yYSUyMGUlMjBjb29yZGVuYWRvcmElMjBkbyUyME9ic2VydmF0JUMzJUIzcmlvJTIwUG9sJUMzJUFEdGljbyUyMFN1bC1BbWVyaWNhbm8lMjAoT1BTQSklMjBkZXNkZSUyMDIwMTQuJTIwRm9pJTIwcHJvZmVzc29yYSUyMHN1YnN0aXR1dGElMjBkbyUyMEluc3RpdHV0byUyMGRlJTIwRXN0dWRvcyUyMEVzdHJhdCVDMyVBOWdpY29zJTIwKElORVNULVVGRiklMjBlbnRyZSUyMDIwMTclMjBlJTIwMjAxOS4lMjBUZW0lMjBleHBlcmklQzMlQUFuY2lhJTIwbmElMjAlQzMlQTFyZWElMjBkZSUyMENpJUMzJUFBbmNpYSUyMFBvbCVDMyVBRHRpY2ElMkMlMjBjb20lMjAlQzMlQUFuZmFzZSUyMGVtJTIwUG9sJUMzJUFEdGljYSUyMEludGVybmFjaW9uYWwlMkMlMjBhdHVhbmRvJTIwcHJpbmNpcGFsbWVudGUlMjBub3MlMjBlc3R1ZG9zJTIwc29icmUlMjBPcmdhbml6YSVDMyVBNyVDMyVCNWVzJTIwSW50ZXJuYWNpb25haXMuJTIwJTIyJTJDJTIybWFya3MlMjIlM0ElNUIlNUQlN0QlNUQlN0QlNUQlN0QlNUQlN0Q=\">Confira abaixo a palestra na \u00edntegra:<\/p>\n<div class=\"embed-container\"><iframe loading=\"lazy\" title=\"Direitos Humanos na Organiza\u00e7\u00e3o das Na\u00e7\u00f5es Unidas\" width=\"1050\" height=\"591\" src=\"https:\/\/www.youtube.com\/embed\/vdSyScsLGEE?feature=oembed\" frameborder=\"0\" allow=\"accelerometer; autoplay; clipboard-write; encrypted-media; gyroscope; picture-in-picture; web-share\" referrerpolicy=\"strict-origin-when-cross-origin\" allowfullscreen><\/iframe><\/div>\n","protected":false},"excerpt":{"rendered":"<p>O Projeto de Extens\u00e3o Pelotas Model United Nations promoveu a videoconfer\u00eancia &#8220;Direitos Humanos na Organi\u00e7\u00e3o das Na\u00e7\u00f5es Unidas&#8221; com a Profa. Dra. Marianna Albuquerque, realizada no dia 22\/09\/2020 \u00e0s 20hs. A Professora Doutora Marianna Restum Antonio de Albuquerque \u00e9 Doutora em Ci\u00eancia Pol\u00edtica pelo Instituto de Estudos Sociais e Pol\u00edticos (Iesp -Uerj). Mestre em Ci\u00eancia &hellip; <\/p>\n<p><a class=\"more-link btn\" href=\"https:\/\/wp.ufpel.edu.br\/pelotasmun\/2020\/09\/27\/direitos-humanos-na-organizacao-das-nacoes-unidas-com-profa-dra-marianna-albuquerque\/\">Continue lendo<\/a><\/p>\n","protected":false},"author":764,"featured_media":0,"comment_status":"closed","ping_status":"closed","sticky":false,"template":"","format":"standard","meta":{"_jetpack_memberships_contains_paid_content":false,"footnotes":"","jetpack_publicize_message":"","jetpack_publicize_feature_enabled":true,"jetpack_social_post_already_shared":true,"jetpack_social_options":{"image_generator_settings":{"template":"highway","default_image_id":0,"font":"","enabled":false},"version":2}},"categories":[11],"tags":[],"class_list":["post-1816","post","type-post","status-publish","format-standard","hentry","category-lives","nodate","item-wrap"],"jetpack_publicize_connections":[],"jetpack_featured_media_url":"","jetpack_sharing_enabled":true,"jetpack_shortlink":"https:\/\/wp.me\/p8QcCB-ti","jetpack-related-posts":[],"_links":{"self":[{"href":"https:\/\/wp.ufpel.edu.br\/pelotasmun\/wp-json\/wp\/v2\/posts\/1816","targetHints":{"allow":["GET"]}}],"collection":[{"href":"https:\/\/wp.ufpel.edu.br\/pelotasmun\/wp-json\/wp\/v2\/posts"}],"about":[{"href":"https:\/\/wp.ufpel.edu.br\/pelotasmun\/wp-json\/wp\/v2\/types\/post"}],"author":[{"embeddable":true,"href":"https:\/\/wp.ufpel.edu.br\/pelotasmun\/wp-json\/wp\/v2\/users\/764"}],"replies":[{"embeddable":true,"href":"https:\/\/wp.ufpel.edu.br\/pelotasmun\/wp-json\/wp\/v2\/comments?post=1816"}],"version-history":[{"count":1,"href":"https:\/\/wp.ufpel.edu.br\/pelotasmun\/wp-json\/wp\/v2\/posts\/1816\/revisions"}],"predecessor-version":[{"id":1819,"href":"https:\/\/wp.ufpel.edu.br\/pelotasmun\/wp-json\/wp\/v2\/posts\/1816\/revisions\/1819"}],"wp:attachment":[{"href":"https:\/\/wp.ufpel.edu.br\/pelotasmun\/wp-json\/wp\/v2\/media?parent=1816"}],"wp:term":[{"taxonomy":"category","embeddable":true,"href":"https:\/\/wp.ufpel.edu.br\/pelotasmun\/wp-json\/wp\/v2\/categories?post=1816"},{"taxonomy":"post_tag","embeddable":true,"href":"https:\/\/wp.ufpel.edu.br\/pelotasmun\/wp-json\/wp\/v2\/tags?post=1816"}],"curies":[{"name":"wp","href":"https:\/\/api.w.org\/{rel}","templated":true}]}}