{"id":2096,"date":"2024-07-23T18:02:07","date_gmt":"2024-07-23T21:02:07","guid":{"rendered":"https:\/\/wp.ufpel.edu.br\/pedagogia\/?p=2096"},"modified":"2024-07-23T18:02:07","modified_gmt":"2024-07-23T21:02:07","slug":"faculdade-de-educacao-48-anos-de-compromisso-com-a-educacao-publica","status":"publish","type":"post","link":"https:\/\/wp.ufpel.edu.br\/pedagogia\/2024\/07\/23\/faculdade-de-educacao-48-anos-de-compromisso-com-a-educacao-publica\/","title":{"rendered":"Faculdade de Educa\u00e7\u00e3o: 48 anos de compromisso com  a educa\u00e7\u00e3o p\u00fablica"},"content":{"rendered":"<p><a href=\"https:\/\/wp.ufpel.edu.br\/pedagogia\/files\/2024\/07\/WhatsApp-Image-2024-07-23-at-17.47.46.jpeg\"><img class=\"size-medium wp-image-2099 aligncenter\" src=\"https:\/\/wp.ufpel.edu.br\/pedagogia\/files\/2024\/07\/WhatsApp-Image-2024-07-23-at-17.47.46-283x400.jpeg\" alt=\"\" width=\"283\" height=\"400\" srcset=\"https:\/\/wp.ufpel.edu.br\/pedagogia\/files\/2024\/07\/WhatsApp-Image-2024-07-23-at-17.47.46-283x400.jpeg 283w, https:\/\/wp.ufpel.edu.br\/pedagogia\/files\/2024\/07\/WhatsApp-Image-2024-07-23-at-17.47.46-724x1024.jpeg 724w, https:\/\/wp.ufpel.edu.br\/pedagogia\/files\/2024\/07\/WhatsApp-Image-2024-07-23-at-17.47.46-768x1086.jpeg 768w, https:\/\/wp.ufpel.edu.br\/pedagogia\/files\/2024\/07\/WhatsApp-Image-2024-07-23-at-17.47.46.jpeg 905w\" sizes=\"(max-width: 283px) 100vw, 283px\" \/><\/a><\/p>\n","protected":false},"excerpt":{"rendered":"","protected":false},"author":314,"featured_media":0,"comment_status":"closed","ping_status":"closed","sticky":false,"template":"","format":"standard","meta":{"_jetpack_memberships_contains_paid_content":false,"footnotes":""},"categories":[22,23],"tags":[],"class_list":["post-2096","post","type-post","status-publish","format-standard","hentry","category-acontece-na-fae","category-acontece-na-pedagogia"],"jetpack_featured_media_url":"","jetpack_sharing_enabled":true,"_links":{"self":[{"href":"https:\/\/wp.ufpel.edu.br\/pedagogia\/wp-json\/wp\/v2\/posts\/2096","targetHints":{"allow":["GET"]}}],"collection":[{"href":"https:\/\/wp.ufpel.edu.br\/pedagogia\/wp-json\/wp\/v2\/posts"}],"about":[{"href":"https:\/\/wp.ufpel.edu.br\/pedagogia\/wp-json\/wp\/v2\/types\/post"}],"author":[{"embeddable":true,"href":"https:\/\/wp.ufpel.edu.br\/pedagogia\/wp-json\/wp\/v2\/users\/314"}],"replies":[{"embeddable":true,"href":"https:\/\/wp.ufpel.edu.br\/pedagogia\/wp-json\/wp\/v2\/comments?post=2096"}],"version-history":[{"count":1,"href":"https:\/\/wp.ufpel.edu.br\/pedagogia\/wp-json\/wp\/v2\/posts\/2096\/revisions"}],"predecessor-version":[{"id":2100,"href":"https:\/\/wp.ufpel.edu.br\/pedagogia\/wp-json\/wp\/v2\/posts\/2096\/revisions\/2100"}],"wp:attachment":[{"href":"https:\/\/wp.ufpel.edu.br\/pedagogia\/wp-json\/wp\/v2\/media?parent=2096"}],"wp:term":[{"taxonomy":"category","embeddable":true,"href":"https:\/\/wp.ufpel.edu.br\/pedagogia\/wp-json\/wp\/v2\/categories?post=2096"},{"taxonomy":"post_tag","embeddable":true,"href":"https:\/\/wp.ufpel.edu.br\/pedagogia\/wp-json\/wp\/v2\/tags?post=2096"}],"curies":[{"name":"wp","href":"https:\/\/api.w.org\/{rel}","templated":true}]}}