{"id":709,"date":"2022-07-14T10:59:31","date_gmt":"2022-07-14T13:59:31","guid":{"rendered":"https:\/\/wp.ufpel.edu.br\/patrimonioindustrial\/?p=709"},"modified":"2022-07-14T10:59:31","modified_gmt":"2022-07-14T13:59:31","slug":"narrativas-de-professores-sebastiao-peres","status":"publish","type":"post","link":"https:\/\/wp.ufpel.edu.br\/patrimonioindustrial\/2022\/07\/14\/narrativas-de-professores-sebastiao-peres\/","title":{"rendered":"Narrativas de professores &#8211; Sebasti\u00e3o Peres"},"content":{"rendered":"<p>Nesta semana, ainda na sequ\u00eancia dos trabalhos sobre a mem\u00f3ria e as narrativas da comunidade, compartilhamos com voc\u00eas mais um de nossos colaboradores: o professor do curso de Hist\u00f3ria e diretor do ICH, Dr. Sebasti\u00e3o Peres.<\/p>\n<p>O professor compartilhou conosco suas mem\u00f3rias a respeito da ocupa\u00e7\u00e3o dos pr\u00e9dios por parte da UFPel e, sobretudo, a respeito do impacto que ocorreu a partir da ida da Universidade para a regi\u00e3o do Porto. \ud83c\udfed<\/p>\n<p><img loading=\"lazy\" decoding=\"async\" class=\"alignnone size-full wp-image-711\" src=\"https:\/\/wp.ufpel.edu.br\/patrimonioindustrial\/files\/2022\/07\/Captura-de-Tela-2022-07-14-a\u0300s-10.43.50.png\" alt=\"\" width=\"716\" height=\"714\" srcset=\"https:\/\/wp.ufpel.edu.br\/patrimonioindustrial\/files\/2022\/07\/Captura-de-Tela-2022-07-14-a\u0300s-10.43.50.png 716w, https:\/\/wp.ufpel.edu.br\/patrimonioindustrial\/files\/2022\/07\/Captura-de-Tela-2022-07-14-a\u0300s-10.43.50-400x400.png 400w, https:\/\/wp.ufpel.edu.br\/patrimonioindustrial\/files\/2022\/07\/Captura-de-Tela-2022-07-14-a\u0300s-10.43.50-200x200.png 200w, https:\/\/wp.ufpel.edu.br\/patrimonioindustrial\/files\/2022\/07\/Captura-de-Tela-2022-07-14-a\u0300s-10.43.50-301x300.png 301w\" sizes=\"auto, (max-width: 716px) 100vw, 716px\" \/> <img loading=\"lazy\" decoding=\"async\" class=\"alignnone size-full wp-image-712\" src=\"https:\/\/wp.ufpel.edu.br\/patrimonioindustrial\/files\/2022\/07\/Captura-de-Tela-2022-07-14-a\u0300s-10.44.04.png\" alt=\"\" width=\"713\" height=\"717\" srcset=\"https:\/\/wp.ufpel.edu.br\/patrimonioindustrial\/files\/2022\/07\/Captura-de-Tela-2022-07-14-a\u0300s-10.44.04.png 713w, https:\/\/wp.ufpel.edu.br\/patrimonioindustrial\/files\/2022\/07\/Captura-de-Tela-2022-07-14-a\u0300s-10.44.04-398x400.png 398w, https:\/\/wp.ufpel.edu.br\/patrimonioindustrial\/files\/2022\/07\/Captura-de-Tela-2022-07-14-a\u0300s-10.44.04-200x200.png 200w, https:\/\/wp.ufpel.edu.br\/patrimonioindustrial\/files\/2022\/07\/Captura-de-Tela-2022-07-14-a\u0300s-10.44.04-298x300.png 298w\" sizes=\"auto, (max-width: 713px) 100vw, 713px\" \/> <img loading=\"lazy\" decoding=\"async\" class=\"alignnone size-full wp-image-713\" src=\"https:\/\/wp.ufpel.edu.br\/patrimonioindustrial\/files\/2022\/07\/Captura-de-Tela-2022-07-14-a\u0300s-10.44.20.png\" alt=\"\" width=\"715\" height=\"716\" srcset=\"https:\/\/wp.ufpel.edu.br\/patrimonioindustrial\/files\/2022\/07\/Captura-de-Tela-2022-07-14-a\u0300s-10.44.20.png 715w, https:\/\/wp.ufpel.edu.br\/patrimonioindustrial\/files\/2022\/07\/Captura-de-Tela-2022-07-14-a\u0300s-10.44.20-400x400.png 400w, https:\/\/wp.ufpel.edu.br\/patrimonioindustrial\/files\/2022\/07\/Captura-de-Tela-2022-07-14-a\u0300s-10.44.20-200x200.png 200w, https:\/\/wp.ufpel.edu.br\/patrimonioindustrial\/files\/2022\/07\/Captura-de-Tela-2022-07-14-a\u0300s-10.44.20-300x300.png 300w\" sizes=\"auto, (max-width: 715px) 100vw, 715px\" \/><\/p>\n","protected":false},"excerpt":{"rendered":"<p>Nesta semana, ainda na sequ\u00eancia dos trabalhos sobre a mem\u00f3ria e as narrativas da comunidade, compartilhamos com voc\u00eas mais um de nossos colaboradores: o professor do curso de Hist\u00f3ria e diretor do ICH, Dr. Sebasti\u00e3o Peres. O professor compartilhou conosco suas mem\u00f3rias a respeito da ocupa\u00e7\u00e3o dos pr\u00e9dios por parte da UFPel e, sobretudo, a&#8230; <\/p>\n<div class=\"link-more\"><a href=\"https:\/\/wp.ufpel.edu.br\/patrimonioindustrial\/2022\/07\/14\/narrativas-de-professores-sebastiao-peres\/\">Leia mais<\/a><\/div>\n","protected":false},"author":1067,"featured_media":711,"comment_status":"closed","ping_status":"closed","sticky":false,"template":"","format":"image","meta":{"footnotes":""},"categories":[1],"tags":[],"class_list":["post-709","post","type-post","status-publish","format-image","has-post-thumbnail","hentry","category-noticias","post_format-post-format-image"],"jetpack_featured_media_url":"https:\/\/wp.ufpel.edu.br\/patrimonioindustrial\/files\/2022\/07\/Captura-de-Tela-2022-07-14-a\u0300s-10.43.50.png","_links":{"self":[{"href":"https:\/\/wp.ufpel.edu.br\/patrimonioindustrial\/wp-json\/wp\/v2\/posts\/709","targetHints":{"allow":["GET"]}}],"collection":[{"href":"https:\/\/wp.ufpel.edu.br\/patrimonioindustrial\/wp-json\/wp\/v2\/posts"}],"about":[{"href":"https:\/\/wp.ufpel.edu.br\/patrimonioindustrial\/wp-json\/wp\/v2\/types\/post"}],"author":[{"embeddable":true,"href":"https:\/\/wp.ufpel.edu.br\/patrimonioindustrial\/wp-json\/wp\/v2\/users\/1067"}],"replies":[{"embeddable":true,"href":"https:\/\/wp.ufpel.edu.br\/patrimonioindustrial\/wp-json\/wp\/v2\/comments?post=709"}],"version-history":[{"count":1,"href":"https:\/\/wp.ufpel.edu.br\/patrimonioindustrial\/wp-json\/wp\/v2\/posts\/709\/revisions"}],"predecessor-version":[{"id":714,"href":"https:\/\/wp.ufpel.edu.br\/patrimonioindustrial\/wp-json\/wp\/v2\/posts\/709\/revisions\/714"}],"wp:featuredmedia":[{"embeddable":true,"href":"https:\/\/wp.ufpel.edu.br\/patrimonioindustrial\/wp-json\/wp\/v2\/media\/711"}],"wp:attachment":[{"href":"https:\/\/wp.ufpel.edu.br\/patrimonioindustrial\/wp-json\/wp\/v2\/media?parent=709"}],"wp:term":[{"taxonomy":"category","embeddable":true,"href":"https:\/\/wp.ufpel.edu.br\/patrimonioindustrial\/wp-json\/wp\/v2\/categories?post=709"},{"taxonomy":"post_tag","embeddable":true,"href":"https:\/\/wp.ufpel.edu.br\/patrimonioindustrial\/wp-json\/wp\/v2\/tags?post=709"}],"curies":[{"name":"wp","href":"https:\/\/api.w.org\/{rel}","templated":true}]}}