{"id":685,"date":"2022-06-30T20:15:34","date_gmt":"2022-06-30T23:15:34","guid":{"rendered":"https:\/\/wp.ufpel.edu.br\/patrimonioindustrial\/?p=685"},"modified":"2022-06-30T20:15:34","modified_gmt":"2022-06-30T23:15:34","slug":"entrevistas-dona-edith","status":"publish","type":"post","link":"https:\/\/wp.ufpel.edu.br\/patrimonioindustrial\/2022\/06\/30\/entrevistas-dona-edith\/","title":{"rendered":"Entrevistas &#8211; Dona Edith"},"content":{"rendered":"<p>Nesta semana daremos in\u00edcio a uma nova sequ\u00eancia de publica\u00e7\u00f5es, trazendo as mem\u00f3rias e as narrativas de ex-trabalhadores e moradores vinculados ao Patrim\u00f4nio Industrial de Pelotas.<\/p>\n<p>Hoje apresentamos a voc\u00eas dona Edith, nascida em 1934, morou toda sua vida pr\u00f3ximo ao antigo Frigor\u00edfico Anglo. Acompanhou de perto as transforma\u00e7\u00f5es ocorridas no bairro ap\u00f3s o fechamento da ind\u00fastria e nos relatou a import\u00e2ncia da vinda da Universidade para a regi\u00e3o.<\/p>\n<p>Dona Edith faleceu em 20 de maio de 2022, vinte dias depois de ser entrevistada. Est\u00e1 publica\u00e7\u00e3o tamb\u00e9m \u00e9 uma homenagem a sua participa\u00e7\u00e3o no projeto, valorizando infinitamente sua contribui\u00e7\u00e3o, demostrando assim a import\u00e2ncia desses registros, antes que j\u00e1 n\u00e3o se possa contar com eles.<\/p>\n<p><img loading=\"lazy\" decoding=\"async\" class=\"alignnone size-full wp-image-687\" src=\"https:\/\/wp.ufpel.edu.br\/patrimonioindustrial\/files\/2022\/06\/Captura-de-Tela-2022-06-30-a\u0300s-20.13.00.png\" alt=\"\" width=\"682\" height=\"677\" srcset=\"https:\/\/wp.ufpel.edu.br\/patrimonioindustrial\/files\/2022\/06\/Captura-de-Tela-2022-06-30-a\u0300s-20.13.00.png 682w, https:\/\/wp.ufpel.edu.br\/patrimonioindustrial\/files\/2022\/06\/Captura-de-Tela-2022-06-30-a\u0300s-20.13.00-400x397.png 400w, https:\/\/wp.ufpel.edu.br\/patrimonioindustrial\/files\/2022\/06\/Captura-de-Tela-2022-06-30-a\u0300s-20.13.00-200x200.png 200w, https:\/\/wp.ufpel.edu.br\/patrimonioindustrial\/files\/2022\/06\/Captura-de-Tela-2022-06-30-a\u0300s-20.13.00-302x300.png 302w\" sizes=\"auto, (max-width: 682px) 100vw, 682px\" \/> <img loading=\"lazy\" decoding=\"async\" class=\"alignnone size-medium wp-image-688\" src=\"https:\/\/wp.ufpel.edu.br\/patrimonioindustrial\/files\/2022\/06\/Captura-de-Tela-2022-06-30-a\u0300s-20.13.18-400x398.png\" alt=\"\" width=\"400\" height=\"398\" srcset=\"https:\/\/wp.ufpel.edu.br\/patrimonioindustrial\/files\/2022\/06\/Captura-de-Tela-2022-06-30-a\u0300s-20.13.18-400x398.png 400w, https:\/\/wp.ufpel.edu.br\/patrimonioindustrial\/files\/2022\/06\/Captura-de-Tela-2022-06-30-a\u0300s-20.13.18-200x200.png 200w, https:\/\/wp.ufpel.edu.br\/patrimonioindustrial\/files\/2022\/06\/Captura-de-Tela-2022-06-30-a\u0300s-20.13.18-302x300.png 302w, https:\/\/wp.ufpel.edu.br\/patrimonioindustrial\/files\/2022\/06\/Captura-de-Tela-2022-06-30-a\u0300s-20.13.18.png 681w\" sizes=\"auto, (max-width: 400px) 100vw, 400px\" \/> <img loading=\"lazy\" decoding=\"async\" class=\"alignnone size-medium wp-image-689\" src=\"https:\/\/wp.ufpel.edu.br\/patrimonioindustrial\/files\/2022\/06\/Captura-de-Tela-2022-06-30-a\u0300s-20.13.32-400x400.png\" alt=\"\" width=\"400\" height=\"400\" srcset=\"https:\/\/wp.ufpel.edu.br\/patrimonioindustrial\/files\/2022\/06\/Captura-de-Tela-2022-06-30-a\u0300s-20.13.32-400x400.png 400w, https:\/\/wp.ufpel.edu.br\/patrimonioindustrial\/files\/2022\/06\/Captura-de-Tela-2022-06-30-a\u0300s-20.13.32-200x200.png 200w, https:\/\/wp.ufpel.edu.br\/patrimonioindustrial\/files\/2022\/06\/Captura-de-Tela-2022-06-30-a\u0300s-20.13.32-300x300.png 300w, https:\/\/wp.ufpel.edu.br\/patrimonioindustrial\/files\/2022\/06\/Captura-de-Tela-2022-06-30-a\u0300s-20.13.32.png 682w\" sizes=\"auto, (max-width: 400px) 100vw, 400px\" \/><\/p>\n<p>&nbsp;<\/p>\n","protected":false},"excerpt":{"rendered":"<p>Nesta semana daremos in\u00edcio a uma nova sequ\u00eancia de publica\u00e7\u00f5es, trazendo as mem\u00f3rias e as narrativas de ex-trabalhadores e moradores vinculados ao Patrim\u00f4nio Industrial de Pelotas. Hoje apresentamos a voc\u00eas dona Edith, nascida em 1934, morou toda sua vida pr\u00f3ximo ao antigo Frigor\u00edfico Anglo. Acompanhou de perto as transforma\u00e7\u00f5es ocorridas no bairro ap\u00f3s o fechamento&#8230; <\/p>\n<div class=\"link-more\"><a href=\"https:\/\/wp.ufpel.edu.br\/patrimonioindustrial\/2022\/06\/30\/entrevistas-dona-edith\/\">Leia mais<\/a><\/div>\n","protected":false},"author":1067,"featured_media":687,"comment_status":"closed","ping_status":"closed","sticky":false,"template":"","format":"standard","meta":{"footnotes":""},"categories":[1],"tags":[],"class_list":["post-685","post","type-post","status-publish","format-standard","has-post-thumbnail","hentry","category-noticias"],"jetpack_featured_media_url":"https:\/\/wp.ufpel.edu.br\/patrimonioindustrial\/files\/2022\/06\/Captura-de-Tela-2022-06-30-a\u0300s-20.13.00.png","_links":{"self":[{"href":"https:\/\/wp.ufpel.edu.br\/patrimonioindustrial\/wp-json\/wp\/v2\/posts\/685","targetHints":{"allow":["GET"]}}],"collection":[{"href":"https:\/\/wp.ufpel.edu.br\/patrimonioindustrial\/wp-json\/wp\/v2\/posts"}],"about":[{"href":"https:\/\/wp.ufpel.edu.br\/patrimonioindustrial\/wp-json\/wp\/v2\/types\/post"}],"author":[{"embeddable":true,"href":"https:\/\/wp.ufpel.edu.br\/patrimonioindustrial\/wp-json\/wp\/v2\/users\/1067"}],"replies":[{"embeddable":true,"href":"https:\/\/wp.ufpel.edu.br\/patrimonioindustrial\/wp-json\/wp\/v2\/comments?post=685"}],"version-history":[{"count":1,"href":"https:\/\/wp.ufpel.edu.br\/patrimonioindustrial\/wp-json\/wp\/v2\/posts\/685\/revisions"}],"predecessor-version":[{"id":690,"href":"https:\/\/wp.ufpel.edu.br\/patrimonioindustrial\/wp-json\/wp\/v2\/posts\/685\/revisions\/690"}],"wp:featuredmedia":[{"embeddable":true,"href":"https:\/\/wp.ufpel.edu.br\/patrimonioindustrial\/wp-json\/wp\/v2\/media\/687"}],"wp:attachment":[{"href":"https:\/\/wp.ufpel.edu.br\/patrimonioindustrial\/wp-json\/wp\/v2\/media?parent=685"}],"wp:term":[{"taxonomy":"category","embeddable":true,"href":"https:\/\/wp.ufpel.edu.br\/patrimonioindustrial\/wp-json\/wp\/v2\/categories?post=685"},{"taxonomy":"post_tag","embeddable":true,"href":"https:\/\/wp.ufpel.edu.br\/patrimonioindustrial\/wp-json\/wp\/v2\/tags?post=685"}],"curies":[{"name":"wp","href":"https:\/\/api.w.org\/{rel}","templated":true}]}}