{"id":679,"date":"2022-06-30T20:08:48","date_gmt":"2022-06-30T23:08:48","guid":{"rendered":"https:\/\/wp.ufpel.edu.br\/patrimonioindustrial\/?p=679"},"modified":"2022-06-30T20:10:33","modified_gmt":"2022-06-30T23:10:33","slug":"frigorifico-anglo-de-pelotas-fechamento","status":"publish","type":"post","link":"https:\/\/wp.ufpel.edu.br\/patrimonioindustrial\/2022\/06\/30\/frigorifico-anglo-de-pelotas-fechamento\/","title":{"rendered":"Frigor\u00edfico Anglo de Pelotas \u2013 Fechamento"},"content":{"rendered":"<p>Hoje trazemos o post que encerra a sequ\u00eancia sobre o Frigor\u00edfico Anglo de Pelotas, com informa\u00e7\u00f5es sobre as medidas que foram tomadas no momento de seu fechamento. \ud83c\udfed<\/p>\n<p><img loading=\"lazy\" decoding=\"async\" class=\"alignnone  wp-image-681\" src=\"https:\/\/wp.ufpel.edu.br\/patrimonioindustrial\/files\/2022\/06\/Captura-de-Tela-2022-06-30-a\u0300s-20.07.59-400x337.png\" alt=\"\" width=\"559\" height=\"471\" srcset=\"https:\/\/wp.ufpel.edu.br\/patrimonioindustrial\/files\/2022\/06\/Captura-de-Tela-2022-06-30-a\u0300s-20.07.59-400x337.png 400w, https:\/\/wp.ufpel.edu.br\/patrimonioindustrial\/files\/2022\/06\/Captura-de-Tela-2022-06-30-a\u0300s-20.07.59-356x300.png 356w, https:\/\/wp.ufpel.edu.br\/patrimonioindustrial\/files\/2022\/06\/Captura-de-Tela-2022-06-30-a\u0300s-20.07.59.png 659w\" sizes=\"auto, (max-width: 559px) 100vw, 559px\" \/><\/p>\n","protected":false},"excerpt":{"rendered":"<p>Hoje trazemos o post que encerra a sequ\u00eancia sobre o Frigor\u00edfico Anglo de Pelotas, com informa\u00e7\u00f5es sobre as medidas que foram tomadas no momento de seu fechamento. \ud83c\udfed<\/p>\n","protected":false},"author":1067,"featured_media":681,"comment_status":"closed","ping_status":"closed","sticky":false,"template":"","format":"image","meta":{"footnotes":""},"categories":[1],"tags":[],"class_list":["post-679","post","type-post","status-publish","format-image","has-post-thumbnail","hentry","category-noticias","post_format-post-format-image"],"jetpack_featured_media_url":"https:\/\/wp.ufpel.edu.br\/patrimonioindustrial\/files\/2022\/06\/Captura-de-Tela-2022-06-30-a\u0300s-20.07.59.png","_links":{"self":[{"href":"https:\/\/wp.ufpel.edu.br\/patrimonioindustrial\/wp-json\/wp\/v2\/posts\/679","targetHints":{"allow":["GET"]}}],"collection":[{"href":"https:\/\/wp.ufpel.edu.br\/patrimonioindustrial\/wp-json\/wp\/v2\/posts"}],"about":[{"href":"https:\/\/wp.ufpel.edu.br\/patrimonioindustrial\/wp-json\/wp\/v2\/types\/post"}],"author":[{"embeddable":true,"href":"https:\/\/wp.ufpel.edu.br\/patrimonioindustrial\/wp-json\/wp\/v2\/users\/1067"}],"replies":[{"embeddable":true,"href":"https:\/\/wp.ufpel.edu.br\/patrimonioindustrial\/wp-json\/wp\/v2\/comments?post=679"}],"version-history":[{"count":2,"href":"https:\/\/wp.ufpel.edu.br\/patrimonioindustrial\/wp-json\/wp\/v2\/posts\/679\/revisions"}],"predecessor-version":[{"id":684,"href":"https:\/\/wp.ufpel.edu.br\/patrimonioindustrial\/wp-json\/wp\/v2\/posts\/679\/revisions\/684"}],"wp:featuredmedia":[{"embeddable":true,"href":"https:\/\/wp.ufpel.edu.br\/patrimonioindustrial\/wp-json\/wp\/v2\/media\/681"}],"wp:attachment":[{"href":"https:\/\/wp.ufpel.edu.br\/patrimonioindustrial\/wp-json\/wp\/v2\/media?parent=679"}],"wp:term":[{"taxonomy":"category","embeddable":true,"href":"https:\/\/wp.ufpel.edu.br\/patrimonioindustrial\/wp-json\/wp\/v2\/categories?post=679"},{"taxonomy":"post_tag","embeddable":true,"href":"https:\/\/wp.ufpel.edu.br\/patrimonioindustrial\/wp-json\/wp\/v2\/tags?post=679"}],"curies":[{"name":"wp","href":"https:\/\/api.w.org\/{rel}","templated":true}]}}