{"id":596,"date":"2021-11-26T21:13:01","date_gmt":"2021-11-27T00:13:01","guid":{"rendered":"https:\/\/wp.ufpel.edu.br\/patrimonioindustrial\/?p=596"},"modified":"2021-11-26T21:25:42","modified_gmt":"2021-11-27T00:25:42","slug":"2a-reuniao-aberta-do-grupo-de-pesquisa-historia-oral-e-mundos-do-trabalho","status":"publish","type":"post","link":"https:\/\/wp.ufpel.edu.br\/patrimonioindustrial\/2021\/11\/26\/2a-reuniao-aberta-do-grupo-de-pesquisa-historia-oral-e-mundos-do-trabalho\/","title":{"rendered":"2\u00aa Reuni\u00e3o Aberta do Grupo de pesquisa &#8220;Hist\u00f3ria Oral e Mundos do Trabalho&#8221;"},"content":{"rendered":"<p style=\"text-align: justify\">Assista no link abaixo a professora Ana Mar\u00eda Sosa Gonz\u00e1lez (UFPEL), o seu projeto de pesquisa intitulado &#8220;Mem\u00f3ria, identidade e patrim\u00f4nio industrial edificado pela UFPel.&#8221;<\/p>\n<p><a href=\"https:\/\/youtu.be\/wHbTDYfGjyc\">https:\/\/youtu.be\/wHbTDYfGjyc<\/a><\/p>\n","protected":false},"excerpt":{"rendered":"<p>Assista no link abaixo a professora Ana Mar\u00eda Sosa Gonz\u00e1lez (UFPEL), o seu projeto de pesquisa intitulado &#8220;Mem\u00f3ria, identidade e patrim\u00f4nio industrial edificado pela UFPel.&#8221; https:\/\/youtu.be\/wHbTDYfGjyc<\/p>\n","protected":false},"author":1067,"featured_media":0,"comment_status":"closed","ping_status":"closed","sticky":false,"template":"","format":"standard","meta":{"footnotes":""},"categories":[1],"tags":[],"class_list":["post-596","post","type-post","status-publish","format-standard","hentry","category-noticias"],"jetpack_featured_media_url":"","_links":{"self":[{"href":"https:\/\/wp.ufpel.edu.br\/patrimonioindustrial\/wp-json\/wp\/v2\/posts\/596","targetHints":{"allow":["GET"]}}],"collection":[{"href":"https:\/\/wp.ufpel.edu.br\/patrimonioindustrial\/wp-json\/wp\/v2\/posts"}],"about":[{"href":"https:\/\/wp.ufpel.edu.br\/patrimonioindustrial\/wp-json\/wp\/v2\/types\/post"}],"author":[{"embeddable":true,"href":"https:\/\/wp.ufpel.edu.br\/patrimonioindustrial\/wp-json\/wp\/v2\/users\/1067"}],"replies":[{"embeddable":true,"href":"https:\/\/wp.ufpel.edu.br\/patrimonioindustrial\/wp-json\/wp\/v2\/comments?post=596"}],"version-history":[{"count":6,"href":"https:\/\/wp.ufpel.edu.br\/patrimonioindustrial\/wp-json\/wp\/v2\/posts\/596\/revisions"}],"predecessor-version":[{"id":603,"href":"https:\/\/wp.ufpel.edu.br\/patrimonioindustrial\/wp-json\/wp\/v2\/posts\/596\/revisions\/603"}],"wp:attachment":[{"href":"https:\/\/wp.ufpel.edu.br\/patrimonioindustrial\/wp-json\/wp\/v2\/media?parent=596"}],"wp:term":[{"taxonomy":"category","embeddable":true,"href":"https:\/\/wp.ufpel.edu.br\/patrimonioindustrial\/wp-json\/wp\/v2\/categories?post=596"},{"taxonomy":"post_tag","embeddable":true,"href":"https:\/\/wp.ufpel.edu.br\/patrimonioindustrial\/wp-json\/wp\/v2\/tags?post=596"}],"curies":[{"name":"wp","href":"https:\/\/api.w.org\/{rel}","templated":true}]}}