{"id":547,"date":"2021-09-27T20:50:43","date_gmt":"2021-09-27T23:50:43","guid":{"rendered":"https:\/\/wp.ufpel.edu.br\/patrimonioindustrial\/?p=547"},"modified":"2021-09-27T20:51:35","modified_gmt":"2021-09-27T23:51:35","slug":"547","status":"publish","type":"post","link":"https:\/\/wp.ufpel.edu.br\/patrimonioindustrial\/2021\/09\/27\/547\/","title":{"rendered":"Frigor\u00edfico Anglo de Pelotas &#8211; In\u00edcio do s\u00e9culo XX"},"content":{"rendered":"<div class=\"kvgmc6g5 cxmmr5t8 oygrvhab hcukyx3x c1et5uql ii04i59q\">\n<div dir=\"auto\" style=\"text-align: left\">Mais um post sobre o Frigor\u00edfico Anglo de Pelotas e suas demais localidades no Estado no s\u00e9culo XX <span class=\"pq6dq46d tbxw36s4 knj5qynh kvgmc6g5 ditlmg2l oygrvhab nvdbi5me sf5mxxl7 gl3lb2sf hhz5lgdu\"><img loading=\"lazy\" decoding=\"async\" src=\"https:\/\/static.xx.fbcdn.net\/images\/emoji.php\/v9\/t2a\/1\/16\/1f3ed.png\" alt=\"\ud83c\udfed\" width=\"16\" height=\"16\" \/><\/span><\/div>\n<\/div>\n<div class=\"o9v6fnle cxmmr5t8 oygrvhab hcukyx3x c1et5uql ii04i59q\">\n<div dir=\"auto\" style=\"text-align: left\">Compartilhe esse com teu amigo(a) pesquisador da Hist\u00f3ria de Pelotas e\/ou Patrim\u00f4nio Industrial <span class=\"pq6dq46d tbxw36s4 knj5qynh kvgmc6g5 ditlmg2l oygrvhab nvdbi5me sf5mxxl7 gl3lb2sf hhz5lgdu\"><img loading=\"lazy\" decoding=\"async\" src=\"https:\/\/static.xx.fbcdn.net\/images\/emoji.php\/v9\/t42\/1\/16\/1f50e.png\" alt=\"\ud83d\udd0e\" width=\"16\" height=\"16\" \/><br \/>\n<\/span><\/div>\n<div dir=\"auto\"><img loading=\"lazy\" decoding=\"async\" class=\"wp-image-549 alignleft\" src=\"https:\/\/wp.ufpel.edu.br\/patrimonioindustrial\/files\/2021\/09\/241443719_378480370670020_8038581200056371329_n-400x335.jpg\" alt=\"\" width=\"688\" height=\"577\" srcset=\"https:\/\/wp.ufpel.edu.br\/patrimonioindustrial\/files\/2021\/09\/241443719_378480370670020_8038581200056371329_n-400x335.jpg 400w, https:\/\/wp.ufpel.edu.br\/patrimonioindustrial\/files\/2021\/09\/241443719_378480370670020_8038581200056371329_n-768x644.jpg 768w, https:\/\/wp.ufpel.edu.br\/patrimonioindustrial\/files\/2021\/09\/241443719_378480370670020_8038581200056371329_n-358x300.jpg 358w, https:\/\/wp.ufpel.edu.br\/patrimonioindustrial\/files\/2021\/09\/241443719_378480370670020_8038581200056371329_n.jpg 940w\" sizes=\"auto, (max-width: 688px) 100vw, 688px\" \/><\/div>\n<\/div>\n","protected":false},"excerpt":{"rendered":"<p>Mais um post sobre o Frigor\u00edfico Anglo de Pelotas e suas demais localidades no Estado no s\u00e9culo XX Compartilhe esse com teu amigo(a) pesquisador da Hist\u00f3ria de Pelotas e\/ou Patrim\u00f4nio Industrial<\/p>\n","protected":false},"author":1067,"featured_media":0,"comment_status":"closed","ping_status":"closed","sticky":false,"template":"","format":"standard","meta":{"footnotes":""},"categories":[1],"tags":[],"class_list":["post-547","post","type-post","status-publish","format-standard","hentry","category-noticias"],"jetpack_featured_media_url":"","_links":{"self":[{"href":"https:\/\/wp.ufpel.edu.br\/patrimonioindustrial\/wp-json\/wp\/v2\/posts\/547","targetHints":{"allow":["GET"]}}],"collection":[{"href":"https:\/\/wp.ufpel.edu.br\/patrimonioindustrial\/wp-json\/wp\/v2\/posts"}],"about":[{"href":"https:\/\/wp.ufpel.edu.br\/patrimonioindustrial\/wp-json\/wp\/v2\/types\/post"}],"author":[{"embeddable":true,"href":"https:\/\/wp.ufpel.edu.br\/patrimonioindustrial\/wp-json\/wp\/v2\/users\/1067"}],"replies":[{"embeddable":true,"href":"https:\/\/wp.ufpel.edu.br\/patrimonioindustrial\/wp-json\/wp\/v2\/comments?post=547"}],"version-history":[{"count":2,"href":"https:\/\/wp.ufpel.edu.br\/patrimonioindustrial\/wp-json\/wp\/v2\/posts\/547\/revisions"}],"predecessor-version":[{"id":551,"href":"https:\/\/wp.ufpel.edu.br\/patrimonioindustrial\/wp-json\/wp\/v2\/posts\/547\/revisions\/551"}],"wp:attachment":[{"href":"https:\/\/wp.ufpel.edu.br\/patrimonioindustrial\/wp-json\/wp\/v2\/media?parent=547"}],"wp:term":[{"taxonomy":"category","embeddable":true,"href":"https:\/\/wp.ufpel.edu.br\/patrimonioindustrial\/wp-json\/wp\/v2\/categories?post=547"},{"taxonomy":"post_tag","embeddable":true,"href":"https:\/\/wp.ufpel.edu.br\/patrimonioindustrial\/wp-json\/wp\/v2\/tags?post=547"}],"curies":[{"name":"wp","href":"https:\/\/api.w.org\/{rel}","templated":true}]}}