{"id":99,"date":"2019-05-03T15:37:58","date_gmt":"2019-05-03T18:37:58","guid":{"rendered":"https:\/\/wp.ufpel.edu.br\/otpef\/?p=99"},"modified":"2019-05-03T15:37:58","modified_gmt":"2019-05-03T18:37:58","slug":"selecao-de-bolsista-de-extensao","status":"publish","type":"post","link":"https:\/\/wp.ufpel.edu.br\/otpef\/2019\/05\/03\/selecao-de-bolsista-de-extensao\/","title":{"rendered":"Sele\u00e7\u00e3o de Bolsista de Extens\u00e3o"},"content":{"rendered":"<p>O Projeto de Extens\u00e3o &#8220;Educa\u00e7\u00e3o F\u00edsica e Opress\u00f5es: a Cultura Corporal no combate \u00e0 discrimina\u00e7\u00e3o&#8221;, coordenado pelo Prof. Dr Giovanni Frizzo est\u00e1 selecionando 1 bolsista de extens\u00e3o (PREC) para o projeto.<\/p>\n<p>A bolsa tem previs\u00e3o de 7 meses (at\u00e9 dezembro de 2019) e \u00e9 destinada \u00e0 estudantes de gradua\u00e7\u00e3o da UFPel regularmente matriculados \u00a0que: tenham disponibilidade de 20h semanais; n\u00e3o tenham nenhuma outra bolsa de programas oficiais, exceto os aux\u00edlios recebidos pela Pr\u00f3-Reitoria de Assuntos Estudantis (PRAE) e tenham atestado de vulnerabilidade social emitido pela PRAE.<\/p>\n<p>As inscri\u00e7\u00f5es v\u00e3o at\u00e9 dia 8 de maio e podem ser feitas na Portaria da ESEF UFPel atrav\u00e9s de preenchimento da\u00a0<a style=\"color: #9538c5\" href=\"https:\/\/wp.ufpel.edu.br\/otpef\/files\/2019\/05\/Ficha-inscri\u00e7\u00e3o.docx\">Ficha inscri\u00e7\u00e3o.\u00a0<\/a><\/p>\n<p>As entrevistas ser\u00e3o realizadas no dia 10 de maio. Mais informa\u00e7\u00f5es podem ser acessadas no link:\u00a0<a href=\"https:\/\/wp.ufpel.edu.br\/otpef\/files\/2019\/05\/Edital-Bolsista.pdf\">Edital Bolsista<\/a><\/p>\n","protected":false},"excerpt":{"rendered":"<p>O Projeto de Extens\u00e3o &#8220;Educa\u00e7\u00e3o F\u00edsica e Opress\u00f5es: a Cultura Corporal no combate \u00e0 discrimina\u00e7\u00e3o&#8221;, coordenado pelo Prof. Dr Giovanni Frizzo est\u00e1 selecionando 1 bolsista de extens\u00e3o (PREC) para o projeto. A bolsa tem previs\u00e3o de 7 meses (at\u00e9 dezembro de 2019) e \u00e9 destinada \u00e0 estudantes de gradua\u00e7\u00e3o da UFPel regularmente matriculados \u00a0que: tenham &hellip; <\/p>\n<p><a class=\"more-link btn\" href=\"https:\/\/wp.ufpel.edu.br\/otpef\/2019\/05\/03\/selecao-de-bolsista-de-extensao\/\">Continue lendo<\/a><\/p>\n","protected":false},"author":837,"featured_media":0,"comment_status":"closed","ping_status":"closed","sticky":false,"template":"","format":"standard","meta":{"footnotes":""},"categories":[1],"tags":[],"class_list":["post-99","post","type-post","status-publish","format-standard","hentry","category-noticias","item-wrap"],"jetpack_featured_media_url":"","_links":{"self":[{"href":"https:\/\/wp.ufpel.edu.br\/otpef\/wp-json\/wp\/v2\/posts\/99","targetHints":{"allow":["GET"]}}],"collection":[{"href":"https:\/\/wp.ufpel.edu.br\/otpef\/wp-json\/wp\/v2\/posts"}],"about":[{"href":"https:\/\/wp.ufpel.edu.br\/otpef\/wp-json\/wp\/v2\/types\/post"}],"author":[{"embeddable":true,"href":"https:\/\/wp.ufpel.edu.br\/otpef\/wp-json\/wp\/v2\/users\/837"}],"replies":[{"embeddable":true,"href":"https:\/\/wp.ufpel.edu.br\/otpef\/wp-json\/wp\/v2\/comments?post=99"}],"version-history":[{"count":1,"href":"https:\/\/wp.ufpel.edu.br\/otpef\/wp-json\/wp\/v2\/posts\/99\/revisions"}],"predecessor-version":[{"id":103,"href":"https:\/\/wp.ufpel.edu.br\/otpef\/wp-json\/wp\/v2\/posts\/99\/revisions\/103"}],"wp:attachment":[{"href":"https:\/\/wp.ufpel.edu.br\/otpef\/wp-json\/wp\/v2\/media?parent=99"}],"wp:term":[{"taxonomy":"category","embeddable":true,"href":"https:\/\/wp.ufpel.edu.br\/otpef\/wp-json\/wp\/v2\/categories?post=99"},{"taxonomy":"post_tag","embeddable":true,"href":"https:\/\/wp.ufpel.edu.br\/otpef\/wp-json\/wp\/v2\/tags?post=99"}],"curies":[{"name":"wp","href":"https:\/\/api.w.org\/{rel}","templated":true}]}}