{"id":94,"date":"2018-11-07T15:10:12","date_gmt":"2018-11-07T17:10:12","guid":{"rendered":"https:\/\/wp.ufpel.edu.br\/otpef\/?p=94"},"modified":"2018-11-07T15:10:12","modified_gmt":"2018-11-07T17:10:12","slug":"1o-seminario-educacao-fisica-e-opressoes-abordara-a-violencia-contra-a-mulher","status":"publish","type":"post","link":"https:\/\/wp.ufpel.edu.br\/otpef\/2018\/11\/07\/1o-seminario-educacao-fisica-e-opressoes-abordara-a-violencia-contra-a-mulher\/","title":{"rendered":"1\u00ba Semin\u00e1rio Educa\u00e7\u00e3o F\u00edsica e Opress\u00f5es abordar\u00e1 a viol\u00eancia contra a mulher"},"content":{"rendered":"<p><img loading=\"lazy\" decoding=\"async\" class=\" wp-image-96 alignleft\" src=\"https:\/\/wp.ufpel.edu.br\/otpef\/files\/2018\/11\/44922595_2175199345881603_2608303561204826112_o-400x225.jpg\" alt=\"\" width=\"496\" height=\"279\" srcset=\"https:\/\/wp.ufpel.edu.br\/otpef\/files\/2018\/11\/44922595_2175199345881603_2608303561204826112_o-400x225.jpg 400w, https:\/\/wp.ufpel.edu.br\/otpef\/files\/2018\/11\/44922595_2175199345881603_2608303561204826112_o-768x432.jpg 768w, https:\/\/wp.ufpel.edu.br\/otpef\/files\/2018\/11\/44922595_2175199345881603_2608303561204826112_o-1024x576.jpg 1024w, https:\/\/wp.ufpel.edu.br\/otpef\/files\/2018\/11\/44922595_2175199345881603_2608303561204826112_o.jpg 1920w\" sizes=\"auto, (max-width: 496px) 100vw, 496px\" \/>No dia 26 de novembro, \u00e0s 14h, no Audit\u00f3rio da ESEF UFPel ser\u00e1 realizado o 1\u00ba Semin\u00e1rio Educa\u00e7\u00e3o F\u00edsica e Opress\u00f5es. Este \u00e9 o primeiro semin\u00e1rio do projeto de extens\u00e3o \u201cEduca\u00e7\u00e3o F\u00edsica e Opress\u00f5es: a Cultura Corporal no combate \u00e0 discrimina\u00e7\u00e3o\u201d, no qual ser\u00e1 tratado o tema da viol\u00eancia contra a mulher e o enfrentamento \u00e0s opress\u00f5es a partir das discuss\u00f5es sociais e as possibilidades da Educa\u00e7\u00e3o F\u00edsica contribuir para erradicar toda forma de opress\u00e3o. O evento \u00e9 aberto ao p\u00fablico externo e \u00e9 gratuito.\u00a0Para quem desejar, haver\u00e1 certificado de 4h.<\/p>\n<p>Confira a programa\u00e7\u00e3o abaixo:<br \/>\n<strong>Tema: &#8220;Viol\u00eancia contra a mulher e a necessidade de enfrentar as opress\u00f5es&#8221;<\/strong><\/p>\n<p><em>A opress\u00e3o contra a mulher e a luta contra o machismo<\/em>. Palestrante: Isabella Filippini (Coletivo Feminista Classista Ana Montenegro)<br \/>\n<em>A\u00e7\u00f5es e direitos das mulheres<\/em>. Palestrante: Roberta Mello (representante do Conselho Municipal da Mulher)<br \/>\n<em>Quest\u00f5es de g\u00eanero na EF: desafios e possibilidades<\/em>. Palestrante: Katarina Cechin (Projeto de Extens\u00e3o Educa\u00e7\u00e3o F\u00edsica e Opress\u00f5es)<\/p>\n","protected":false},"excerpt":{"rendered":"<p>No dia 26 de novembro, \u00e0s 14h, no Audit\u00f3rio da ESEF UFPel ser\u00e1 realizado o 1\u00ba Semin\u00e1rio Educa\u00e7\u00e3o F\u00edsica e Opress\u00f5es. Este \u00e9 o primeiro semin\u00e1rio do projeto de extens\u00e3o \u201cEduca\u00e7\u00e3o F\u00edsica e Opress\u00f5es: a Cultura Corporal no combate \u00e0 discrimina\u00e7\u00e3o\u201d, no qual ser\u00e1 tratado o tema da viol\u00eancia contra a mulher e o enfrentamento &hellip; <\/p>\n<p><a class=\"more-link btn\" href=\"https:\/\/wp.ufpel.edu.br\/otpef\/2018\/11\/07\/1o-seminario-educacao-fisica-e-opressoes-abordara-a-violencia-contra-a-mulher\/\">Continue lendo<\/a><\/p>\n","protected":false},"author":837,"featured_media":0,"comment_status":"closed","ping_status":"closed","sticky":false,"template":"","format":"standard","meta":{"footnotes":""},"categories":[1],"tags":[],"class_list":["post-94","post","type-post","status-publish","format-standard","hentry","category-noticias","item-wrap"],"jetpack_featured_media_url":"","_links":{"self":[{"href":"https:\/\/wp.ufpel.edu.br\/otpef\/wp-json\/wp\/v2\/posts\/94","targetHints":{"allow":["GET"]}}],"collection":[{"href":"https:\/\/wp.ufpel.edu.br\/otpef\/wp-json\/wp\/v2\/posts"}],"about":[{"href":"https:\/\/wp.ufpel.edu.br\/otpef\/wp-json\/wp\/v2\/types\/post"}],"author":[{"embeddable":true,"href":"https:\/\/wp.ufpel.edu.br\/otpef\/wp-json\/wp\/v2\/users\/837"}],"replies":[{"embeddable":true,"href":"https:\/\/wp.ufpel.edu.br\/otpef\/wp-json\/wp\/v2\/comments?post=94"}],"version-history":[{"count":1,"href":"https:\/\/wp.ufpel.edu.br\/otpef\/wp-json\/wp\/v2\/posts\/94\/revisions"}],"predecessor-version":[{"id":97,"href":"https:\/\/wp.ufpel.edu.br\/otpef\/wp-json\/wp\/v2\/posts\/94\/revisions\/97"}],"wp:attachment":[{"href":"https:\/\/wp.ufpel.edu.br\/otpef\/wp-json\/wp\/v2\/media?parent=94"}],"wp:term":[{"taxonomy":"category","embeddable":true,"href":"https:\/\/wp.ufpel.edu.br\/otpef\/wp-json\/wp\/v2\/categories?post=94"},{"taxonomy":"post_tag","embeddable":true,"href":"https:\/\/wp.ufpel.edu.br\/otpef\/wp-json\/wp\/v2\/tags?post=94"}],"curies":[{"name":"wp","href":"https:\/\/api.w.org\/{rel}","templated":true}]}}