{"id":83,"date":"2018-05-03T10:19:17","date_gmt":"2018-05-03T13:19:17","guid":{"rendered":"https:\/\/wp.ufpel.edu.br\/otpef\/?p=83"},"modified":"2018-05-03T10:19:17","modified_gmt":"2018-05-03T13:19:17","slug":"otpef-participa-de-encontro-de-politicas-educacionais","status":"publish","type":"post","link":"https:\/\/wp.ufpel.edu.br\/otpef\/2018\/05\/03\/otpef-participa-de-encontro-de-politicas-educacionais\/","title":{"rendered":"OTPEF participa de encontro de pol\u00edticas educacionais"},"content":{"rendered":"<p><img loading=\"lazy\" decoding=\"async\" class=\"alignright wp-image-85 size-large\" src=\"https:\/\/wp.ufpel.edu.br\/otpef\/files\/2018\/05\/DSC_4739-1024x476.jpg\" alt=\"\" width=\"750\" height=\"349\" srcset=\"https:\/\/wp.ufpel.edu.br\/otpef\/files\/2018\/05\/DSC_4739-1024x476.jpg 1024w, https:\/\/wp.ufpel.edu.br\/otpef\/files\/2018\/05\/DSC_4739-400x186.jpg 400w, https:\/\/wp.ufpel.edu.br\/otpef\/files\/2018\/05\/DSC_4739-768x357.jpg 768w\" sizes=\"auto, (max-width: 750px) 100vw, 750px\" \/><\/p>\n<p>O Grupo de Pesquisa Organiza\u00e7\u00e3o do Trabalho Pedag\u00f3gico da Educa\u00e7\u00e3o F\u00edsica (OTPEF), da ESEF\/UFPel, participou no dia 27 de abril, no Audit\u00f3rio da Reitoria-Campus Anglo da UFPel do \u201cEncontro de pol\u00edticas educacionais: as parcerias p\u00fablico-privadas e as redes de pol\u00edticas\u201d com as professoras Vera Peroni (UFRGS), Eneida Shiroma (UFSC) e F\u00e1tima C\u00f3ssio (UFPel).<\/p>\n<p>As palestras debateram sobre as parcerias p\u00fablico- privadas no contexto das transforma\u00e7\u00f5es no papel do Estado; a governan\u00e7a e redes de pol\u00edtica e os impactos na gest\u00e3o democr\u00e1tica e seus efeitos no trabalho docente.<\/p>\n<p>O v\u00eddeo completo do encontro pode ser acessado no link:<\/p>\n<p><a href=\"https:\/\/www.facebook.com\/outrasvozes.com.br\/videos\/2095403480488174\/\">https:\/\/www.facebook.com\/outrasvozes.com.br\/videos\/2095403480488174\/<\/a><\/p>\n","protected":false},"excerpt":{"rendered":"<p>O Grupo de Pesquisa Organiza\u00e7\u00e3o do Trabalho Pedag\u00f3gico da Educa\u00e7\u00e3o F\u00edsica (OTPEF), da ESEF\/UFPel, participou no dia 27 de abril, no Audit\u00f3rio da Reitoria-Campus Anglo da UFPel do \u201cEncontro de pol\u00edticas educacionais: as parcerias p\u00fablico-privadas e as redes de pol\u00edticas\u201d com as professoras Vera Peroni (UFRGS), Eneida Shiroma (UFSC) e F\u00e1tima C\u00f3ssio (UFPel). As palestras &hellip; <\/p>\n<p><a class=\"more-link btn\" href=\"https:\/\/wp.ufpel.edu.br\/otpef\/2018\/05\/03\/otpef-participa-de-encontro-de-politicas-educacionais\/\">Continue lendo<\/a><\/p>\n","protected":false},"author":837,"featured_media":0,"comment_status":"closed","ping_status":"closed","sticky":false,"template":"","format":"standard","meta":{"footnotes":""},"categories":[1],"tags":[],"class_list":["post-83","post","type-post","status-publish","format-standard","hentry","category-noticias","item-wrap"],"jetpack_featured_media_url":"","_links":{"self":[{"href":"https:\/\/wp.ufpel.edu.br\/otpef\/wp-json\/wp\/v2\/posts\/83","targetHints":{"allow":["GET"]}}],"collection":[{"href":"https:\/\/wp.ufpel.edu.br\/otpef\/wp-json\/wp\/v2\/posts"}],"about":[{"href":"https:\/\/wp.ufpel.edu.br\/otpef\/wp-json\/wp\/v2\/types\/post"}],"author":[{"embeddable":true,"href":"https:\/\/wp.ufpel.edu.br\/otpef\/wp-json\/wp\/v2\/users\/837"}],"replies":[{"embeddable":true,"href":"https:\/\/wp.ufpel.edu.br\/otpef\/wp-json\/wp\/v2\/comments?post=83"}],"version-history":[{"count":1,"href":"https:\/\/wp.ufpel.edu.br\/otpef\/wp-json\/wp\/v2\/posts\/83\/revisions"}],"predecessor-version":[{"id":86,"href":"https:\/\/wp.ufpel.edu.br\/otpef\/wp-json\/wp\/v2\/posts\/83\/revisions\/86"}],"wp:attachment":[{"href":"https:\/\/wp.ufpel.edu.br\/otpef\/wp-json\/wp\/v2\/media?parent=83"}],"wp:term":[{"taxonomy":"category","embeddable":true,"href":"https:\/\/wp.ufpel.edu.br\/otpef\/wp-json\/wp\/v2\/categories?post=83"},{"taxonomy":"post_tag","embeddable":true,"href":"https:\/\/wp.ufpel.edu.br\/otpef\/wp-json\/wp\/v2\/tags?post=83"}],"curies":[{"name":"wp","href":"https:\/\/api.w.org\/{rel}","templated":true}]}}