{"id":77,"date":"2018-04-20T08:44:26","date_gmt":"2018-04-20T11:44:26","guid":{"rendered":"https:\/\/wp.ufpel.edu.br\/otpef\/?p=77"},"modified":"2018-04-20T08:44:26","modified_gmt":"2018-04-20T11:44:26","slug":"participacao-em-congresso-internacional-de-pesquisa-em-cultura-e-sociedade","status":"publish","type":"post","link":"https:\/\/wp.ufpel.edu.br\/otpef\/2018\/04\/20\/participacao-em-congresso-internacional-de-pesquisa-em-cultura-e-sociedade\/","title":{"rendered":"Participa\u00e7\u00e3o em Congresso Internacional de Pesquisa em Cultura e Sociedade"},"content":{"rendered":"<p style=\"text-align: justify\">Entre os dias 17 e 19 de abril de 2018, aconteceu no Instituto de Ci\u00eancias Humanas da UFPEL, em Pelotas\/RS, o 1\u00ba<img loading=\"lazy\" decoding=\"async\" class=\"size-medium wp-image-79 alignright\" src=\"https:\/\/wp.ufpel.edu.br\/otpef\/files\/2018\/04\/30742307_1762903043802294_7200580540817211392_n-300x400.jpg\" alt=\"\" width=\"300\" height=\"400\" srcset=\"https:\/\/wp.ufpel.edu.br\/otpef\/files\/2018\/04\/30742307_1762903043802294_7200580540817211392_n-300x400.jpg 300w, https:\/\/wp.ufpel.edu.br\/otpef\/files\/2018\/04\/30742307_1762903043802294_7200580540817211392_n.jpg 720w\" sizes=\"auto, (max-width: 300px) 100vw, 300px\" \/>\u00a0Congresso Internacional de Pesquisa em Cultura e Sociedade. Nosso grupo se fez presente nesse evento, que contou com diversos simp\u00f3sios tem\u00e1ticos, dentre eles:<\/p>\n<p>1. Educa\u00e7\u00e3o e Cultura: constru\u00e7\u00f5es sociais no ambiente educacional<\/p>\n<p>2 Cultura Visual: o mundo social visualmente constru\u00eddo<\/p>\n<p>3. Cultura Material e Patrim\u00f4nio: estudos culturais<\/p>\n<p style=\"text-align: justify\">4. Fronteira e Cultura: especificidades das culturas fronteiri\u00e7as<\/p>\n<p>5. M\u00eddia, cultura, movimentos sociais e redes comunicativas<\/p>\n<p>6. Pol\u00edtica, Cultura e Desenvolvimento<\/p>\n<p>7. Di\u00e1logos Interdisciplinares: analisando a cultura por variados vieses<\/p>\n<p>8. Literatura, M\u00fasica e Festividades<\/p>\n<p>9. G\u00eanero e Sexualidade: constru\u00e7\u00f5es na e pela Cultura<\/p>\n<p>10. Inicia\u00e7\u00e3o Cient\u00edfica (Reservado aos alunos da Gradua\u00e7\u00e3o)<\/p>\n<p><strong>Mais informa\u00e7\u00f5es<\/strong><br \/>\n<a href=\"https:\/\/cipcs2018.wixsite.com\/icipcs\">Site do 1\u00ba CIPCS<\/a><\/p>\n","protected":false},"excerpt":{"rendered":"<p>Entre os dias 17 e 19 de abril de 2018, aconteceu no Instituto de Ci\u00eancias Humanas da UFPEL, em Pelotas\/RS, o 1\u00ba\u00a0Congresso Internacional de Pesquisa em Cultura e Sociedade. Nosso grupo se fez presente nesse evento, que contou com diversos simp\u00f3sios tem\u00e1ticos, dentre eles: 1. Educa\u00e7\u00e3o e Cultura: constru\u00e7\u00f5es sociais no ambiente educacional 2 Cultura &hellip; <\/p>\n<p><a class=\"more-link btn\" href=\"https:\/\/wp.ufpel.edu.br\/otpef\/2018\/04\/20\/participacao-em-congresso-internacional-de-pesquisa-em-cultura-e-sociedade\/\">Continue lendo<\/a><\/p>\n","protected":false},"author":837,"featured_media":0,"comment_status":"closed","ping_status":"closed","sticky":false,"template":"","format":"standard","meta":{"footnotes":""},"categories":[1],"tags":[],"class_list":["post-77","post","type-post","status-publish","format-standard","hentry","category-noticias","item-wrap"],"jetpack_featured_media_url":"","_links":{"self":[{"href":"https:\/\/wp.ufpel.edu.br\/otpef\/wp-json\/wp\/v2\/posts\/77","targetHints":{"allow":["GET"]}}],"collection":[{"href":"https:\/\/wp.ufpel.edu.br\/otpef\/wp-json\/wp\/v2\/posts"}],"about":[{"href":"https:\/\/wp.ufpel.edu.br\/otpef\/wp-json\/wp\/v2\/types\/post"}],"author":[{"embeddable":true,"href":"https:\/\/wp.ufpel.edu.br\/otpef\/wp-json\/wp\/v2\/users\/837"}],"replies":[{"embeddable":true,"href":"https:\/\/wp.ufpel.edu.br\/otpef\/wp-json\/wp\/v2\/comments?post=77"}],"version-history":[{"count":1,"href":"https:\/\/wp.ufpel.edu.br\/otpef\/wp-json\/wp\/v2\/posts\/77\/revisions"}],"predecessor-version":[{"id":80,"href":"https:\/\/wp.ufpel.edu.br\/otpef\/wp-json\/wp\/v2\/posts\/77\/revisions\/80"}],"wp:attachment":[{"href":"https:\/\/wp.ufpel.edu.br\/otpef\/wp-json\/wp\/v2\/media?parent=77"}],"wp:term":[{"taxonomy":"category","embeddable":true,"href":"https:\/\/wp.ufpel.edu.br\/otpef\/wp-json\/wp\/v2\/categories?post=77"},{"taxonomy":"post_tag","embeddable":true,"href":"https:\/\/wp.ufpel.edu.br\/otpef\/wp-json\/wp\/v2\/tags?post=77"}],"curies":[{"name":"wp","href":"https:\/\/api.w.org\/{rel}","templated":true}]}}