{"id":117,"date":"2020-03-23T11:25:51","date_gmt":"2020-03-23T14:25:51","guid":{"rendered":"https:\/\/wp.ufpel.edu.br\/otpef\/?p=117"},"modified":"2020-03-23T11:25:51","modified_gmt":"2020-03-23T14:25:51","slug":"campanha-educativa-na-esef-ufpel-contra-as-opressoes","status":"publish","type":"post","link":"https:\/\/wp.ufpel.edu.br\/otpef\/2020\/03\/23\/campanha-educativa-na-esef-ufpel-contra-as-opressoes\/","title":{"rendered":"Campanha Educativa na ESEF\/UFPel contra as Opress\u00f5es"},"content":{"rendered":"<p>Desde o final do segundo semestre de 2019, o projeto de extens\u00e3o Educa\u00e7\u00e3o F\u00edsica e Opress\u00f5es, \u00a0tem realizado uma campanha de combate \u00e0s opress\u00f5es. Atrav\u00e9s de cartazes e produ\u00e7\u00f5es gr\u00e1ficas, a inten\u00e7\u00e3o da campanha \u00e9 chamar a aten\u00e7\u00e3o das pessoas sobre o preconceito e a discrimina\u00e7\u00e3o na sociedade e a necessidade de enfrentar tais problemas sociais que acometem um grande n\u00famero de pessoas, especialmente mulheres, negros\/negras e LGBTs.<\/p>\n<p>Diversos cartazes foram colocados nos murais da ESEF\/UFPel e tamb\u00e9m nas salas de aula. S\u00e3o mais de 20 cartazes diferentes. Confira abaixo alguns deles.<\/p>\n<p><img loading=\"lazy\" decoding=\"async\" class=\"wp-image-119 aligncenter\" src=\"https:\/\/wp.ufpel.edu.br\/otpef\/files\/2020\/03\/75635862_2503099446587360_2162750319707029504_o-400x225.jpg\" alt=\"\" width=\"556\" height=\"313\" srcset=\"https:\/\/wp.ufpel.edu.br\/otpef\/files\/2020\/03\/75635862_2503099446587360_2162750319707029504_o-400x225.jpg 400w, https:\/\/wp.ufpel.edu.br\/otpef\/files\/2020\/03\/75635862_2503099446587360_2162750319707029504_o-1024x576.jpg 1024w, https:\/\/wp.ufpel.edu.br\/otpef\/files\/2020\/03\/75635862_2503099446587360_2162750319707029504_o-768x432.jpg 768w, https:\/\/wp.ufpel.edu.br\/otpef\/files\/2020\/03\/75635862_2503099446587360_2162750319707029504_o.jpg 1280w\" sizes=\"auto, (max-width: 556px) 100vw, 556px\" \/><img loading=\"lazy\" decoding=\"async\" class=\"wp-image-120 aligncenter\" src=\"https:\/\/wp.ufpel.edu.br\/otpef\/files\/2020\/03\/76730170_2503099433254028_65383240629747712_o-400x225.jpg\" alt=\"\" width=\"549\" height=\"309\" srcset=\"https:\/\/wp.ufpel.edu.br\/otpef\/files\/2020\/03\/76730170_2503099433254028_65383240629747712_o-400x225.jpg 400w, https:\/\/wp.ufpel.edu.br\/otpef\/files\/2020\/03\/76730170_2503099433254028_65383240629747712_o-1024x576.jpg 1024w, https:\/\/wp.ufpel.edu.br\/otpef\/files\/2020\/03\/76730170_2503099433254028_65383240629747712_o-768x432.jpg 768w, https:\/\/wp.ufpel.edu.br\/otpef\/files\/2020\/03\/76730170_2503099433254028_65383240629747712_o.jpg 1280w\" sizes=\"auto, (max-width: 549px) 100vw, 549px\" \/><\/p>\n<p>A inten\u00e7\u00e3o do projeto \u00e9 levar tamb\u00e9m esta campanha para demais unidades da UFPel e disponibilizar os materiais para acesso p\u00fablico, permitindo a sua reprodu\u00e7\u00e3o tamb\u00e9m em escolas, academias, clubes etc.<\/p>\n","protected":false},"excerpt":{"rendered":"<p>Desde o final do segundo semestre de 2019, o projeto de extens\u00e3o Educa\u00e7\u00e3o F\u00edsica e Opress\u00f5es, \u00a0tem realizado uma campanha de combate \u00e0s opress\u00f5es. Atrav\u00e9s de cartazes e produ\u00e7\u00f5es gr\u00e1ficas, a inten\u00e7\u00e3o da campanha \u00e9 chamar a aten\u00e7\u00e3o das pessoas sobre o preconceito e a discrimina\u00e7\u00e3o na sociedade e a necessidade de enfrentar tais problemas &hellip; <\/p>\n<p><a class=\"more-link btn\" href=\"https:\/\/wp.ufpel.edu.br\/otpef\/2020\/03\/23\/campanha-educativa-na-esef-ufpel-contra-as-opressoes\/\">Continue lendo<\/a><\/p>\n","protected":false},"author":837,"featured_media":0,"comment_status":"closed","ping_status":"closed","sticky":false,"template":"","format":"standard","meta":{"footnotes":""},"categories":[1],"tags":[],"class_list":["post-117","post","type-post","status-publish","format-standard","hentry","category-noticias","item-wrap"],"jetpack_featured_media_url":"","_links":{"self":[{"href":"https:\/\/wp.ufpel.edu.br\/otpef\/wp-json\/wp\/v2\/posts\/117","targetHints":{"allow":["GET"]}}],"collection":[{"href":"https:\/\/wp.ufpel.edu.br\/otpef\/wp-json\/wp\/v2\/posts"}],"about":[{"href":"https:\/\/wp.ufpel.edu.br\/otpef\/wp-json\/wp\/v2\/types\/post"}],"author":[{"embeddable":true,"href":"https:\/\/wp.ufpel.edu.br\/otpef\/wp-json\/wp\/v2\/users\/837"}],"replies":[{"embeddable":true,"href":"https:\/\/wp.ufpel.edu.br\/otpef\/wp-json\/wp\/v2\/comments?post=117"}],"version-history":[{"count":1,"href":"https:\/\/wp.ufpel.edu.br\/otpef\/wp-json\/wp\/v2\/posts\/117\/revisions"}],"predecessor-version":[{"id":121,"href":"https:\/\/wp.ufpel.edu.br\/otpef\/wp-json\/wp\/v2\/posts\/117\/revisions\/121"}],"wp:attachment":[{"href":"https:\/\/wp.ufpel.edu.br\/otpef\/wp-json\/wp\/v2\/media?parent=117"}],"wp:term":[{"taxonomy":"category","embeddable":true,"href":"https:\/\/wp.ufpel.edu.br\/otpef\/wp-json\/wp\/v2\/categories?post=117"},{"taxonomy":"post_tag","embeddable":true,"href":"https:\/\/wp.ufpel.edu.br\/otpef\/wp-json\/wp\/v2\/tags?post=117"}],"curies":[{"name":"wp","href":"https:\/\/api.w.org\/{rel}","templated":true}]}}