{"id":491,"date":"2020-09-02T09:41:24","date_gmt":"2020-09-02T12:41:24","guid":{"rendered":"https:\/\/wp.ufpel.edu.br\/omega\/?p=491"},"modified":"2020-09-02T09:43:24","modified_gmt":"2020-09-02T12:43:24","slug":"instituicoes-comecam-a-mapear-profissionais-da-danca-do-rs","status":"publish","type":"post","link":"https:\/\/wp.ufpel.edu.br\/omega\/2020\/09\/02\/instituicoes-comecam-a-mapear-profissionais-da-danca-do-rs\/","title":{"rendered":"INSTITUI\u00c7\u00d5ES COME\u00c7AM A MAPEAR PROFISSIONAIS DA DAN\u00c7A DO RS"},"content":{"rendered":"<p>Plataforma online foi lan\u00e7ada dia 22 de Agosto de 2020.<\/p>\n<p>O Mapeamento da Dan\u00e7a do RS \u00e9 fruto das discuss\u00f5es e proposi\u00e7\u00f5es do Grupo de Trabalho que re\u00fane 19 entidades representativas do setor da dan\u00e7a no Rio Grande do Sul. O grupo foi constitu\u00eddo em abril de 2020 reunindo institui\u00e7\u00f5es nas esferas governamental, universit\u00e1ria, institucional, art\u00edstica e de articula\u00e7\u00e3o pol\u00edtica do segmento com a finalidade de realizar um levantamento de dados para an\u00e1lise da cadeia produtiva da Dan\u00e7a no Rio Grande do Sul e tra\u00e7ar um perfil do setor no estado. Essa pesquisa \u00e9 uma demanda da comunidade da dan\u00e7a do estado e foi indicada como necessidade no Plano Setorial de Dan\u00e7a, de 2014 e no Plano Estadual de Cultura, de 2015.<br \/>\nAs informa\u00e7\u00f5es ser\u00e3o coletadas por meio de question\u00e1rio e, a partir delas, ser\u00e1 poss\u00edvel visualizar um panorama art\u00edstico, socioecon\u00f4mico e geogr\u00e1fico da dan\u00e7a no estado. Com o Mapeamento, a sociedade ga\u00facha e o poder p\u00fablico poder\u00e3o saber n\u00e3o apenas quantas pessoas vivem da dan\u00e7a no estado, mas como s\u00e3o as rela\u00e7\u00f5es de trabalho, situa\u00e7\u00e3o de renda destes profissionais, assim como os tipos de dan\u00e7a realizadas no RS e as cidades onde existem trabalhadores(as) da dan\u00e7a, entre outras informa\u00e7\u00f5es.<br \/>\nA sistematiza\u00e7\u00e3o destes dados vai permitir a proposi\u00e7\u00e3o e implanta\u00e7\u00e3o de pol\u00edticas p\u00fablicas, fortalecendo as rela\u00e7\u00f5es e a comunica\u00e7\u00e3o entre os diversos segmentos da dan\u00e7a no RS.<\/p>\n<p><img class=\"aligncenter size-large wp-image-493\" src=\"https:\/\/wp.ufpel.edu.br\/omega\/files\/2020\/09\/101919372_104515557963733_3410965015329505280_o-1024x1024.png\" alt=\"\" width=\"1024\" height=\"1024\" srcset=\"https:\/\/wp.ufpel.edu.br\/omega\/files\/2020\/09\/101919372_104515557963733_3410965015329505280_o-1024x1024.png 1024w, https:\/\/wp.ufpel.edu.br\/omega\/files\/2020\/09\/101919372_104515557963733_3410965015329505280_o-400x400.png 400w, https:\/\/wp.ufpel.edu.br\/omega\/files\/2020\/09\/101919372_104515557963733_3410965015329505280_o-200x200.png 200w, https:\/\/wp.ufpel.edu.br\/omega\/files\/2020\/09\/101919372_104515557963733_3410965015329505280_o-768x768.png 768w, https:\/\/wp.ufpel.edu.br\/omega\/files\/2020\/09\/101919372_104515557963733_3410965015329505280_o-1536x1536.png 1536w, https:\/\/wp.ufpel.edu.br\/omega\/files\/2020\/09\/101919372_104515557963733_3410965015329505280_o.png 2000w\" sizes=\"(max-width: 1024px) 100vw, 1024px\" \/><br \/>\nO Mapeamento vem sendo constru\u00eddo de forma plural e democr\u00e1tica, buscando a participa\u00e7\u00e3o de todos os profissionais da dan\u00e7a para que possa alcan\u00e7ar o maior n\u00famero de trabalhadoras e trabalhadores do setor e, assim, sucesso na busca de informa\u00e7\u00f5es precisas e qualificadas. O question\u00e1rio pode ser acessado neste <a href=\"https:\/\/forms.gle\/ojcrkh9oqYHH2bwo9\" target=\"_blank\" rel=\"noopener noreferrer\">LINK<\/a><br \/>\nEntidades que comp\u00f5e o GT de Mapeamento da Dan\u00e7a no RS: Articula Dan\u00e7a RS\/ ASGADAN\/ Associa\u00e7\u00e3o de Circo RS\/ ATAC\/ Centro Municipal de Dan\u00e7a-SMCPMPA\/ Colegiado Setorial de Circo RS\/ Colegiado Setorial de Dan\u00e7a RS\/ Conselho Estadual de Cultura RS\/ FAMURS\/ F\u00f3rum de A\u00e7\u00e3o Permanente pela Cultura\/ F\u00f3rum Permanente de Cultura de Pelotas\/ SATED RS\/ SEDAC RS\/ SEPLAG RS\/UCS\/ UERGS\/ UFPEL\/ UFRGS\/ UFSM.<\/p>\n<p>Mais informa\u00e7\u00f5es, veja o <a href=\"https:\/\/sites.google.com\/view\/mapeamentodancars\" target=\"_blank\" rel=\"noopener noreferrer\">SITE<\/a>.<\/p>\n","protected":false},"excerpt":{"rendered":"<p>Plataforma online foi lan\u00e7ada dia 22 de Agosto de 2020. O Mapeamento da Dan\u00e7a do RS \u00e9 fruto das discuss\u00f5es e proposi\u00e7\u00f5es do Grupo de Trabalho que re\u00fane 19 entidades representativas do setor da dan\u00e7a no Rio Grande do Sul. O grupo foi constitu\u00eddo em abril de 2020 reunindo institui\u00e7\u00f5es nas esferas governamental, universit\u00e1ria, institucional, [&hellip;]<\/p>\n","protected":false},"author":772,"featured_media":0,"comment_status":"closed","ping_status":"closed","sticky":false,"template":"","format":"standard","meta":{"footnotes":""},"categories":[1],"tags":[],"class_list":["post-491","post","type-post","status-publish","format-standard","hentry","category-noticias"],"jetpack_featured_media_url":"","_links":{"self":[{"href":"https:\/\/wp.ufpel.edu.br\/omega\/wp-json\/wp\/v2\/posts\/491","targetHints":{"allow":["GET"]}}],"collection":[{"href":"https:\/\/wp.ufpel.edu.br\/omega\/wp-json\/wp\/v2\/posts"}],"about":[{"href":"https:\/\/wp.ufpel.edu.br\/omega\/wp-json\/wp\/v2\/types\/post"}],"author":[{"embeddable":true,"href":"https:\/\/wp.ufpel.edu.br\/omega\/wp-json\/wp\/v2\/users\/772"}],"replies":[{"embeddable":true,"href":"https:\/\/wp.ufpel.edu.br\/omega\/wp-json\/wp\/v2\/comments?post=491"}],"version-history":[{"count":3,"href":"https:\/\/wp.ufpel.edu.br\/omega\/wp-json\/wp\/v2\/posts\/491\/revisions"}],"predecessor-version":[{"id":496,"href":"https:\/\/wp.ufpel.edu.br\/omega\/wp-json\/wp\/v2\/posts\/491\/revisions\/496"}],"wp:attachment":[{"href":"https:\/\/wp.ufpel.edu.br\/omega\/wp-json\/wp\/v2\/media?parent=491"}],"wp:term":[{"taxonomy":"category","embeddable":true,"href":"https:\/\/wp.ufpel.edu.br\/omega\/wp-json\/wp\/v2\/categories?post=491"},{"taxonomy":"post_tag","embeddable":true,"href":"https:\/\/wp.ufpel.edu.br\/omega\/wp-json\/wp\/v2\/tags?post=491"}],"curies":[{"name":"wp","href":"https:\/\/api.w.org\/{rel}","templated":true}]}}