{"id":486,"date":"2020-08-14T11:52:20","date_gmt":"2020-08-14T14:52:20","guid":{"rendered":"https:\/\/wp.ufpel.edu.br\/omega\/?p=486"},"modified":"2020-08-14T11:52:20","modified_gmt":"2020-08-14T14:52:20","slug":"abertas-as-inscricoes-para-a-semana-do-folclore-2020-que-inicia-no-dia-17-de-agosto","status":"publish","type":"post","link":"https:\/\/wp.ufpel.edu.br\/omega\/2020\/08\/14\/abertas-as-inscricoes-para-a-semana-do-folclore-2020-que-inicia-no-dia-17-de-agosto\/","title":{"rendered":"ABERTAS AS INSCRI\u00c7\u00d5ES PARA A SEMANA DO FOLCLORE 2020, QUE INICIA NO DIA 17 DE AGOSTO"},"content":{"rendered":"<p>Realizada na Universidade Federal de Pelotas- UFPel desde o ano de 2012, inicia nesta segunda-feira, dia 17 de agosto de 2020, mais uma edi\u00e7\u00e3o da Semana do Folclore, desta vez em Edi\u00e7\u00e3o Online.<\/p>\n<p>Com a promo\u00e7\u00e3o e realiza\u00e7\u00e3o do N\u00facleo de Folclore da UFPel \u2013 NUFOLK e do Laborat\u00f3rio de Decolonialidade em A\u00e7\u00f5es e Investiga\u00e7\u00f5es Art\u00edsticas \u2013 LADAIA, o evento deste ano traz como tema-gerador \u201cCULTURAS NEGRAS E PENSAMENTO DECOLONIAL\u201d.<\/p>\n<p>Devido \u00e0 pandemia do COVID-19, o evento ser\u00e1 totalmente em formato virtual e acontecer\u00e1 de 17 a 22 de Agosto de, tendo ainda como parceiros desta edi\u00e7\u00e3o: OMEGA \u2013 Observat\u00f3rio de Mem\u00f3ria, Educa\u00e7\u00e3o, Gesto e Arte (UFPel\/CNPq), Curso de Dan\u00e7a \u2013 Licenciatura, Projeto de Extens\u00e3o Folclore e Educa\u00e7\u00e3o, Projeto de Pesquisa Aspectos Hist\u00f3ricos da Dan\u00e7a no RS, Projeto de Pesquisa Po\u00e9ticas Populares na Contemporaneidade, Curso de Dan\u00e7a da UCS, Abrasoffa \u2013 Associa\u00e7\u00e3o Brasileira dos Organizadores de Festivais de Folclore e Artes Populares, Grupo Afro-Sul de M\u00fasica e Dan\u00e7a e Abamba\u00e9 Companhia de Dan\u00e7as Brasileiras.<\/p>\n<p>Integram a Comiss\u00e3o Organizadora do evento os professores Thiago Amorim (Curso de Dan\u00e7a), Manoel Gildo (Curso de Dan\u00e7a), Carmen Hoffmann (Curso de Dan\u00e7a) e Rose Miranda (Faculdade de Educa\u00e7\u00e3o) e os alunos Ederson Vergara, Felipi Corr\u00eaa, Natiele Meirelles (Curso de Dan\u00e7a) e Beliza Gonzales (Programa de P\u00f3s-Gradua\u00e7\u00e3o em Artes Visuais).<\/p>\n<p>Para saber mais, <a href=\"https:\/\/wp.ufpel.edu.br\/nufolk\/2020\/08\/12\/abertas-as-inscricoes-para-a-semana-do-folclore-2020-que-inicia-no-dia-17-de-agosto\/\" target=\"_blank\" rel=\"noopener noreferrer\">CLIQUE AQUI.<\/a><\/p>\n<p><img class=\"aligncenter size-full wp-image-488\" src=\"https:\/\/wp.ufpel.edu.br\/omega\/files\/2020\/08\/WhatsApp-Image-2020-08-12-at-14.15.54.jpeg\" alt=\"\" width=\"627\" height=\"884\" srcset=\"https:\/\/wp.ufpel.edu.br\/omega\/files\/2020\/08\/WhatsApp-Image-2020-08-12-at-14.15.54.jpeg 627w, https:\/\/wp.ufpel.edu.br\/omega\/files\/2020\/08\/WhatsApp-Image-2020-08-12-at-14.15.54-284x400.jpeg 284w\" sizes=\"(max-width: 627px) 100vw, 627px\" \/><\/p>\n","protected":false},"excerpt":{"rendered":"<p>Realizada na Universidade Federal de Pelotas- UFPel desde o ano de 2012, inicia nesta segunda-feira, dia 17 de agosto de 2020, mais uma edi\u00e7\u00e3o da Semana do Folclore, desta vez em Edi\u00e7\u00e3o Online. Com a promo\u00e7\u00e3o e realiza\u00e7\u00e3o do N\u00facleo de Folclore da UFPel \u2013 NUFOLK e do Laborat\u00f3rio de Decolonialidade em A\u00e7\u00f5es e Investiga\u00e7\u00f5es [&hellip;]<\/p>\n","protected":false},"author":772,"featured_media":0,"comment_status":"closed","ping_status":"closed","sticky":false,"template":"","format":"standard","meta":{"footnotes":""},"categories":[1],"tags":[],"class_list":["post-486","post","type-post","status-publish","format-standard","hentry","category-noticias"],"jetpack_featured_media_url":"","_links":{"self":[{"href":"https:\/\/wp.ufpel.edu.br\/omega\/wp-json\/wp\/v2\/posts\/486","targetHints":{"allow":["GET"]}}],"collection":[{"href":"https:\/\/wp.ufpel.edu.br\/omega\/wp-json\/wp\/v2\/posts"}],"about":[{"href":"https:\/\/wp.ufpel.edu.br\/omega\/wp-json\/wp\/v2\/types\/post"}],"author":[{"embeddable":true,"href":"https:\/\/wp.ufpel.edu.br\/omega\/wp-json\/wp\/v2\/users\/772"}],"replies":[{"embeddable":true,"href":"https:\/\/wp.ufpel.edu.br\/omega\/wp-json\/wp\/v2\/comments?post=486"}],"version-history":[{"count":1,"href":"https:\/\/wp.ufpel.edu.br\/omega\/wp-json\/wp\/v2\/posts\/486\/revisions"}],"predecessor-version":[{"id":489,"href":"https:\/\/wp.ufpel.edu.br\/omega\/wp-json\/wp\/v2\/posts\/486\/revisions\/489"}],"wp:attachment":[{"href":"https:\/\/wp.ufpel.edu.br\/omega\/wp-json\/wp\/v2\/media?parent=486"}],"wp:term":[{"taxonomy":"category","embeddable":true,"href":"https:\/\/wp.ufpel.edu.br\/omega\/wp-json\/wp\/v2\/categories?post=486"},{"taxonomy":"post_tag","embeddable":true,"href":"https:\/\/wp.ufpel.edu.br\/omega\/wp-json\/wp\/v2\/tags?post=486"}],"curies":[{"name":"wp","href":"https:\/\/api.w.org\/{rel}","templated":true}]}}