{"id":400,"date":"2019-11-13T12:06:58","date_gmt":"2019-11-13T15:06:58","guid":{"rendered":"https:\/\/wp.ufpel.edu.br\/omega\/?p=400"},"modified":"2019-11-13T12:06:58","modified_gmt":"2019-11-13T15:06:58","slug":"encontro-humanistico-multidisciplinar-congresso-latino-americano-de-estudos-humanisticos-multidisciplinares-26-a-28-de-novembro-de-2019","status":"publish","type":"post","link":"https:\/\/wp.ufpel.edu.br\/omega\/2019\/11\/13\/encontro-humanistico-multidisciplinar-congresso-latino-americano-de-estudos-humanisticos-multidisciplinares-26-a-28-de-novembro-de-2019\/","title":{"rendered":"Encontro Human\u00edstico Multidisciplinar\/Congresso Latino-Americano De Estudos Human\u00edsticos Multidisciplinares 26 a 28 de novembro de 2019"},"content":{"rendered":"<div><strong>Simp\u00f3sio tem\u00e1tico Pr\u00e1ticas Corporais do Mundo Dan\u00e7ado, coordenado por Maria Falkembach e Cl\u00e1udio Carle &#8211; dia 28\/11<\/strong><\/div>\n<div><strong>dentro do evento IV Encontro Human\u00edstico Interdisciplinar<\/strong><\/div>\n<div><img class=\"aligncenter size-full wp-image-402\" src=\"https:\/\/wp.ufpel.edu.br\/omega\/files\/2019\/11\/omega.jpg\" alt=\"\" width=\"960\" height=\"400\" srcset=\"https:\/\/wp.ufpel.edu.br\/omega\/files\/2019\/11\/omega.jpg 960w, https:\/\/wp.ufpel.edu.br\/omega\/files\/2019\/11\/omega-400x167.jpg 400w, https:\/\/wp.ufpel.edu.br\/omega\/files\/2019\/11\/omega-768x320.jpg 768w\" sizes=\"(max-width: 960px) 100vw, 960px\" \/><img class=\"aligncenter size-full wp-image-403\" src=\"https:\/\/wp.ufpel.edu.br\/omega\/files\/2019\/11\/omega-1.jpg\" alt=\"\" width=\"400\" height=\"476\" srcset=\"https:\/\/wp.ufpel.edu.br\/omega\/files\/2019\/11\/omega-1.jpg 400w, https:\/\/wp.ufpel.edu.br\/omega\/files\/2019\/11\/omega-1-336x400.jpg 336w\" sizes=\"(max-width: 400px) 100vw, 400px\" \/><\/div>\n<div>Maiores informa\u00e7\u00f5es acesse o site: <a href=\"https:\/\/claec.org\/ehm\/st-10-praticas-corporais-do-mundo-dancado\/\">https:\/\/claec.org\/ehm\/st-10-praticas-corporais-do-mundo-dancado\/<\/a><\/div>\n","protected":false},"excerpt":{"rendered":"<p>Simp\u00f3sio tem\u00e1tico Pr\u00e1ticas Corporais do Mundo Dan\u00e7ado, coordenado por Maria Falkembach e Cl\u00e1udio Carle &#8211; dia 28\/11 dentro do evento IV Encontro Human\u00edstico Interdisciplinar Maiores informa\u00e7\u00f5es acesse o site: https:\/\/claec.org\/ehm\/st-10-praticas-corporais-do-mundo-dancado\/<\/p>\n","protected":false},"author":772,"featured_media":0,"comment_status":"closed","ping_status":"closed","sticky":false,"template":"","format":"standard","meta":{"footnotes":""},"categories":[1],"tags":[],"class_list":["post-400","post","type-post","status-publish","format-standard","hentry","category-noticias"],"jetpack_featured_media_url":"","_links":{"self":[{"href":"https:\/\/wp.ufpel.edu.br\/omega\/wp-json\/wp\/v2\/posts\/400","targetHints":{"allow":["GET"]}}],"collection":[{"href":"https:\/\/wp.ufpel.edu.br\/omega\/wp-json\/wp\/v2\/posts"}],"about":[{"href":"https:\/\/wp.ufpel.edu.br\/omega\/wp-json\/wp\/v2\/types\/post"}],"author":[{"embeddable":true,"href":"https:\/\/wp.ufpel.edu.br\/omega\/wp-json\/wp\/v2\/users\/772"}],"replies":[{"embeddable":true,"href":"https:\/\/wp.ufpel.edu.br\/omega\/wp-json\/wp\/v2\/comments?post=400"}],"version-history":[{"count":4,"href":"https:\/\/wp.ufpel.edu.br\/omega\/wp-json\/wp\/v2\/posts\/400\/revisions"}],"predecessor-version":[{"id":407,"href":"https:\/\/wp.ufpel.edu.br\/omega\/wp-json\/wp\/v2\/posts\/400\/revisions\/407"}],"wp:attachment":[{"href":"https:\/\/wp.ufpel.edu.br\/omega\/wp-json\/wp\/v2\/media?parent=400"}],"wp:term":[{"taxonomy":"category","embeddable":true,"href":"https:\/\/wp.ufpel.edu.br\/omega\/wp-json\/wp\/v2\/categories?post=400"},{"taxonomy":"post_tag","embeddable":true,"href":"https:\/\/wp.ufpel.edu.br\/omega\/wp-json\/wp\/v2\/tags?post=400"}],"curies":[{"name":"wp","href":"https:\/\/api.w.org\/{rel}","templated":true}]}}