{"id":379,"date":"2019-08-28T10:14:03","date_gmt":"2019-08-28T13:14:03","guid":{"rendered":"https:\/\/wp.ufpel.edu.br\/omega\/?p=379"},"modified":"2019-09-18T10:47:30","modified_gmt":"2019-09-18T13:47:30","slug":"projeto-do-omega-e-contemplado-no-edital-da-fapergs","status":"publish","type":"post","link":"https:\/\/wp.ufpel.edu.br\/omega\/2019\/08\/28\/projeto-do-omega-e-contemplado-no-edital-da-fapergs\/","title":{"rendered":"Projeto do OMEGA \u00e9 contemplado no edital da FAPERGS"},"content":{"rendered":"<p>O Projeto de pesquisa &#8220;Ensino Contempor\u00e2neo de Dan\u00e7a na Educa\u00e7\u00e3o B\u00e1sica: pedagogias poss\u00edveis&#8221;, coordenado pela Prof\u00aa Dr\u00aa Josiane Franken Corr\u00eaa e vinculado ao Observat\u00f3rio de Mem\u00f3ria, Educa\u00e7\u00e3o, Gesto e Arte (OMEGA) foi contemplado no Edital <a href=\"https:\/\/fapergs.rs.gov.br\/edital-04-2019-auxilio-recem-doutor-ard\">FAPERGS<\/a> categoria Rec\u00e9m Doutor(a).<\/p>\n<p>Buscando aprofundar os estudos sobre Dan\u00e7a na escola de Educa\u00e7\u00e3o B\u00e1sica, o projeto viabilizar\u00e1 um espa\u00e7o de pesquisa em uma escola p\u00fablica na cidade de Pelotas RS, que pode ser entendido como um laborat\u00f3rio sobre o tema. Acreditando na aproxima\u00e7\u00e3o entre universidade e escola como um fator importante para a realiza\u00e7\u00e3o e o avan\u00e7o das pesquisas relacionadas \u00e0 doc\u00eancia e ao ensino de dan\u00e7a, tem-se como foco o contexto real do trabalho docente, buscando partir dele para a efetiva\u00e7\u00e3o de uma investiga\u00e7\u00e3o coerente com a realidade local. Desse modo, busca-se potencializar o espa\u00e7o escolar como lugar de cria\u00e7\u00e3o e frui\u00e7\u00e3o art\u00edstica em dan\u00e7a, para que, com isso, seja efetivado um ponto de acesso \u00e0 pesquisa sobre ensino de dan\u00e7a no contexto sul-rio-grandense.<\/p>\n<p>As atividades est\u00e3o previstas para iniciarem no 1\u00ba Semestre de 2020, contando com a colabora\u00e7\u00e3o da comunidade escolar e da comunidade acad\u00eamica da UFPel.<\/p>\n","protected":false},"excerpt":{"rendered":"<p>O Projeto de pesquisa &#8220;Ensino Contempor\u00e2neo de Dan\u00e7a na Educa\u00e7\u00e3o B\u00e1sica: pedagogias poss\u00edveis&#8221;, coordenado pela Prof\u00aa Dr\u00aa Josiane Franken Corr\u00eaa e vinculado ao Observat\u00f3rio de Mem\u00f3ria, Educa\u00e7\u00e3o, Gesto e Arte (OMEGA) foi contemplado no Edital FAPERGS categoria Rec\u00e9m Doutor(a). Buscando aprofundar os estudos sobre Dan\u00e7a na escola de Educa\u00e7\u00e3o B\u00e1sica, o projeto viabilizar\u00e1 um espa\u00e7o [&hellip;]<\/p>\n","protected":false},"author":772,"featured_media":0,"comment_status":"closed","ping_status":"closed","sticky":false,"template":"","format":"standard","meta":{"footnotes":""},"categories":[1],"tags":[],"class_list":["post-379","post","type-post","status-publish","format-standard","hentry","category-noticias"],"jetpack_featured_media_url":"","_links":{"self":[{"href":"https:\/\/wp.ufpel.edu.br\/omega\/wp-json\/wp\/v2\/posts\/379","targetHints":{"allow":["GET"]}}],"collection":[{"href":"https:\/\/wp.ufpel.edu.br\/omega\/wp-json\/wp\/v2\/posts"}],"about":[{"href":"https:\/\/wp.ufpel.edu.br\/omega\/wp-json\/wp\/v2\/types\/post"}],"author":[{"embeddable":true,"href":"https:\/\/wp.ufpel.edu.br\/omega\/wp-json\/wp\/v2\/users\/772"}],"replies":[{"embeddable":true,"href":"https:\/\/wp.ufpel.edu.br\/omega\/wp-json\/wp\/v2\/comments?post=379"}],"version-history":[{"count":3,"href":"https:\/\/wp.ufpel.edu.br\/omega\/wp-json\/wp\/v2\/posts\/379\/revisions"}],"predecessor-version":[{"id":384,"href":"https:\/\/wp.ufpel.edu.br\/omega\/wp-json\/wp\/v2\/posts\/379\/revisions\/384"}],"wp:attachment":[{"href":"https:\/\/wp.ufpel.edu.br\/omega\/wp-json\/wp\/v2\/media?parent=379"}],"wp:term":[{"taxonomy":"category","embeddable":true,"href":"https:\/\/wp.ufpel.edu.br\/omega\/wp-json\/wp\/v2\/categories?post=379"},{"taxonomy":"post_tag","embeddable":true,"href":"https:\/\/wp.ufpel.edu.br\/omega\/wp-json\/wp\/v2\/tags?post=379"}],"curies":[{"name":"wp","href":"https:\/\/api.w.org\/{rel}","templated":true}]}}