{"id":324,"date":"2019-04-29T12:13:26","date_gmt":"2019-04-29T15:13:26","guid":{"rendered":"https:\/\/wp.ufpel.edu.br\/omega\/?p=324"},"modified":"2019-04-29T12:13:26","modified_gmt":"2019-04-29T15:13:26","slug":"curso-de-danca-licenciatura-comemora-o-dia-internacional-da-danca","status":"publish","type":"post","link":"https:\/\/wp.ufpel.edu.br\/omega\/2019\/04\/29\/curso-de-danca-licenciatura-comemora-o-dia-internacional-da-danca\/","title":{"rendered":"Curso de Dan\u00e7a-Licenciatura comemora o Dia Internacional da Dan\u00e7a"},"content":{"rendered":"<p>Curso de Dan\u00e7a da UFPel Comemora o Dia Internacional da Dan\u00e7a com atividades em diversos territ\u00f3rios da cidade de Pelotas.<\/p>\n<p>A dan\u00e7a sempre teve grande presen\u00e7a e import\u00e2ncia na vida das diferentes sociedades, acontecendo como modo de express\u00e3o da exist\u00eancia humana. Ao longo da hist\u00f3ria organizaram-se v\u00e1rias formas de se dan\u00e7ar. A dan\u00e7a \u00e9 saber que demarca identidades, cren\u00e7as e costumes de povos. \u00c9 representa\u00e7\u00e3o\/express\u00e3o do que se vive, do que se pensa, do que se aprende, do que se intui. Como forma de valorizar esta linguagem das Artes, o Comit\u00ea Internacional de Dan\u00e7a da Unesco estabeleceu o dia 29 de abril como DIA INTERNACIONAL DA DAN\u00c7A, tamb\u00e9m uma homenagem ao nascimento do bailarino, professor e ensa\u00edsta franc\u00eas Jean-Georges Noverre (1727-1810), figura que se destaca na hist\u00f3ria da dan\u00e7a por ter escrito \u201cCartas sobre a Dan\u00e7a\u201d (Letters sur la Danse), um conjunto de cartas sobre o bal\u00e9 de sua \u00e9poca editado em 1760.<br \/>\nAssim, o Curso de Dan\u00e7a-Licenciatura da UFPel, comemorar\u00e1 o Dia Internacional da Dan\u00e7a (29 de abril) oportunizando viv\u00eancias diversas abrangendo v\u00e1rios territ\u00f3rios da cidade de Pelotas, configurando-se enquanto programa\u00e7\u00e3o plural e descentralizada. O evento visa divulgar, e aproximar da comunidade de Pelotas \u00e0s a\u00e7\u00f5es e aos objetivos do curso. Atrav\u00e9s desta pr\u00e1tica art\u00edstico-pedag\u00f3gica, pretende-se estimular a op\u00e7\u00e3o pela forma\u00e7\u00e3o superior em dan\u00e7a, desenvolver reflex\u00f5es sobre a import\u00e2ncia da dan\u00e7a no cotidiano das pessoas e, tamb\u00e9m, chamar a aten\u00e7\u00e3o do poder p\u00fablico para a necessidade de garantir espa\u00e7o para dan\u00e7a no sistema de educa\u00e7\u00e3o formal.<\/p>\n<p>Confira a programa\u00e7\u00e3o: <img class=\"aligncenter size-medium wp-image-326\" src=\"https:\/\/wp.ufpel.edu.br\/omega\/files\/2019\/04\/FB_IMG_1556550323720-300x400.jpg\" alt=\"\" width=\"300\" height=\"400\" srcset=\"https:\/\/wp.ufpel.edu.br\/omega\/files\/2019\/04\/FB_IMG_1556550323720-300x400.jpg 300w, https:\/\/wp.ufpel.edu.br\/omega\/files\/2019\/04\/FB_IMG_1556550323720.jpg 720w\" sizes=\"(max-width: 300px) 100vw, 300px\" \/><\/p>\n","protected":false},"excerpt":{"rendered":"<p>Curso de Dan\u00e7a da UFPel Comemora o Dia Internacional da Dan\u00e7a com atividades em diversos territ\u00f3rios da cidade de Pelotas. A dan\u00e7a sempre teve grande presen\u00e7a e import\u00e2ncia na vida das diferentes sociedades, acontecendo como modo de express\u00e3o da exist\u00eancia humana. Ao longo da hist\u00f3ria organizaram-se v\u00e1rias formas de se dan\u00e7ar. A dan\u00e7a \u00e9 saber [&hellip;]<\/p>\n","protected":false},"author":772,"featured_media":0,"comment_status":"closed","ping_status":"closed","sticky":false,"template":"","format":"standard","meta":{"footnotes":""},"categories":[1],"tags":[],"class_list":["post-324","post","type-post","status-publish","format-standard","hentry","category-noticias"],"jetpack_featured_media_url":"","_links":{"self":[{"href":"https:\/\/wp.ufpel.edu.br\/omega\/wp-json\/wp\/v2\/posts\/324","targetHints":{"allow":["GET"]}}],"collection":[{"href":"https:\/\/wp.ufpel.edu.br\/omega\/wp-json\/wp\/v2\/posts"}],"about":[{"href":"https:\/\/wp.ufpel.edu.br\/omega\/wp-json\/wp\/v2\/types\/post"}],"author":[{"embeddable":true,"href":"https:\/\/wp.ufpel.edu.br\/omega\/wp-json\/wp\/v2\/users\/772"}],"replies":[{"embeddable":true,"href":"https:\/\/wp.ufpel.edu.br\/omega\/wp-json\/wp\/v2\/comments?post=324"}],"version-history":[{"count":1,"href":"https:\/\/wp.ufpel.edu.br\/omega\/wp-json\/wp\/v2\/posts\/324\/revisions"}],"predecessor-version":[{"id":327,"href":"https:\/\/wp.ufpel.edu.br\/omega\/wp-json\/wp\/v2\/posts\/324\/revisions\/327"}],"wp:attachment":[{"href":"https:\/\/wp.ufpel.edu.br\/omega\/wp-json\/wp\/v2\/media?parent=324"}],"wp:term":[{"taxonomy":"category","embeddable":true,"href":"https:\/\/wp.ufpel.edu.br\/omega\/wp-json\/wp\/v2\/categories?post=324"},{"taxonomy":"post_tag","embeddable":true,"href":"https:\/\/wp.ufpel.edu.br\/omega\/wp-json\/wp\/v2\/tags?post=324"}],"curies":[{"name":"wp","href":"https:\/\/api.w.org\/{rel}","templated":true}]}}