{"id":88,"date":"2018-09-28T10:59:51","date_gmt":"2018-09-28T13:59:51","guid":{"rendered":"https:\/\/wp.ufpel.edu.br\/olimpiada\/?p=88"},"modified":"2018-09-28T10:59:51","modified_gmt":"2018-09-28T13:59:51","slug":"ii-encontro-de-formacao-foi-realizado-no-ceart-ufpel","status":"publish","type":"post","link":"https:\/\/wp.ufpel.edu.br\/olimpiada\/2018\/09\/28\/ii-encontro-de-formacao-foi-realizado-no-ceart-ufpel\/","title":{"rendered":"II Encontro de Forma\u00e7\u00e3o foi realizado no CeArt-UFPel"},"content":{"rendered":"<p style=\"text-align: justify\">No dia 13 de setembro ocorreu o II Encontro de Forma\u00e7\u00e3o Pr\u00e9-Ol\u00edmpico, no Centro de Artes, da Universidade Federal de Pelotas (UFPEL).\u00a0 O encontro contou com a presen\u00e7a do\u00a0Prof. S\u00e9rgio Augusto Sardi (PUCRS), idealizador da Olimp\u00edada de Filosofia no Rio Grande do Sul, que relatou um pouco da hist\u00f3ria do evento e apresentou a proposta de esp\u00edrito n\u00e3o-competitivo e de troca de experi\u00eancias e viv\u00eancias. O encontro teve tamb\u00e9m o relato da\u00a0Profa. Daniela Grillo (UFPel \u2013 EAD), que \u00e9 professora de Filosofia da Escola Estadual Santa Rita, em Pelotas\/RS e contou sobre sua experi\u00eancia profissional.<\/p>\n<p>A Olimp\u00edada ser\u00e1 realizada no dia 20 de outubro e as inscri\u00e7\u00f5es j\u00e1 est\u00e3o abertas!\u00a0 <a href=\"https:\/\/wp.ufpel.edu.br\/olimpiada\/2018\/09\/10\/inscricoes-abertas-para-xi-olimpiada-de-filosofia-do-rs\/\">Inscreva-se aqui<\/a>.<\/p>\n<p>Para propor oficina ou atuar como monitor no dia do evento, <a href=\"https:\/\/wp.ufpel.edu.br\/olimpiada\/2018\/09\/10\/inscricoes-para-oficineiros-e-monitores\/\">inscreva-se aqui<\/a>.<\/p>\n<p>&nbsp;<\/p>\n<p>Confira as fotos do II Encontro.<\/p>\n<p><img loading=\"lazy\" decoding=\"async\" class=\"alignleft wp-image-89 size-large\" src=\"https:\/\/wp.ufpel.edu.br\/olimpiada\/files\/2018\/09\/41671146_2165642236984637_8817926960903618560_o-1024x576.jpg\" alt=\"\" width=\"750\" height=\"422\" srcset=\"https:\/\/wp.ufpel.edu.br\/olimpiada\/files\/2018\/09\/41671146_2165642236984637_8817926960903618560_o-1024x576.jpg 1024w, https:\/\/wp.ufpel.edu.br\/olimpiada\/files\/2018\/09\/41671146_2165642236984637_8817926960903618560_o-400x225.jpg 400w, https:\/\/wp.ufpel.edu.br\/olimpiada\/files\/2018\/09\/41671146_2165642236984637_8817926960903618560_o-768x432.jpg 768w, https:\/\/wp.ufpel.edu.br\/olimpiada\/files\/2018\/09\/41671146_2165642236984637_8817926960903618560_o.jpg 1280w\" sizes=\"auto, (max-width: 750px) 100vw, 750px\" \/> <img loading=\"lazy\" decoding=\"async\" class=\"alignleft wp-image-90 size-large\" src=\"https:\/\/wp.ufpel.edu.br\/olimpiada\/files\/2018\/09\/41712127_2165642183651309_1588994743965057024_o-576x1024.jpg\" alt=\"\" width=\"576\" height=\"1024\" srcset=\"https:\/\/wp.ufpel.edu.br\/olimpiada\/files\/2018\/09\/41712127_2165642183651309_1588994743965057024_o-576x1024.jpg 576w, https:\/\/wp.ufpel.edu.br\/olimpiada\/files\/2018\/09\/41712127_2165642183651309_1588994743965057024_o-225x400.jpg 225w, https:\/\/wp.ufpel.edu.br\/olimpiada\/files\/2018\/09\/41712127_2165642183651309_1588994743965057024_o.jpg 720w\" sizes=\"auto, (max-width: 576px) 100vw, 576px\" \/><\/p>\n","protected":false},"excerpt":{"rendered":"<p>No dia 13 de setembro ocorreu o II Encontro de Forma\u00e7\u00e3o Pr\u00e9-Ol\u00edmpico, no Centro de Artes, da Universidade Federal de Pelotas (UFPEL).\u00a0 O encontro contou com a presen\u00e7a do\u00a0Prof. S\u00e9rgio Augusto Sardi (PUCRS), idealizador da Olimp\u00edada de Filosofia no Rio Grande do Sul, que relatou um pouco da hist\u00f3ria do evento e apresentou a proposta &hellip; <\/p>\n<p><a class=\"more-link btn\" href=\"https:\/\/wp.ufpel.edu.br\/olimpiada\/2018\/09\/28\/ii-encontro-de-formacao-foi-realizado-no-ceart-ufpel\/\">Continue lendo<\/a><\/p>\n","protected":false},"author":357,"featured_media":29,"comment_status":"closed","ping_status":"closed","sticky":false,"template":"","format":"standard","meta":{"footnotes":""},"categories":[1],"tags":[],"class_list":["post-88","post","type-post","status-publish","format-standard","has-post-thumbnail","hentry","category-noticias","item-wrap"],"jetpack_featured_media_url":"https:\/\/wp.ufpel.edu.br\/olimpiada\/files\/2018\/09\/Identidade-Visual-Olimpi\u0301ada.jpeg","_links":{"self":[{"href":"https:\/\/wp.ufpel.edu.br\/olimpiada\/wp-json\/wp\/v2\/posts\/88","targetHints":{"allow":["GET"]}}],"collection":[{"href":"https:\/\/wp.ufpel.edu.br\/olimpiada\/wp-json\/wp\/v2\/posts"}],"about":[{"href":"https:\/\/wp.ufpel.edu.br\/olimpiada\/wp-json\/wp\/v2\/types\/post"}],"author":[{"embeddable":true,"href":"https:\/\/wp.ufpel.edu.br\/olimpiada\/wp-json\/wp\/v2\/users\/357"}],"replies":[{"embeddable":true,"href":"https:\/\/wp.ufpel.edu.br\/olimpiada\/wp-json\/wp\/v2\/comments?post=88"}],"version-history":[{"count":1,"href":"https:\/\/wp.ufpel.edu.br\/olimpiada\/wp-json\/wp\/v2\/posts\/88\/revisions"}],"predecessor-version":[{"id":91,"href":"https:\/\/wp.ufpel.edu.br\/olimpiada\/wp-json\/wp\/v2\/posts\/88\/revisions\/91"}],"wp:featuredmedia":[{"embeddable":true,"href":"https:\/\/wp.ufpel.edu.br\/olimpiada\/wp-json\/wp\/v2\/media\/29"}],"wp:attachment":[{"href":"https:\/\/wp.ufpel.edu.br\/olimpiada\/wp-json\/wp\/v2\/media?parent=88"}],"wp:term":[{"taxonomy":"category","embeddable":true,"href":"https:\/\/wp.ufpel.edu.br\/olimpiada\/wp-json\/wp\/v2\/categories?post=88"},{"taxonomy":"post_tag","embeddable":true,"href":"https:\/\/wp.ufpel.edu.br\/olimpiada\/wp-json\/wp\/v2\/tags?post=88"}],"curies":[{"name":"wp","href":"https:\/\/api.w.org\/{rel}","templated":true}]}}