{"id":86,"date":"2018-09-28T11:02:35","date_gmt":"2018-09-28T14:02:35","guid":{"rendered":"https:\/\/wp.ufpel.edu.br\/olimpiada\/?p=86"},"modified":"2018-09-28T11:02:35","modified_gmt":"2018-09-28T14:02:35","slug":"entrevista-com-prof-sergio-sardi-na-tv-ucpel","status":"publish","type":"post","link":"https:\/\/wp.ufpel.edu.br\/olimpiada\/2018\/09\/28\/entrevista-com-prof-sergio-sardi-na-tv-ucpel\/","title":{"rendered":"Entrevista com Prof. S\u00e9rgio Sardi na TV-UCPEL"},"content":{"rendered":"<p>Confira a entrevista com o Prof. S\u00e9rgio Sardi (PUCRS), idealizador da Olimp\u00edada de Filosofia no RS, realizada pela TV-UCPEL, com a presen\u00e7a do Prof. Pedro Leite (UFPEL) e da Profa. Adriane M\u00f6bbs (UCPEL).<\/p>\n<div class=\"embed-container\"><iframe loading=\"lazy\" width=\"750\" height=\"563\" src=\"https:\/\/www.youtube.com\/embed\/q3sD3rkAhRY?feature=oembed\" frameborder=\"0\" allow=\"autoplay; encrypted-media\" allowfullscreen><\/iframe><\/div>\n","protected":false},"excerpt":{"rendered":"<p>Confira a entrevista com o Prof. S\u00e9rgio Sardi (PUCRS), idealizador da Olimp\u00edada de Filosofia no RS, realizada pela TV-UCPEL, com a presen\u00e7a do Prof. Pedro Leite (UFPEL) e da Profa. Adriane M\u00f6bbs (UCPEL).<\/p>\n","protected":false},"author":357,"featured_media":11,"comment_status":"closed","ping_status":"closed","sticky":false,"template":"","format":"standard","meta":{"footnotes":""},"categories":[1],"tags":[],"class_list":["post-86","post","type-post","status-publish","format-standard","has-post-thumbnail","hentry","category-noticias","item-wrap"],"jetpack_featured_media_url":"https:\/\/wp.ufpel.edu.br\/olimpiada\/files\/2018\/08\/34706059_373693993140265_5120486347030659072_o.jpg","_links":{"self":[{"href":"https:\/\/wp.ufpel.edu.br\/olimpiada\/wp-json\/wp\/v2\/posts\/86","targetHints":{"allow":["GET"]}}],"collection":[{"href":"https:\/\/wp.ufpel.edu.br\/olimpiada\/wp-json\/wp\/v2\/posts"}],"about":[{"href":"https:\/\/wp.ufpel.edu.br\/olimpiada\/wp-json\/wp\/v2\/types\/post"}],"author":[{"embeddable":true,"href":"https:\/\/wp.ufpel.edu.br\/olimpiada\/wp-json\/wp\/v2\/users\/357"}],"replies":[{"embeddable":true,"href":"https:\/\/wp.ufpel.edu.br\/olimpiada\/wp-json\/wp\/v2\/comments?post=86"}],"version-history":[{"count":2,"href":"https:\/\/wp.ufpel.edu.br\/olimpiada\/wp-json\/wp\/v2\/posts\/86\/revisions"}],"predecessor-version":[{"id":92,"href":"https:\/\/wp.ufpel.edu.br\/olimpiada\/wp-json\/wp\/v2\/posts\/86\/revisions\/92"}],"wp:featuredmedia":[{"embeddable":true,"href":"https:\/\/wp.ufpel.edu.br\/olimpiada\/wp-json\/wp\/v2\/media\/11"}],"wp:attachment":[{"href":"https:\/\/wp.ufpel.edu.br\/olimpiada\/wp-json\/wp\/v2\/media?parent=86"}],"wp:term":[{"taxonomy":"category","embeddable":true,"href":"https:\/\/wp.ufpel.edu.br\/olimpiada\/wp-json\/wp\/v2\/categories?post=86"},{"taxonomy":"post_tag","embeddable":true,"href":"https:\/\/wp.ufpel.edu.br\/olimpiada\/wp-json\/wp\/v2\/tags?post=86"}],"curies":[{"name":"wp","href":"https:\/\/api.w.org\/{rel}","templated":true}]}}