{"id":3710,"date":"2026-04-21T22:49:46","date_gmt":"2026-04-22T01:49:46","guid":{"rendered":"https:\/\/wp.ufpel.edu.br\/odontologia\/?p=3710"},"modified":"2026-04-21T22:54:20","modified_gmt":"2026-04-22T01:54:20","slug":"dicionario-de-historias-de-pelotas","status":"publish","type":"post","link":"https:\/\/wp.ufpel.edu.br\/odontologia\/2026\/04\/21\/dicionario-de-historias-de-pelotas\/","title":{"rendered":"Dicion\u00e1rio de Hist\u00f3rias de Pelotas"},"content":{"rendered":"<div id=\"pl-3710\"  class=\"panel-layout\" ><div id=\"pg-3710-0\"  class=\"panel-grid panel-no-style\" ><div id=\"pgc-3710-0-0\"  class=\"panel-grid-cell\" ><div id=\"panel-3710-0-0-0\" class=\"so-panel widget widget_sow-editor panel-first-child panel-last-child\" data-index=\"0\" ><div\n\t\t\t\n\t\t\tclass=\"so-widget-sow-editor so-widget-sow-editor-base\"\n\t\t\t\n\t\t>\n<div class=\"siteorigin-widget-tinymce textwidget\">\n\t<p><span style=\"background-color: #ffffff; color: #800000; font-size: 18pt;\">Dicion\u00e1rio de Hist\u00f3rias de Pelotas<\/span><\/p>\n<p><span style=\"font-size: 14pt;\">Saiu o e-book Dicion\u00e1rio da Hist\u00f3ria de Pelotas \u2013 Volume II, coordenado pela Prof. Lorena Gill. Temos um cap\u00edtulo que fala sobre a hist\u00f3ria da nossa Faculdade de Odontologia escrito pelo Prof. Luiz Rubira (pagina 170). Clica ai e curte a leitura!<\/span><\/p>\n<p><a href=\"https:\/\/www.editoracabana.com\/_files\/ugd\/e2a408_4e8783f06e7f410f9197e5f992a767e0.pdf\"><strong>Dicion\u00e1rio de Hist\u00f3rias de Pelotas<\/strong><\/a><\/p>\n<p>&amp;nbsp<br \/>\n&amp;nbsp<\/p>\n<\/div>\n<\/div><\/div><\/div><\/div><\/div>","protected":false},"excerpt":{"rendered":"<p>Dicion\u00e1rio de Hist\u00f3rias de Pelotas Saiu o e-book Dicion\u00e1rio da Hist\u00f3ria de Pelotas \u2013 Volume II, coordenado pela Prof. Lorena Gill. Temos um cap\u00edtulo que fala sobre a hist\u00f3ria da nossa Faculdade de Odontologia escrito pelo Prof. Luiz Rubira (pagina 170). Clica ai e curte a leitura! Dicion\u00e1rio de Hist\u00f3rias de Pelotas &amp;nbsp &amp;nbsp<\/p>\n","protected":false},"author":511,"featured_media":3711,"comment_status":"closed","ping_status":"closed","sticky":false,"template":"","format":"standard","meta":{"jetpack_post_was_ever_published":false,"_jetpack_newsletter_access":"","_jetpack_dont_email_post_to_subs":false,"_jetpack_newsletter_tier_id":0,"_jetpack_memberships_contains_paywalled_content":false,"_jetpack_memberships_contains_paid_content":false,"footnotes":"","jetpack_publicize_message":"","jetpack_publicize_feature_enabled":true,"jetpack_social_post_already_shared":true,"jetpack_social_options":{"image_generator_settings":{"template":"highway","default_image_id":0,"font":"","enabled":false},"version":2}},"categories":[1],"tags":[],"class_list":{"0":"post-3710","1":"post","2":"type-post","3":"status-publish","4":"format-standard","5":"has-post-thumbnail","6":"hentry","7":"category-noticias","9":"post-with-thumbnail","10":"post-with-thumbnail-large"},"jetpack_publicize_connections":[],"jetpack_featured_media_url":"https:\/\/i0.wp.com\/wp.ufpel.edu.br\/odontologia\/files\/2026\/04\/WhatsApp-Image-2026-04-17-at-15.46.35-e1776822790857.jpeg?fit=852%2C820&ssl=1","jetpack_sharing_enabled":true,"jetpack_shortlink":"https:\/\/wp.me\/paUn96-XQ","jetpack-related-posts":[],"_links":{"self":[{"href":"https:\/\/wp.ufpel.edu.br\/odontologia\/wp-json\/wp\/v2\/posts\/3710","targetHints":{"allow":["GET"]}}],"collection":[{"href":"https:\/\/wp.ufpel.edu.br\/odontologia\/wp-json\/wp\/v2\/posts"}],"about":[{"href":"https:\/\/wp.ufpel.edu.br\/odontologia\/wp-json\/wp\/v2\/types\/post"}],"author":[{"embeddable":true,"href":"https:\/\/wp.ufpel.edu.br\/odontologia\/wp-json\/wp\/v2\/users\/511"}],"replies":[{"embeddable":true,"href":"https:\/\/wp.ufpel.edu.br\/odontologia\/wp-json\/wp\/v2\/comments?post=3710"}],"version-history":[{"count":3,"href":"https:\/\/wp.ufpel.edu.br\/odontologia\/wp-json\/wp\/v2\/posts\/3710\/revisions"}],"predecessor-version":[{"id":3715,"href":"https:\/\/wp.ufpel.edu.br\/odontologia\/wp-json\/wp\/v2\/posts\/3710\/revisions\/3715"}],"wp:featuredmedia":[{"embeddable":true,"href":"https:\/\/wp.ufpel.edu.br\/odontologia\/wp-json\/wp\/v2\/media\/3711"}],"wp:attachment":[{"href":"https:\/\/wp.ufpel.edu.br\/odontologia\/wp-json\/wp\/v2\/media?parent=3710"}],"wp:term":[{"taxonomy":"category","embeddable":true,"href":"https:\/\/wp.ufpel.edu.br\/odontologia\/wp-json\/wp\/v2\/categories?post=3710"},{"taxonomy":"post_tag","embeddable":true,"href":"https:\/\/wp.ufpel.edu.br\/odontologia\/wp-json\/wp\/v2\/tags?post=3710"}],"curies":[{"name":"wp","href":"https:\/\/api.w.org\/{rel}","templated":true}]}}