{"id":3405,"date":"2025-06-10T10:04:53","date_gmt":"2025-06-10T13:04:53","guid":{"rendered":"https:\/\/wp.ufpel.edu.br\/odontologia\/?p=3405"},"modified":"2025-06-10T10:19:18","modified_gmt":"2025-06-10T13:19:18","slug":"3405","status":"publish","type":"post","link":"https:\/\/wp.ufpel.edu.br\/odontologia\/2025\/06\/10\/3405\/","title":{"rendered":"Relato de interc\u00e2mbio no exterior de estudante da FO-UFPel"},"content":{"rendered":"<div id=\"pl-3405\"  class=\"panel-layout\" ><div id=\"pg-3405-0\"  class=\"panel-grid panel-no-style\" ><div id=\"pgc-3405-0-0\"  class=\"panel-grid-cell\" ><div id=\"panel-3405-0-0-0\" class=\"so-panel widget widget_sow-editor panel-first-child panel-last-child\" data-index=\"0\" ><div\n\t\t\t\n\t\t\tclass=\"so-widget-sow-editor so-widget-sow-editor-base\"\n\t\t\t\n\t\t>\n<div class=\"siteorigin-widget-tinymce textwidget\">\n\t<p><span style=\"background-color: #ffffff; color: #800000; font-size: 18pt;\">Relato de interc\u00e2mbio no exterior de estudante da FO-UFPel<\/span><\/p>\n<p><span style=\"font-size: 14pt;\"><br \/>\nOl\u00e1! Meu nome \u00e9 Betina Dutra Lima e sou estudante da FO-UFPel. No primeiro semestre de 2025, tive a oportunidade de viver uma experi\u00eancia transformadora por meio do Programa ESCALA Estudantes de Gradua\u00e7\u00e3o da AUGM, que promove a coopera\u00e7\u00e3o entre universidades p\u00fablicas da Am\u00e9rica Latina.<br \/>\nFui selecionada para realizar um semestre acad\u00eamico, como estudante de interc\u00e2mbio, na Universidad Nacional del Nordeste (UNNE), localizada na cidade de Corrientes, na Argentina. A UNNE \u00e9 uma institui\u00e7\u00e3o reconhecida por seu compromisso com a educa\u00e7\u00e3o p\u00fablica, a extens\u00e3o e a pesquisa cient\u00edfica. A UNNE possui uma infraestrutura linda, com Campus cercados por natureza, com ambientes adequados para o estudo, a conviv\u00eancia e o desenvolvimento de atividades culturais e cient\u00edficas. Participei de atividades extracurriculares, eventos acad\u00eamicos e tamb\u00e9m pude explorar o cotidiano e a riqueza cultural da cidade de Corrientes, marcada por sua hospitalidade e identidade regional forte.<br \/>\nDurante minha estadia, cursei disciplinas te\u00f3ricas e pr\u00e1ticas na \u00e1rea de odontologia, que enriquecem minha forma\u00e7\u00e3o na UFPel. Al\u00e9m dos aprendizados acad\u00eamicos, essa viv\u00eancia me proporcionou o aprimoramento da l\u00edngua espanhola, o contato com outras metodologias de ensino, novas perspectivas sociais e a constru\u00e7\u00e3o de amizades com colegas de diferentes origens culturais.Um dos aspectos mais valiosos do interc\u00e2mbio foi a conviv\u00eancia com estudantes de v\u00e1rias prov\u00edncias argentinas e pa\u00edses latino-americanos, integra\u00e7\u00e3o proposta pela Associa\u00e7\u00e3o de Universidades Grupo Montevideo (AUGM).<br \/>\nRealizar esse interc\u00e2mbio foi a realiza\u00e7\u00e3o de um sonho. Volto ao Brasil com os olhos mais abertos, o cora\u00e7\u00e3o mais cheio e uma nova forma de enxergar minha profiss\u00e3o, a Argentina e, principalmente, a mim mesma. Recomendo essa experi\u00eancia a todos que desejam se reinventar, aprender de verdade e crescer com tudo o que o mundo tem a oferecer.<br \/>\n\u201dDepois do medo, vem o mundo.\u201d\u2014 e foi exatamente isso que vivi.<\/span><\/p>\n<p><span style=\"font-size: 14pt;\">Betina Dutra Lima<br \/>\n<\/span><\/p>\n<\/div>\n<\/div><\/div><\/div><\/div><\/div>","protected":false},"excerpt":{"rendered":"<p>Relato de interc\u00e2mbio no exterior de estudante da FO-UFPel Ol\u00e1! Meu nome \u00e9 Betina Dutra Lima e sou estudante da FO-UFPel. No primeiro semestre de 2025, tive a oportunidade de viver uma experi\u00eancia transformadora por meio do Programa ESCALA Estudantes de Gradua\u00e7\u00e3o da AUGM, que promove a coopera\u00e7\u00e3o entre universidades p\u00fablicas da Am\u00e9rica Latina. Fui [&hellip;]<\/p>\n","protected":false},"author":511,"featured_media":3407,"comment_status":"closed","ping_status":"closed","sticky":false,"template":"","format":"standard","meta":{"jetpack_post_was_ever_published":false,"_jetpack_newsletter_access":"","_jetpack_dont_email_post_to_subs":false,"_jetpack_newsletter_tier_id":0,"_jetpack_memberships_contains_paywalled_content":false,"_jetpack_memberships_contains_paid_content":false,"footnotes":"","jetpack_publicize_message":"","jetpack_publicize_feature_enabled":true,"jetpack_social_post_already_shared":true,"jetpack_social_options":{"image_generator_settings":{"template":"highway","default_image_id":0,"font":"","enabled":false},"version":2}},"categories":[1],"tags":[],"class_list":{"0":"post-3405","1":"post","2":"type-post","3":"status-publish","4":"format-standard","5":"has-post-thumbnail","6":"hentry","7":"category-noticias","9":"post-with-thumbnail","10":"post-with-thumbnail-large"},"jetpack_publicize_connections":[],"jetpack_featured_media_url":"https:\/\/i0.wp.com\/wp.ufpel.edu.br\/odontologia\/files\/2025\/06\/WhatsApp-Image-2025-06-10-at-09.18.19.jpeg?fit=960%2C809&ssl=1","jetpack_sharing_enabled":true,"jetpack_shortlink":"https:\/\/wp.me\/saUn96-3405","jetpack-related-posts":[],"_links":{"self":[{"href":"https:\/\/wp.ufpel.edu.br\/odontologia\/wp-json\/wp\/v2\/posts\/3405","targetHints":{"allow":["GET"]}}],"collection":[{"href":"https:\/\/wp.ufpel.edu.br\/odontologia\/wp-json\/wp\/v2\/posts"}],"about":[{"href":"https:\/\/wp.ufpel.edu.br\/odontologia\/wp-json\/wp\/v2\/types\/post"}],"author":[{"embeddable":true,"href":"https:\/\/wp.ufpel.edu.br\/odontologia\/wp-json\/wp\/v2\/users\/511"}],"replies":[{"embeddable":true,"href":"https:\/\/wp.ufpel.edu.br\/odontologia\/wp-json\/wp\/v2\/comments?post=3405"}],"version-history":[{"count":2,"href":"https:\/\/wp.ufpel.edu.br\/odontologia\/wp-json\/wp\/v2\/posts\/3405\/revisions"}],"predecessor-version":[{"id":3408,"href":"https:\/\/wp.ufpel.edu.br\/odontologia\/wp-json\/wp\/v2\/posts\/3405\/revisions\/3408"}],"wp:featuredmedia":[{"embeddable":true,"href":"https:\/\/wp.ufpel.edu.br\/odontologia\/wp-json\/wp\/v2\/media\/3407"}],"wp:attachment":[{"href":"https:\/\/wp.ufpel.edu.br\/odontologia\/wp-json\/wp\/v2\/media?parent=3405"}],"wp:term":[{"taxonomy":"category","embeddable":true,"href":"https:\/\/wp.ufpel.edu.br\/odontologia\/wp-json\/wp\/v2\/categories?post=3405"},{"taxonomy":"post_tag","embeddable":true,"href":"https:\/\/wp.ufpel.edu.br\/odontologia\/wp-json\/wp\/v2\/tags?post=3405"}],"curies":[{"name":"wp","href":"https:\/\/api.w.org\/{rel}","templated":true}]}}