{"id":3482,"date":"2024-04-29T16:56:20","date_gmt":"2024-04-29T19:56:20","guid":{"rendered":"https:\/\/wp.ufpel.edu.br\/observatoriosocial\/?p=3482"},"modified":"2024-06-17T15:29:37","modified_gmt":"2024-06-17T18:29:37","slug":"em-fevereiro-saldo-do-emprego-formal-celetista-tambem-e-positivo-em-pelotas-199-vinculos","status":"publish","type":"post","link":"https:\/\/wp.ufpel.edu.br\/observatoriosocial\/2024\/04\/29\/em-fevereiro-saldo-do-emprego-formal-celetista-tambem-e-positivo-em-pelotas-199-vinculos\/","title":{"rendered":"Em fevereiro, saldo do emprego formal celetista tamb\u00e9m \u00e9 positivo em Pelotas (+192 v\u00ednculos)"},"content":{"rendered":"<p><span class=\"TextRun SCXP170877703 BCX0\" lang=\"PT-BR\" xml:lang=\"PT-BR\" data-usefontface=\"false\" data-contrast=\"none\"><span class=\"NormalTextRun SCXP170877703 BCX0\">Segundo o Novo CAGED (Cadastro Geral de Empregados e <\/span><\/span><span class=\"TextRun SCXP170877703 BCX0\" lang=\"PT-BR\" xml:lang=\"PT-BR\" data-usefontface=\"false\" data-contrast=\"none\"><span class=\"NormalTextRun SCXP170877703 BCX0\">Desempregados) da Secretaria Especial de Previd\u00eancia e Trabalho do <\/span><\/span><span class=\"TextRun SCXP170877703 BCX0\" lang=\"PT-BR\" xml:lang=\"PT-BR\" data-usefontface=\"false\" data-contrast=\"none\"><span class=\"NormalTextRun SCXP170877703 BCX0\">Minist\u00e9rio da Economia, no m\u00eas de fevereiro de 2024 ocorreram, em <\/span><\/span><span class=\"TextRun SCXP170877703 BCX0\" lang=\"PT-BR\" xml:lang=\"PT-BR\" data-usefontface=\"false\" data-contrast=\"none\"><span class=\"NormalTextRun SCXP170877703 BCX0\">Pelotas, 2.686 admiss\u00f5es e 2.494 desligamentos, resultando em um <\/span><\/span><span class=\"TextRun SCXP170877703 BCX0\" lang=\"PT-BR\" xml:lang=\"PT-BR\" data-usefontface=\"false\" data-contrast=\"none\"><span class=\"NormalTextRun SCXP170877703 BCX0\">saldo de +192 v\u00ednculos formais de emprego celetista. Com isso, a taxa <\/span><\/span><span class=\"TextRun SCXP170877703 BCX0\" lang=\"PT-BR\" xml:lang=\"PT-BR\" data-usefontface=\"false\" data-contrast=\"none\"><span class=\"NormalTextRun SCXP170877703 BCX0\">de varia\u00e7\u00e3o do emprego formal foi de +0,30%, com o estoque <\/span><\/span><span class=\"TextRun SCXP170877703 BCX0\" lang=\"PT-BR\" xml:lang=\"PT-BR\" data-usefontface=\"false\" data-contrast=\"none\"><span class=\"NormalTextRun SCXP170877703 BCX0\">passando de 63.437 v\u00ednculos, em janeiro, para 63.629 v\u00ednculos, em <\/span><\/span><span class=\"TextRun SCXP170877703 BCX0\" lang=\"PT-BR\" xml:lang=\"PT-BR\" data-usefontface=\"false\" data-contrast=\"none\"><span class=\"NormalTextRun SCXP170877703 BCX0\">fevereiro de 2024.\u00a0<\/span><\/span><span class=\"EOP SCXP170877703 BCX0\">\u200b<\/span><\/p>\n<p>Para acessar o Boletim Informativo em sua \u00edntegra, clique no link abaixo:<\/p>\n<p><a href=\"https:\/\/1drv.ms\/p\/c\/b131b7dd684cd9ad\/ESW3tCIVFnFNjddL5L45XiABQKl0mOAoUs-zUrH77ONrqg?e=jgmIbj\">Boletim-Informativo-no-02-fevereiro-Pelotas-2024.pptx<\/a><\/p>\n<p><span class=\"TextRun SCXP128420790 BCX0\" lang=\"PT-BR\" xml:lang=\"PT-BR\" data-usefontface=\"false\" data-contrast=\"none\"><span class=\"NormalTextRun SCXP128420790 BCX0\">No acumulado do ano, ocorreram, em Pelotas, 4.943 <\/span><\/span><span class=\"TextRun SCXP128420790 BCX0\" lang=\"PT-BR\" xml:lang=\"PT-BR\" data-usefontface=\"false\" data-contrast=\"none\"><span class=\"NormalTextRun SCXP128420790 BCX0\">admiss\u00f5es e 5.104 desligamentos, o que resultou em um <\/span><\/span><span class=\"TextRun SCXP128420790 BCX0\" lang=\"PT-BR\" xml:lang=\"PT-BR\" data-usefontface=\"false\" data-contrast=\"none\"><span class=\"NormalTextRun SCXP128420790 BCX0\">saldo de <\/span><\/span><span class=\"TextRun SCXP128420790 BCX0\" lang=\"PT-BR\" xml:lang=\"PT-BR\" data-scheme-color=\"@FF0000,,\" data-usefontface=\"false\" data-contrast=\"none\"><span class=\"NormalTextRun SCXP128420790 BCX0\">-161\u00a0 <\/span><\/span><span class=\"TextRun SCXP128420790 BCX0\" lang=\"PT-BR\" xml:lang=\"PT-BR\" data-usefontface=\"false\" data-contrast=\"none\"><span class=\"NormalTextRun SCXP128420790 BCX0\">v\u00ednculos formais de emprego.\u00a0 Nesse per\u00edodo, <\/span><\/span><span class=\"TextRun SCXP128420790 BCX0\" lang=\"PT-BR\" xml:lang=\"PT-BR\" data-usefontface=\"false\" data-contrast=\"none\"><span class=\"NormalTextRun SCXP128420790 BCX0\">o estoque passou de 63.790 v\u00ednculos, em dezembro de 2023, <\/span><\/span><span class=\"TextRun SCXP128420790 BCX0\" lang=\"PT-BR\" xml:lang=\"PT-BR\" data-usefontface=\"false\" data-contrast=\"none\"><span class=\"NormalTextRun SCXP128420790 BCX0\">para 63.629 v\u00ednculos, em fevereiro de 2024, o que <\/span><\/span><span class=\"TextRun SCXP128420790 BCX0\" lang=\"PT-BR\" xml:lang=\"PT-BR\" data-usefontface=\"false\" data-contrast=\"none\"><span class=\"NormalTextRun SCXP128420790 BCX0\">corresponde a uma taxa de varia\u00e7\u00e3o de <\/span><\/span><span class=\"TextRun SCXP128420790 BCX0\" lang=\"PT-BR\" xml:lang=\"PT-BR\" data-scheme-color=\"@FF0000,,\" data-usefontface=\"false\" data-contrast=\"none\"><span class=\"NormalTextRun SCXP128420790 BCX0\">-0,25<\/span><\/span><span class=\"TextRun SCXP128420790 BCX0\" lang=\"PT-BR\" xml:lang=\"PT-BR\" data-usefontface=\"false\" data-contrast=\"none\"><span class=\"NormalTextRun SCXP128420790 BCX0\">%.\u00a0<\/span><\/span><span class=\"EOP SCXP128420790 BCX0\">\u200b<\/span><\/p>\n<p><span class=\"TextRun SCXP211769360 BCX0\" lang=\"PT-BR\" xml:lang=\"PT-BR\" data-usefontface=\"false\" data-contrast=\"none\"><span class=\"NormalTextRun SCXP211769360 BCX0\">Nos \u00faltimos doze meses, ocorreram, em Pelotas, 32.598 <\/span><\/span><span class=\"TextRun SCXP211769360 BCX0\" lang=\"PT-BR\" xml:lang=\"PT-BR\" data-usefontface=\"false\" data-contrast=\"none\"><span class=\"NormalTextRun SCXP211769360 BCX0\">admiss\u00f5es e 31.875 desligamentos, o que resultou em um <\/span><\/span><span class=\"TextRun SCXP211769360 BCX0\" lang=\"PT-BR\" xml:lang=\"PT-BR\" data-usefontface=\"false\" data-contrast=\"none\"><span class=\"NormalTextRun SCXP211769360 BCX0\">saldo de +723 v\u00ednculos formais de emprego. Nesse per\u00edodo, <\/span><\/span><span class=\"TextRun SCXP211769360 BCX0\" lang=\"PT-BR\" xml:lang=\"PT-BR\" data-usefontface=\"false\" data-contrast=\"none\"><span class=\"NormalTextRun SCXP211769360 BCX0\">o estoque passou de 62.143 v\u00ednculos, em fevereiro de 2023, <\/span><\/span><span class=\"TextRun SCXP211769360 BCX0\" lang=\"PT-BR\" xml:lang=\"PT-BR\" data-usefontface=\"false\" data-contrast=\"none\"><span class=\"NormalTextRun SCXP211769360 BCX0\">para 63.629 v\u00ednculos, em fevereiro de 2024, o que <\/span><\/span><span class=\"TextRun SCXP211769360 BCX0\" lang=\"PT-BR\" xml:lang=\"PT-BR\" data-usefontface=\"false\" data-contrast=\"none\"><span class=\"NormalTextRun SCXP211769360 BCX0\">corresponde a uma taxa de varia\u00e7\u00e3o de\u00a0 +1,16%.\u00a0<\/span><\/span><span class=\"EOP SCXP211769360 BCX0\">\u200b<\/span><\/p>\n<h3>A conjuntura setorial do emprego<\/h3>\n<p><span class=\"TextRun SCXP79422341 BCX0\" lang=\"PT-BR\" xml:lang=\"PT-BR\" data-usefontface=\"false\" data-contrast=\"none\"><span class=\"NormalTextRun SCXP79422341 BCX0\">O desempenho positivo do emprego formal no mercado <\/span><\/span><span class=\"TextRun SCXP79422341 BCX0\" lang=\"PT-BR\" xml:lang=\"PT-BR\" data-usefontface=\"false\" data-contrast=\"none\"><span class=\"NormalTextRun SCXP79422341 BCX0\">de trabalho de Pelotas no m\u00eas de fevereiro (+192 v\u00ednculos) foi <\/span><\/span><span class=\"TextRun SCXP79422341 BCX0\" lang=\"PT-BR\" xml:lang=\"PT-BR\" data-usefontface=\"false\" data-contrast=\"none\"><span class=\"NormalTextRun SCXP79422341 BCX0\">puxado principalmente pelo setor de servi\u00e7os (+176<\/span><\/span> <span class=\"TextRun SCXP79422341 BCX0\" lang=\"PT-BR\" xml:lang=\"PT-BR\" data-usefontface=\"false\" data-contrast=\"none\"><span class=\"NormalTextRun SCXP79422341 BCX0\">v\u00ednculos), seguido pela ind\u00fastria (+134 v\u00ednculos).\u00a0 O setor do <\/span><\/span><span class=\"TextRun SCXP79422341 BCX0\" lang=\"PT-BR\" xml:lang=\"PT-BR\" data-usefontface=\"false\" data-contrast=\"none\"><span class=\"NormalTextRun SCXP79422341 BCX0\">com\u00e9rcio (<\/span><\/span><span class=\"TextRun SCXP79422341 BCX0\" lang=\"PT-BR\" xml:lang=\"PT-BR\" data-scheme-color=\"@FF0000,,\" data-usefontface=\"false\" data-contrast=\"none\"><span class=\"NormalTextRun SCXP79422341 BCX0\">-60 <\/span><\/span><span class=\"TextRun SCXP79422341 BCX0\" lang=\"PT-BR\" xml:lang=\"PT-BR\" data-usefontface=\"false\" data-contrast=\"none\"><span class=\"NormalTextRun SCXP79422341 BCX0\">v\u00ednculos), o setor da constru\u00e7\u00e3o (<\/span><\/span><span class=\"TextRun SCXP79422341 BCX0\" lang=\"PT-BR\" xml:lang=\"PT-BR\" data-scheme-color=\"@FF0000,,\" data-usefontface=\"false\" data-contrast=\"none\"><span class=\"NormalTextRun SCXP79422341 BCX0\">-56 <\/span><\/span><span class=\"TextRun SCXP79422341 BCX0\" lang=\"PT-BR\" xml:lang=\"PT-BR\" data-usefontface=\"false\" data-contrast=\"none\"><span class=\"NormalTextRun SCXP79422341 BCX0\">v\u00ednculos) e <\/span><\/span><span class=\"TextRun SCXP79422341 BCX0\" lang=\"PT-BR\" xml:lang=\"PT-BR\" data-usefontface=\"false\" data-contrast=\"none\"><span class=\"NormalTextRun SCXP79422341 BCX0\">a agropecu\u00e1ria (<\/span><\/span><span class=\"TextRun SCXP79422341 BCX0\" lang=\"PT-BR\" xml:lang=\"PT-BR\" data-scheme-color=\"@FF0000,,\" data-usefontface=\"false\" data-contrast=\"none\"><span class=\"NormalTextRun SCXP79422341 BCX0\">-2 <\/span><\/span><span class=\"TextRun SCXP79422341 BCX0\" lang=\"PT-BR\" xml:lang=\"PT-BR\" data-usefontface=\"false\" data-contrast=\"none\"><span class=\"NormalTextRun SCXP79422341 BCX0\">v\u00ednculos) apresentaram saldo negativo.<\/span><\/span><span class=\"EOP SCXP79422341 BCX0\">\u200b<\/span><\/p>\n<p><span class=\"TextRun SCXP229511129 BCX0\" lang=\"PT-BR\" xml:lang=\"PT-BR\" data-usefontface=\"false\" data-contrast=\"none\"><span class=\"NormalTextRun SCXP229511129 BCX0\">O desempenho negativo<\/span><\/span> <span class=\"TextRun SCXP229511129 BCX0\" lang=\"PT-BR\" xml:lang=\"PT-BR\" data-usefontface=\"false\" data-contrast=\"none\"><span class=\"NormalTextRun SCXP229511129 BCX0\">do emprego formal no mercado <\/span><\/span><span class=\"TextRun SCXP229511129 BCX0\" lang=\"PT-BR\" xml:lang=\"PT-BR\" data-usefontface=\"false\" data-contrast=\"none\"><span class=\"NormalTextRun SCXP229511129 BCX0\">de trabalho de Pelotas no acumulado do ano (<\/span><\/span><span class=\"TextRun SCXP229511129 BCX0\" lang=\"PT-BR\" xml:lang=\"PT-BR\" data-scheme-color=\"@FF0000,,\" data-usefontface=\"false\" data-contrast=\"none\"><span class=\"NormalTextRun SCXP229511129 BCX0\">-161 <\/span><\/span><span class=\"TextRun SCXP229511129 BCX0\" lang=\"PT-BR\" xml:lang=\"PT-BR\" data-usefontface=\"false\" data-contrast=\"none\"><span class=\"NormalTextRun SCXP229511129 BCX0\">v\u00ednculos) <\/span><\/span><span class=\"TextRun SCXP229511129 BCX0\" lang=\"PT-BR\" xml:lang=\"PT-BR\" data-usefontface=\"false\" data-contrast=\"none\"><span class=\"NormalTextRun SCXP229511129 BCX0\">foi puxado principalmente pela ind\u00fastria (<\/span><\/span><span class=\"TextRun SCXP229511129 BCX0\" lang=\"PT-BR\" xml:lang=\"PT-BR\" data-scheme-color=\"@FF0000,,\" data-usefontface=\"false\" data-contrast=\"none\"><span class=\"NormalTextRun SCXP229511129 BCX0\">-202 <\/span><\/span><span class=\"TextRun SCXP229511129 BCX0\" lang=\"PT-BR\" xml:lang=\"PT-BR\" data-usefontface=\"false\" data-contrast=\"none\"><span class=\"NormalTextRun SCXP229511129 BCX0\">v\u00ednculos), <\/span><\/span><span class=\"TextRun SCXP229511129 BCX0\" lang=\"PT-BR\" xml:lang=\"PT-BR\" data-usefontface=\"false\" data-contrast=\"none\"><span class=\"NormalTextRun SCXP229511129 BCX0\">seguido pelo setor do com\u00e9rcio (<\/span><\/span><span class=\"TextRun SCXP229511129 BCX0\" lang=\"PT-BR\" xml:lang=\"PT-BR\" data-scheme-color=\"@FF0000,,\" data-usefontface=\"false\" data-contrast=\"none\"><span class=\"NormalTextRun SCXP229511129 BCX0\">-143 <\/span><\/span><span class=\"TextRun SCXP229511129 BCX0\" lang=\"PT-BR\" xml:lang=\"PT-BR\" data-usefontface=\"false\" data-contrast=\"none\"><span class=\"NormalTextRun SCXP229511129 BCX0\">v\u00ednculos), pela <\/span><\/span><span class=\"TextRun SCXP229511129 BCX0\" lang=\"PT-BR\" xml:lang=\"PT-BR\" data-usefontface=\"false\" data-contrast=\"none\"><span class=\"NormalTextRun SCXP229511129 BCX0\">constru\u00e7\u00e3o (<\/span><\/span><span class=\"TextRun SCXP229511129 BCX0\" lang=\"PT-BR\" xml:lang=\"PT-BR\" data-scheme-color=\"@FF0000,,\" data-usefontface=\"false\" data-contrast=\"none\"><span class=\"NormalTextRun SCXP229511129 BCX0\">-85 <\/span><\/span><span class=\"TextRun SCXP229511129 BCX0\" lang=\"PT-BR\" xml:lang=\"PT-BR\" data-usefontface=\"false\" data-contrast=\"none\"><span class=\"NormalTextRun SCXP229511129 BCX0\">v\u00ednculos) e pela agropecu\u00e1ria (<\/span><\/span><span class=\"TextRun SCXP229511129 BCX0\" lang=\"PT-BR\" xml:lang=\"PT-BR\" data-scheme-color=\"@FF0000,,\" data-usefontface=\"false\" data-contrast=\"none\"><span class=\"NormalTextRun SCXP229511129 BCX0\">-14 <\/span><\/span><span class=\"TextRun SCXP229511129 BCX0\" lang=\"PT-BR\" xml:lang=\"PT-BR\" data-usefontface=\"false\" data-contrast=\"none\"><span class=\"NormalTextRun SCXP229511129 BCX0\">v\u00ednculos). <\/span><\/span><span class=\"TextRun SCXP229511129 BCX0\" lang=\"PT-BR\" xml:lang=\"PT-BR\" data-usefontface=\"false\" data-contrast=\"none\"><span class=\"NormalTextRun SCXP229511129 BCX0\">O setor de servi\u00e7os (+283 v\u00ednculos) apresentou saldo positivo.<\/span><\/span><span class=\"EOP SCXP229511129 BCX0\">\u200b<\/span><\/p>\n<p><span class=\"TextRun SCXP116471270 BCX0\" lang=\"PT-BR\" xml:lang=\"PT-BR\" data-usefontface=\"false\" data-contrast=\"none\"><span class=\"NormalTextRun SCXP116471270 BCX0\">O desempenho positivo do emprego formal no mercado <\/span><\/span><span class=\"TextRun SCXP116471270 BCX0\" lang=\"PT-BR\" xml:lang=\"PT-BR\" data-usefontface=\"false\" data-contrast=\"none\"><span class=\"NormalTextRun SCXP116471270 BCX0\">de trabalho de Pelotas no per\u00edodo de doze meses (+723 <\/span><\/span><span class=\"TextRun SCXP116471270 BCX0\" lang=\"PT-BR\" xml:lang=\"PT-BR\" data-usefontface=\"false\" data-contrast=\"none\"><span class=\"NormalTextRun SCXP116471270 BCX0\">v\u00ednculos) foi puxado principalmente pelo setor de servi\u00e7os <\/span><\/span><span class=\"TextRun SCXP116471270 BCX0\" lang=\"PT-BR\" xml:lang=\"PT-BR\" data-usefontface=\"false\" data-contrast=\"none\"><span class=\"NormalTextRun SCXP116471270 BCX0\">(+810 v\u00ednculos), seguido pelo com\u00e9rcio (+297 v\u00ednculos), pela <\/span><\/span><span class=\"TextRun SCXP116471270 BCX0\" lang=\"PT-BR\" xml:lang=\"PT-BR\" data-usefontface=\"false\" data-contrast=\"none\"><span class=\"NormalTextRun SCXP116471270 BCX0\">ind\u00fastria (+144 v\u00ednculos) e pela agropecu\u00e1ria (+39 v\u00ednculos). <\/span><\/span><span class=\"TextRun SCXP116471270 BCX0\" lang=\"PT-BR\" xml:lang=\"PT-BR\" data-usefontface=\"false\" data-contrast=\"none\"><span class=\"NormalTextRun SCXP116471270 BCX0\">O setor da constru\u00e7\u00e3o (<\/span><\/span><span class=\"TextRun SCXP116471270 BCX0\" lang=\"PT-BR\" xml:lang=\"PT-BR\" data-scheme-color=\"@FF0000,,\" data-usefontface=\"false\" data-contrast=\"none\"><span class=\"NormalTextRun SCXP116471270 BCX0\">-569 <\/span><\/span><span class=\"TextRun SCXP116471270 BCX0\" lang=\"PT-BR\" xml:lang=\"PT-BR\" data-usefontface=\"false\" data-contrast=\"none\"><span class=\"NormalTextRun SCXP116471270 BCX0\">v\u00ednculos) apresentou saldo <\/span><\/span><span class=\"TextRun SCXP116471270 BCX0\" lang=\"PT-BR\" xml:lang=\"PT-BR\" data-usefontface=\"false\" data-contrast=\"none\"><span class=\"NormalTextRun SCXP116471270 BCX0\">negativo.\u00a0<\/span><\/span><span class=\"EOP SCXP116471270 BCX0\">\u200b<\/span><\/p>\n","protected":false},"excerpt":{"rendered":"<p>Segundo o Novo CAGED (Cadastro Geral de Empregados e Desempregados) da Secretaria Especial de Previd\u00eancia e Trabalho do Minist\u00e9rio da Economia, no m\u00eas de fevereiro de 2024 ocorreram, em Pelotas, 2.686 admiss\u00f5es e 2.494 desligamentos, resultando em um saldo de +192 v\u00ednculos formais de emprego celetista. Com isso, a taxa de varia\u00e7\u00e3o do emprego formal [&hellip;]<\/p>\n","protected":false},"author":1263,"featured_media":0,"comment_status":"closed","ping_status":"closed","sticky":false,"template":"","format":"standard","meta":{"footnotes":""},"categories":[4],"tags":[],"class_list":["post-3482","post","type-post","status-publish","format-standard","hentry","category-noticias"],"yoast_head":"<!-- This site is optimized with the Yoast SEO plugin v26.7 - https:\/\/yoast.com\/wordpress\/plugins\/seo\/ -->\n<title>Em fevereiro, saldo do emprego formal celetista tamb\u00e9m \u00e9 positivo em Pelotas (+192 v\u00ednculos) &#8226; OBSERVAT\u00d3RIO SOCIAL DO TRABALHO<\/title>\n<meta name=\"robots\" content=\"index, follow, max-snippet:-1, max-image-preview:large, max-video-preview:-1\" \/>\n<link rel=\"canonical\" href=\"https:\/\/wp.ufpel.edu.br\/observatoriosocial\/2024\/04\/29\/em-fevereiro-saldo-do-emprego-formal-celetista-tambem-e-positivo-em-pelotas-199-vinculos\/\" \/>\n<meta property=\"og:locale\" content=\"pt_BR\" \/>\n<meta property=\"og:type\" content=\"article\" \/>\n<meta property=\"og:title\" content=\"Em fevereiro, saldo do emprego formal celetista tamb\u00e9m \u00e9 positivo em Pelotas (+192 v\u00ednculos) &#8226; OBSERVAT\u00d3RIO SOCIAL DO TRABALHO\" \/>\n<meta property=\"og:description\" content=\"Segundo o Novo CAGED (Cadastro Geral de Empregados e Desempregados) da Secretaria Especial de Previd\u00eancia e Trabalho do Minist\u00e9rio da Economia, no m\u00eas de fevereiro de 2024 ocorreram, em Pelotas, 2.686 admiss\u00f5es e 2.494 desligamentos, resultando em um saldo de +192 v\u00ednculos formais de emprego celetista. Com isso, a taxa de varia\u00e7\u00e3o do emprego formal [&hellip;]\" \/>\n<meta property=\"og:url\" content=\"https:\/\/wp.ufpel.edu.br\/observatoriosocial\/2024\/04\/29\/em-fevereiro-saldo-do-emprego-formal-celetista-tambem-e-positivo-em-pelotas-199-vinculos\/\" \/>\n<meta property=\"og:site_name\" content=\"OBSERVAT\u00d3RIO SOCIAL DO TRABALHO\" \/>\n<meta property=\"article:publisher\" content=\"https:\/\/www.facebook.com\/observatoriodaufpel\/\" \/>\n<meta property=\"article:published_time\" content=\"2024-04-29T19:56:20+00:00\" \/>\n<meta property=\"article:modified_time\" content=\"2024-06-17T18:29:37+00:00\" \/>\n<meta name=\"author\" content=\"Ana Paula\" \/>\n<meta name=\"twitter:card\" content=\"summary_large_image\" \/>\n<meta name=\"twitter:creator\" content=\"@ufpeltrabalho\" \/>\n<meta name=\"twitter:site\" content=\"@ufpeltrabalho\" \/>\n<meta name=\"twitter:label1\" content=\"Escrito por\" \/>\n\t<meta name=\"twitter:data1\" content=\"Ana Paula\" \/>\n\t<meta name=\"twitter:label2\" content=\"Est. tempo de leitura\" \/>\n\t<meta name=\"twitter:data2\" content=\"2 minutos\" \/>\n<script type=\"application\/ld+json\" class=\"yoast-schema-graph\">{\"@context\":\"https:\/\/schema.org\",\"@graph\":[{\"@type\":\"Article\",\"@id\":\"https:\/\/wp.ufpel.edu.br\/observatoriosocial\/2024\/04\/29\/em-fevereiro-saldo-do-emprego-formal-celetista-tambem-e-positivo-em-pelotas-199-vinculos\/#article\",\"isPartOf\":{\"@id\":\"https:\/\/wp.ufpel.edu.br\/observatoriosocial\/2024\/04\/29\/em-fevereiro-saldo-do-emprego-formal-celetista-tambem-e-positivo-em-pelotas-199-vinculos\/\"},\"author\":{\"name\":\"Ana Paula\",\"@id\":\"https:\/\/wp.ufpel.edu.br\/observatoriosocial\/#\/schema\/person\/d3f7d26ecd77836cb7b09792901fa7fa\"},\"headline\":\"Em fevereiro, saldo do emprego formal celetista tamb\u00e9m \u00e9 positivo em Pelotas (+192 v\u00ednculos)\",\"datePublished\":\"2024-04-29T19:56:20+00:00\",\"dateModified\":\"2024-06-17T18:29:37+00:00\",\"mainEntityOfPage\":{\"@id\":\"https:\/\/wp.ufpel.edu.br\/observatoriosocial\/2024\/04\/29\/em-fevereiro-saldo-do-emprego-formal-celetista-tambem-e-positivo-em-pelotas-199-vinculos\/\"},\"wordCount\":391,\"articleSection\":[\"Not\u00edcias\"],\"inLanguage\":\"pt-BR\"},{\"@type\":\"WebPage\",\"@id\":\"https:\/\/wp.ufpel.edu.br\/observatoriosocial\/2024\/04\/29\/em-fevereiro-saldo-do-emprego-formal-celetista-tambem-e-positivo-em-pelotas-199-vinculos\/\",\"url\":\"https:\/\/wp.ufpel.edu.br\/observatoriosocial\/2024\/04\/29\/em-fevereiro-saldo-do-emprego-formal-celetista-tambem-e-positivo-em-pelotas-199-vinculos\/\",\"name\":\"Em fevereiro, saldo do emprego formal celetista tamb\u00e9m \u00e9 positivo em Pelotas (+192 v\u00ednculos) &#8226; OBSERVAT\u00d3RIO SOCIAL DO TRABALHO\",\"isPartOf\":{\"@id\":\"https:\/\/wp.ufpel.edu.br\/observatoriosocial\/#website\"},\"datePublished\":\"2024-04-29T19:56:20+00:00\",\"dateModified\":\"2024-06-17T18:29:37+00:00\",\"author\":{\"@id\":\"https:\/\/wp.ufpel.edu.br\/observatoriosocial\/#\/schema\/person\/d3f7d26ecd77836cb7b09792901fa7fa\"},\"breadcrumb\":{\"@id\":\"https:\/\/wp.ufpel.edu.br\/observatoriosocial\/2024\/04\/29\/em-fevereiro-saldo-do-emprego-formal-celetista-tambem-e-positivo-em-pelotas-199-vinculos\/#breadcrumb\"},\"inLanguage\":\"pt-BR\",\"potentialAction\":[{\"@type\":\"ReadAction\",\"target\":[\"https:\/\/wp.ufpel.edu.br\/observatoriosocial\/2024\/04\/29\/em-fevereiro-saldo-do-emprego-formal-celetista-tambem-e-positivo-em-pelotas-199-vinculos\/\"]}]},{\"@type\":\"BreadcrumbList\",\"@id\":\"https:\/\/wp.ufpel.edu.br\/observatoriosocial\/2024\/04\/29\/em-fevereiro-saldo-do-emprego-formal-celetista-tambem-e-positivo-em-pelotas-199-vinculos\/#breadcrumb\",\"itemListElement\":[{\"@type\":\"ListItem\",\"position\":1,\"name\":\"In\u00edcio\",\"item\":\"https:\/\/wp.ufpel.edu.br\/observatoriosocial\/\"},{\"@type\":\"ListItem\",\"position\":2,\"name\":\"Em fevereiro, saldo do emprego formal celetista tamb\u00e9m \u00e9 positivo em Pelotas (+192 v\u00ednculos)\"}]},{\"@type\":\"WebSite\",\"@id\":\"https:\/\/wp.ufpel.edu.br\/observatoriosocial\/#website\",\"url\":\"https:\/\/wp.ufpel.edu.br\/observatoriosocial\/\",\"name\":\"OBSERVAT\u00d3RIO SOCIAL DO TRABALHO\",\"description\":\"Instituto de Filosofia, Sociologia e Pol\u00edtica (IFISP) \/ Universidade Federal de Pelotas (UFPel)\",\"potentialAction\":[{\"@type\":\"SearchAction\",\"target\":{\"@type\":\"EntryPoint\",\"urlTemplate\":\"https:\/\/wp.ufpel.edu.br\/observatoriosocial\/?s={search_term_string}\"},\"query-input\":{\"@type\":\"PropertyValueSpecification\",\"valueRequired\":true,\"valueName\":\"search_term_string\"}}],\"inLanguage\":\"pt-BR\"},{\"@type\":\"Person\",\"@id\":\"https:\/\/wp.ufpel.edu.br\/observatoriosocial\/#\/schema\/person\/d3f7d26ecd77836cb7b09792901fa7fa\",\"name\":\"Ana Paula\",\"image\":{\"@type\":\"ImageObject\",\"inLanguage\":\"pt-BR\",\"@id\":\"https:\/\/wp.ufpel.edu.br\/observatoriosocial\/#\/schema\/person\/image\/\",\"url\":\"https:\/\/secure.gravatar.com\/avatar\/83a3141a18d8973a8303baa547640ddb111848f91e228328017af504e6e6f14c?s=96&d=mm&r=g\",\"contentUrl\":\"https:\/\/secure.gravatar.com\/avatar\/83a3141a18d8973a8303baa547640ddb111848f91e228328017af504e6e6f14c?s=96&d=mm&r=g\",\"caption\":\"Ana Paula\"},\"url\":\"https:\/\/wp.ufpel.edu.br\/observatoriosocial\/author\/anapaulasocio\/\"}]}<\/script>\n<!-- \/ Yoast SEO plugin. -->","yoast_head_json":{"title":"Em fevereiro, saldo do emprego formal celetista tamb\u00e9m \u00e9 positivo em Pelotas (+192 v\u00ednculos) &#8226; OBSERVAT\u00d3RIO SOCIAL DO TRABALHO","robots":{"index":"index","follow":"follow","max-snippet":"max-snippet:-1","max-image-preview":"max-image-preview:large","max-video-preview":"max-video-preview:-1"},"canonical":"https:\/\/wp.ufpel.edu.br\/observatoriosocial\/2024\/04\/29\/em-fevereiro-saldo-do-emprego-formal-celetista-tambem-e-positivo-em-pelotas-199-vinculos\/","og_locale":"pt_BR","og_type":"article","og_title":"Em fevereiro, saldo do emprego formal celetista tamb\u00e9m \u00e9 positivo em Pelotas (+192 v\u00ednculos) &#8226; OBSERVAT\u00d3RIO SOCIAL DO TRABALHO","og_description":"Segundo o Novo CAGED (Cadastro Geral de Empregados e Desempregados) da Secretaria Especial de Previd\u00eancia e Trabalho do Minist\u00e9rio da Economia, no m\u00eas de fevereiro de 2024 ocorreram, em Pelotas, 2.686 admiss\u00f5es e 2.494 desligamentos, resultando em um saldo de +192 v\u00ednculos formais de emprego celetista. Com isso, a taxa de varia\u00e7\u00e3o do emprego formal [&hellip;]","og_url":"https:\/\/wp.ufpel.edu.br\/observatoriosocial\/2024\/04\/29\/em-fevereiro-saldo-do-emprego-formal-celetista-tambem-e-positivo-em-pelotas-199-vinculos\/","og_site_name":"OBSERVAT\u00d3RIO SOCIAL DO TRABALHO","article_publisher":"https:\/\/www.facebook.com\/observatoriodaufpel\/","article_published_time":"2024-04-29T19:56:20+00:00","article_modified_time":"2024-06-17T18:29:37+00:00","author":"Ana Paula","twitter_card":"summary_large_image","twitter_creator":"@ufpeltrabalho","twitter_site":"@ufpeltrabalho","twitter_misc":{"Escrito por":"Ana Paula","Est. tempo de leitura":"2 minutos"},"schema":{"@context":"https:\/\/schema.org","@graph":[{"@type":"Article","@id":"https:\/\/wp.ufpel.edu.br\/observatoriosocial\/2024\/04\/29\/em-fevereiro-saldo-do-emprego-formal-celetista-tambem-e-positivo-em-pelotas-199-vinculos\/#article","isPartOf":{"@id":"https:\/\/wp.ufpel.edu.br\/observatoriosocial\/2024\/04\/29\/em-fevereiro-saldo-do-emprego-formal-celetista-tambem-e-positivo-em-pelotas-199-vinculos\/"},"author":{"name":"Ana Paula","@id":"https:\/\/wp.ufpel.edu.br\/observatoriosocial\/#\/schema\/person\/d3f7d26ecd77836cb7b09792901fa7fa"},"headline":"Em fevereiro, saldo do emprego formal celetista tamb\u00e9m \u00e9 positivo em Pelotas (+192 v\u00ednculos)","datePublished":"2024-04-29T19:56:20+00:00","dateModified":"2024-06-17T18:29:37+00:00","mainEntityOfPage":{"@id":"https:\/\/wp.ufpel.edu.br\/observatoriosocial\/2024\/04\/29\/em-fevereiro-saldo-do-emprego-formal-celetista-tambem-e-positivo-em-pelotas-199-vinculos\/"},"wordCount":391,"articleSection":["Not\u00edcias"],"inLanguage":"pt-BR"},{"@type":"WebPage","@id":"https:\/\/wp.ufpel.edu.br\/observatoriosocial\/2024\/04\/29\/em-fevereiro-saldo-do-emprego-formal-celetista-tambem-e-positivo-em-pelotas-199-vinculos\/","url":"https:\/\/wp.ufpel.edu.br\/observatoriosocial\/2024\/04\/29\/em-fevereiro-saldo-do-emprego-formal-celetista-tambem-e-positivo-em-pelotas-199-vinculos\/","name":"Em fevereiro, saldo do emprego formal celetista tamb\u00e9m \u00e9 positivo em Pelotas (+192 v\u00ednculos) &#8226; OBSERVAT\u00d3RIO SOCIAL DO TRABALHO","isPartOf":{"@id":"https:\/\/wp.ufpel.edu.br\/observatoriosocial\/#website"},"datePublished":"2024-04-29T19:56:20+00:00","dateModified":"2024-06-17T18:29:37+00:00","author":{"@id":"https:\/\/wp.ufpel.edu.br\/observatoriosocial\/#\/schema\/person\/d3f7d26ecd77836cb7b09792901fa7fa"},"breadcrumb":{"@id":"https:\/\/wp.ufpel.edu.br\/observatoriosocial\/2024\/04\/29\/em-fevereiro-saldo-do-emprego-formal-celetista-tambem-e-positivo-em-pelotas-199-vinculos\/#breadcrumb"},"inLanguage":"pt-BR","potentialAction":[{"@type":"ReadAction","target":["https:\/\/wp.ufpel.edu.br\/observatoriosocial\/2024\/04\/29\/em-fevereiro-saldo-do-emprego-formal-celetista-tambem-e-positivo-em-pelotas-199-vinculos\/"]}]},{"@type":"BreadcrumbList","@id":"https:\/\/wp.ufpel.edu.br\/observatoriosocial\/2024\/04\/29\/em-fevereiro-saldo-do-emprego-formal-celetista-tambem-e-positivo-em-pelotas-199-vinculos\/#breadcrumb","itemListElement":[{"@type":"ListItem","position":1,"name":"In\u00edcio","item":"https:\/\/wp.ufpel.edu.br\/observatoriosocial\/"},{"@type":"ListItem","position":2,"name":"Em fevereiro, saldo do emprego formal celetista tamb\u00e9m \u00e9 positivo em Pelotas (+192 v\u00ednculos)"}]},{"@type":"WebSite","@id":"https:\/\/wp.ufpel.edu.br\/observatoriosocial\/#website","url":"https:\/\/wp.ufpel.edu.br\/observatoriosocial\/","name":"OBSERVAT\u00d3RIO SOCIAL DO TRABALHO","description":"Instituto de Filosofia, Sociologia e Pol\u00edtica (IFISP) \/ Universidade Federal de Pelotas (UFPel)","potentialAction":[{"@type":"SearchAction","target":{"@type":"EntryPoint","urlTemplate":"https:\/\/wp.ufpel.edu.br\/observatoriosocial\/?s={search_term_string}"},"query-input":{"@type":"PropertyValueSpecification","valueRequired":true,"valueName":"search_term_string"}}],"inLanguage":"pt-BR"},{"@type":"Person","@id":"https:\/\/wp.ufpel.edu.br\/observatoriosocial\/#\/schema\/person\/d3f7d26ecd77836cb7b09792901fa7fa","name":"Ana Paula","image":{"@type":"ImageObject","inLanguage":"pt-BR","@id":"https:\/\/wp.ufpel.edu.br\/observatoriosocial\/#\/schema\/person\/image\/","url":"https:\/\/secure.gravatar.com\/avatar\/83a3141a18d8973a8303baa547640ddb111848f91e228328017af504e6e6f14c?s=96&d=mm&r=g","contentUrl":"https:\/\/secure.gravatar.com\/avatar\/83a3141a18d8973a8303baa547640ddb111848f91e228328017af504e6e6f14c?s=96&d=mm&r=g","caption":"Ana Paula"},"url":"https:\/\/wp.ufpel.edu.br\/observatoriosocial\/author\/anapaulasocio\/"}]}},"jetpack_featured_media_url":"","_links":{"self":[{"href":"https:\/\/wp.ufpel.edu.br\/observatoriosocial\/wp-json\/wp\/v2\/posts\/3482","targetHints":{"allow":["GET"]}}],"collection":[{"href":"https:\/\/wp.ufpel.edu.br\/observatoriosocial\/wp-json\/wp\/v2\/posts"}],"about":[{"href":"https:\/\/wp.ufpel.edu.br\/observatoriosocial\/wp-json\/wp\/v2\/types\/post"}],"author":[{"embeddable":true,"href":"https:\/\/wp.ufpel.edu.br\/observatoriosocial\/wp-json\/wp\/v2\/users\/1263"}],"replies":[{"embeddable":true,"href":"https:\/\/wp.ufpel.edu.br\/observatoriosocial\/wp-json\/wp\/v2\/comments?post=3482"}],"version-history":[{"count":9,"href":"https:\/\/wp.ufpel.edu.br\/observatoriosocial\/wp-json\/wp\/v2\/posts\/3482\/revisions"}],"predecessor-version":[{"id":3525,"href":"https:\/\/wp.ufpel.edu.br\/observatoriosocial\/wp-json\/wp\/v2\/posts\/3482\/revisions\/3525"}],"wp:attachment":[{"href":"https:\/\/wp.ufpel.edu.br\/observatoriosocial\/wp-json\/wp\/v2\/media?parent=3482"}],"wp:term":[{"taxonomy":"category","embeddable":true,"href":"https:\/\/wp.ufpel.edu.br\/observatoriosocial\/wp-json\/wp\/v2\/categories?post=3482"},{"taxonomy":"post_tag","embeddable":true,"href":"https:\/\/wp.ufpel.edu.br\/observatoriosocial\/wp-json\/wp\/v2\/tags?post=3482"}],"curies":[{"name":"wp","href":"https:\/\/api.w.org\/{rel}","templated":true}]}}