{"id":2750,"date":"2020-10-09T14:49:25","date_gmt":"2020-10-09T17:49:25","guid":{"rendered":"https:\/\/wp.ufpel.edu.br\/observatoriosocial\/?p=2750"},"modified":"2020-10-16T16:11:44","modified_gmt":"2020-10-16T19:11:44","slug":"em-pelotas-saldo-do-emprego-formal-e-positivo-em-agosto-250-vinculos","status":"publish","type":"post","link":"https:\/\/wp.ufpel.edu.br\/observatoriosocial\/2020\/10\/09\/em-pelotas-saldo-do-emprego-formal-e-positivo-em-agosto-250-vinculos\/","title":{"rendered":"Em Pelotas, saldo do emprego formal \u00e9 positivo em agosto: + 250 v\u00ednculos"},"content":{"rendered":"<p style=\"text-align: justify\">Segundo os dados do Novo Caged (Cadastro Geral de Empregados e Desempregados), publicados pela Secretaria Especial de Previd\u00eancia e Trabalho (SEPRT) do Minist\u00e9rio da Economia, a movimenta\u00e7\u00e3o do emprego formal em Pelotas apresentou saldo positivo no m\u00eas de agosto de 2020, com +250 v\u00ednculos. Esse saldo resultou da movimenta\u00e7\u00e3o provocada por 1.312 admiss\u00f5es e 1.062 desligamentos. Trata-se do segundo m\u00eas consecutivo com saldo positivo, depois de quatro meses seguidos de perdas de emprego (mar\u00e7o a junho), o que indica que as perdas decorrentes da pandemia da Covid-19 est\u00e3o sendo revertidas, ainda que em patamares muito baixos. A taxa de varia\u00e7\u00e3o do emprego no m\u00eas de agosto foi de +0,43%, o estoque passando de 58.185 v\u00ednculos de emprego celetista, em julho, para 58.435 v\u00ednculos, em agosto. No acumulado do ano, as perdas mostram-se ainda bem elevadas, observando-se um saldo de -2.750 v\u00ednculos, o que corresponde a uma taxa de varia\u00e7\u00e3o de -4,49% em rela\u00e7\u00e3o ao estoque de empregos de 1\u00ba de janeiro deste ano (61.185 v\u00ednculos).<\/p>\n<p>Para acessar o Boletim Informativo de agosto de 2020, clique no link abaixo:<\/p>\n<p><a href=\"https:\/\/wp.ufpel.edu.br\/observatoriosocial\/files\/2020\/10\/Boletim-Informativo-No-08-Agosto-de-2020-PELOTAS-RS.pptx\">Boletim Informativo N\u00ba 08 Agosto de 2020 PELOTAS-RS<\/a><\/p>\n<p>&nbsp;<\/p>\n<p><strong>\u00a0<\/strong><strong>A conjuntura setorial do emprego<\/strong><\/p>\n<p style=\"text-align: justify\">Analisando-se os dados do Novo CAGED por setor da atividade econ\u00f4mica, constata-se que todos os setores apresentaram saldos positivos. O com\u00e9rcio foi o setor que mais contribuiu para o desempenho positivo do emprego formal no munic\u00edpio de Pelotas em agosto, com saldo de +159 v\u00ednculos. A constru\u00e7\u00e3o civil (+61 v\u00ednculos) e a ind\u00fastria (+26 v\u00ednculos) tamb\u00e9m apresentaram saldos significativos. Os servi\u00e7os (+3 v\u00ednculos) e a agropecu\u00e1ria (+1 v\u00ednculos) apresentaram saldos muito baixos, o que caracteriza uma situa\u00e7\u00e3o de quase estabilidade.<\/p>\n<p style=\"text-align: justify\">No acumulado do ano, a perda de empregos no munic\u00edpio de Pelotas (-2.750 v\u00ednculos) \u00e9 puxada principalmente pelo com\u00e9rcio, cujo saldo \u00e9 de -1.302 v\u00ednculos. Os servi\u00e7os (-852 v\u00ednculos) e a ind\u00fastria (-657 v\u00ednculos) tamb\u00e9m apresentam saldos negativos expressivos no per\u00edodo. A agropecu\u00e1ria apresenta saldo de -31 v\u00ednculos. J\u00e1 a constru\u00e7\u00e3o civil \u00e9 o \u00fanico setor a apresentar desempenho positivo nesse per\u00edodo de janeiro a agosto, com saldo de +92 v\u00ednculos.<\/p>\n<p>&nbsp;<\/p>\n","protected":false},"excerpt":{"rendered":"<p>Segundo os dados do Novo Caged (Cadastro Geral de Empregados e Desempregados), publicados pela Secretaria Especial de Previd\u00eancia e Trabalho (SEPRT) do Minist\u00e9rio da Economia, a movimenta\u00e7\u00e3o do emprego formal em Pelotas apresentou saldo positivo no m\u00eas de agosto de 2020, com +250 v\u00ednculos. Esse saldo resultou da movimenta\u00e7\u00e3o provocada por 1.312 admiss\u00f5es e 1.062 [&hellip;]<\/p>\n","protected":false},"author":102,"featured_media":2608,"comment_status":"closed","ping_status":"closed","sticky":false,"template":"","format":"standard","meta":{"footnotes":""},"categories":[4],"tags":[36470,36474,36473,36481,36479],"class_list":["post-2750","post","type-post","status-publish","format-standard","has-post-thumbnail","hentry","category-noticias","tag-conjuntura-do-emprego","tag-emprego-formal","tag-indicadores-de-mercado-de-trabalho","tag-mercado-de-trabalho-e-ocupacao","tag-mercados-locais-de-trabalho"],"yoast_head":"<!-- This site is optimized with the Yoast SEO plugin v26.7 - https:\/\/yoast.com\/wordpress\/plugins\/seo\/ -->\n<title>Em Pelotas, saldo do emprego formal \u00e9 positivo em agosto: + 250 v\u00ednculos &#8226; OBSERVAT\u00d3RIO SOCIAL DO TRABALHO<\/title>\n<meta name=\"robots\" content=\"index, follow, max-snippet:-1, max-image-preview:large, max-video-preview:-1\" \/>\n<link rel=\"canonical\" href=\"https:\/\/wp.ufpel.edu.br\/observatoriosocial\/2020\/10\/09\/em-pelotas-saldo-do-emprego-formal-e-positivo-em-agosto-250-vinculos\/\" \/>\n<meta property=\"og:locale\" content=\"pt_BR\" \/>\n<meta property=\"og:type\" content=\"article\" \/>\n<meta property=\"og:title\" content=\"Em Pelotas, saldo do emprego formal \u00e9 positivo em agosto: + 250 v\u00ednculos &#8226; OBSERVAT\u00d3RIO SOCIAL DO TRABALHO\" \/>\n<meta property=\"og:description\" content=\"Segundo os dados do Novo Caged (Cadastro Geral de Empregados e Desempregados), publicados pela Secretaria Especial de Previd\u00eancia e Trabalho (SEPRT) do Minist\u00e9rio da Economia, a movimenta\u00e7\u00e3o do emprego formal em Pelotas apresentou saldo positivo no m\u00eas de agosto de 2020, com +250 v\u00ednculos. Esse saldo resultou da movimenta\u00e7\u00e3o provocada por 1.312 admiss\u00f5es e 1.062 [&hellip;]\" \/>\n<meta property=\"og:url\" content=\"https:\/\/wp.ufpel.edu.br\/observatoriosocial\/2020\/10\/09\/em-pelotas-saldo-do-emprego-formal-e-positivo-em-agosto-250-vinculos\/\" \/>\n<meta property=\"og:site_name\" content=\"OBSERVAT\u00d3RIO SOCIAL DO TRABALHO\" \/>\n<meta property=\"article:publisher\" content=\"https:\/\/www.facebook.com\/observatoriodaufpel\/\" \/>\n<meta property=\"article:published_time\" content=\"2020-10-09T17:49:25+00:00\" \/>\n<meta property=\"article:modified_time\" content=\"2020-10-16T19:11:44+00:00\" \/>\n<meta property=\"og:image\" content=\"https:\/\/i2.wp.com\/wp.ufpel.edu.br\/observatoriosocial\/files\/2019\/12\/Boletim-Informativo-N\u00ba-11-Novembro-de-2019-PELOTAS-RS-2.jpg?fit=1280%2C720&ssl=1\" \/>\n\t<meta property=\"og:image:width\" content=\"1280\" \/>\n\t<meta property=\"og:image:height\" content=\"720\" \/>\n\t<meta property=\"og:image:type\" content=\"image\/jpeg\" \/>\n<meta name=\"author\" content=\"Observat\u00f3rio Social do Trabalho\" \/>\n<meta name=\"twitter:card\" content=\"summary_large_image\" \/>\n<meta name=\"twitter:creator\" content=\"@ufpeltrabalho\" \/>\n<meta name=\"twitter:site\" content=\"@ufpeltrabalho\" \/>\n<meta name=\"twitter:label1\" content=\"Escrito por\" \/>\n\t<meta name=\"twitter:data1\" content=\"Observat\u00f3rio Social do Trabalho\" \/>\n\t<meta name=\"twitter:label2\" content=\"Est. tempo de leitura\" \/>\n\t<meta name=\"twitter:data2\" content=\"2 minutos\" \/>\n<script type=\"application\/ld+json\" class=\"yoast-schema-graph\">{\"@context\":\"https:\/\/schema.org\",\"@graph\":[{\"@type\":\"Article\",\"@id\":\"https:\/\/wp.ufpel.edu.br\/observatoriosocial\/2020\/10\/09\/em-pelotas-saldo-do-emprego-formal-e-positivo-em-agosto-250-vinculos\/#article\",\"isPartOf\":{\"@id\":\"https:\/\/wp.ufpel.edu.br\/observatoriosocial\/2020\/10\/09\/em-pelotas-saldo-do-emprego-formal-e-positivo-em-agosto-250-vinculos\/\"},\"author\":{\"name\":\"Observat\u00f3rio Social do Trabalho\",\"@id\":\"https:\/\/wp.ufpel.edu.br\/observatoriosocial\/#\/schema\/person\/9425088627ff1b0cc43a06d70b5b5c26\"},\"headline\":\"Em Pelotas, saldo do emprego formal \u00e9 positivo em agosto: + 250 v\u00ednculos\",\"datePublished\":\"2020-10-09T17:49:25+00:00\",\"dateModified\":\"2020-10-16T19:11:44+00:00\",\"mainEntityOfPage\":{\"@id\":\"https:\/\/wp.ufpel.edu.br\/observatoriosocial\/2020\/10\/09\/em-pelotas-saldo-do-emprego-formal-e-positivo-em-agosto-250-vinculos\/\"},\"wordCount\":381,\"image\":{\"@id\":\"https:\/\/wp.ufpel.edu.br\/observatoriosocial\/2020\/10\/09\/em-pelotas-saldo-do-emprego-formal-e-positivo-em-agosto-250-vinculos\/#primaryimage\"},\"thumbnailUrl\":\"https:\/\/wp.ufpel.edu.br\/observatoriosocial\/files\/2019\/12\/Boletim-Informativo-N\u00ba-11-Novembro-de-2019-PELOTAS-RS-2.jpg\",\"keywords\":[\"conjuntura do emprego\",\"Emprego formal\",\"indicadores de mercado de trabalho\",\"Mercado de trabalho e ocupa\u00e7\u00e3o\",\"mercados locais de trabalho\"],\"articleSection\":[\"Not\u00edcias\"],\"inLanguage\":\"pt-BR\"},{\"@type\":\"WebPage\",\"@id\":\"https:\/\/wp.ufpel.edu.br\/observatoriosocial\/2020\/10\/09\/em-pelotas-saldo-do-emprego-formal-e-positivo-em-agosto-250-vinculos\/\",\"url\":\"https:\/\/wp.ufpel.edu.br\/observatoriosocial\/2020\/10\/09\/em-pelotas-saldo-do-emprego-formal-e-positivo-em-agosto-250-vinculos\/\",\"name\":\"Em Pelotas, saldo do emprego formal \u00e9 positivo em agosto: + 250 v\u00ednculos &#8226; OBSERVAT\u00d3RIO SOCIAL DO TRABALHO\",\"isPartOf\":{\"@id\":\"https:\/\/wp.ufpel.edu.br\/observatoriosocial\/#website\"},\"primaryImageOfPage\":{\"@id\":\"https:\/\/wp.ufpel.edu.br\/observatoriosocial\/2020\/10\/09\/em-pelotas-saldo-do-emprego-formal-e-positivo-em-agosto-250-vinculos\/#primaryimage\"},\"image\":{\"@id\":\"https:\/\/wp.ufpel.edu.br\/observatoriosocial\/2020\/10\/09\/em-pelotas-saldo-do-emprego-formal-e-positivo-em-agosto-250-vinculos\/#primaryimage\"},\"thumbnailUrl\":\"https:\/\/wp.ufpel.edu.br\/observatoriosocial\/files\/2019\/12\/Boletim-Informativo-N\u00ba-11-Novembro-de-2019-PELOTAS-RS-2.jpg\",\"datePublished\":\"2020-10-09T17:49:25+00:00\",\"dateModified\":\"2020-10-16T19:11:44+00:00\",\"author\":{\"@id\":\"https:\/\/wp.ufpel.edu.br\/observatoriosocial\/#\/schema\/person\/9425088627ff1b0cc43a06d70b5b5c26\"},\"breadcrumb\":{\"@id\":\"https:\/\/wp.ufpel.edu.br\/observatoriosocial\/2020\/10\/09\/em-pelotas-saldo-do-emprego-formal-e-positivo-em-agosto-250-vinculos\/#breadcrumb\"},\"inLanguage\":\"pt-BR\",\"potentialAction\":[{\"@type\":\"ReadAction\",\"target\":[\"https:\/\/wp.ufpel.edu.br\/observatoriosocial\/2020\/10\/09\/em-pelotas-saldo-do-emprego-formal-e-positivo-em-agosto-250-vinculos\/\"]}]},{\"@type\":\"ImageObject\",\"inLanguage\":\"pt-BR\",\"@id\":\"https:\/\/wp.ufpel.edu.br\/observatoriosocial\/2020\/10\/09\/em-pelotas-saldo-do-emprego-formal-e-positivo-em-agosto-250-vinculos\/#primaryimage\",\"url\":\"https:\/\/wp.ufpel.edu.br\/observatoriosocial\/files\/2019\/12\/Boletim-Informativo-N\u00ba-11-Novembro-de-2019-PELOTAS-RS-2.jpg\",\"contentUrl\":\"https:\/\/wp.ufpel.edu.br\/observatoriosocial\/files\/2019\/12\/Boletim-Informativo-N\u00ba-11-Novembro-de-2019-PELOTAS-RS-2.jpg\",\"width\":1280,\"height\":720},{\"@type\":\"BreadcrumbList\",\"@id\":\"https:\/\/wp.ufpel.edu.br\/observatoriosocial\/2020\/10\/09\/em-pelotas-saldo-do-emprego-formal-e-positivo-em-agosto-250-vinculos\/#breadcrumb\",\"itemListElement\":[{\"@type\":\"ListItem\",\"position\":1,\"name\":\"In\u00edcio\",\"item\":\"https:\/\/wp.ufpel.edu.br\/observatoriosocial\/\"},{\"@type\":\"ListItem\",\"position\":2,\"name\":\"Em Pelotas, saldo do emprego formal \u00e9 positivo em agosto: + 250 v\u00ednculos\"}]},{\"@type\":\"WebSite\",\"@id\":\"https:\/\/wp.ufpel.edu.br\/observatoriosocial\/#website\",\"url\":\"https:\/\/wp.ufpel.edu.br\/observatoriosocial\/\",\"name\":\"OBSERVAT\u00d3RIO SOCIAL DO TRABALHO\",\"description\":\"Instituto de Filosofia, Sociologia e Pol\u00edtica (IFISP) \/ Universidade Federal de Pelotas (UFPel)\",\"potentialAction\":[{\"@type\":\"SearchAction\",\"target\":{\"@type\":\"EntryPoint\",\"urlTemplate\":\"https:\/\/wp.ufpel.edu.br\/observatoriosocial\/?s={search_term_string}\"},\"query-input\":{\"@type\":\"PropertyValueSpecification\",\"valueRequired\":true,\"valueName\":\"search_term_string\"}}],\"inLanguage\":\"pt-BR\"},{\"@type\":\"Person\",\"@id\":\"https:\/\/wp.ufpel.edu.br\/observatoriosocial\/#\/schema\/person\/9425088627ff1b0cc43a06d70b5b5c26\",\"name\":\"Observat\u00f3rio Social do Trabalho\",\"image\":{\"@type\":\"ImageObject\",\"inLanguage\":\"pt-BR\",\"@id\":\"https:\/\/wp.ufpel.edu.br\/observatoriosocial\/#\/schema\/person\/image\/\",\"url\":\"https:\/\/secure.gravatar.com\/avatar\/d43e98fadb1b76f269caefc4932bb6eeeaded52590245fa81afad058769bb288?s=96&d=mm&r=g\",\"contentUrl\":\"https:\/\/secure.gravatar.com\/avatar\/d43e98fadb1b76f269caefc4932bb6eeeaded52590245fa81afad058769bb288?s=96&d=mm&r=g\",\"caption\":\"Observat\u00f3rio Social do Trabalho\"},\"url\":\"https:\/\/wp.ufpel.edu.br\/observatoriosocial\/author\/observatoriosocial\/\"}]}<\/script>\n<!-- \/ Yoast SEO plugin. -->","yoast_head_json":{"title":"Em Pelotas, saldo do emprego formal \u00e9 positivo em agosto: + 250 v\u00ednculos &#8226; OBSERVAT\u00d3RIO SOCIAL DO TRABALHO","robots":{"index":"index","follow":"follow","max-snippet":"max-snippet:-1","max-image-preview":"max-image-preview:large","max-video-preview":"max-video-preview:-1"},"canonical":"https:\/\/wp.ufpel.edu.br\/observatoriosocial\/2020\/10\/09\/em-pelotas-saldo-do-emprego-formal-e-positivo-em-agosto-250-vinculos\/","og_locale":"pt_BR","og_type":"article","og_title":"Em Pelotas, saldo do emprego formal \u00e9 positivo em agosto: + 250 v\u00ednculos &#8226; OBSERVAT\u00d3RIO SOCIAL DO TRABALHO","og_description":"Segundo os dados do Novo Caged (Cadastro Geral de Empregados e Desempregados), publicados pela Secretaria Especial de Previd\u00eancia e Trabalho (SEPRT) do Minist\u00e9rio da Economia, a movimenta\u00e7\u00e3o do emprego formal em Pelotas apresentou saldo positivo no m\u00eas de agosto de 2020, com +250 v\u00ednculos. Esse saldo resultou da movimenta\u00e7\u00e3o provocada por 1.312 admiss\u00f5es e 1.062 [&hellip;]","og_url":"https:\/\/wp.ufpel.edu.br\/observatoriosocial\/2020\/10\/09\/em-pelotas-saldo-do-emprego-formal-e-positivo-em-agosto-250-vinculos\/","og_site_name":"OBSERVAT\u00d3RIO SOCIAL DO TRABALHO","article_publisher":"https:\/\/www.facebook.com\/observatoriodaufpel\/","article_published_time":"2020-10-09T17:49:25+00:00","article_modified_time":"2020-10-16T19:11:44+00:00","og_image":[{"width":1280,"height":720,"url":"https:\/\/i2.wp.com\/wp.ufpel.edu.br\/observatoriosocial\/files\/2019\/12\/Boletim-Informativo-N\u00ba-11-Novembro-de-2019-PELOTAS-RS-2.jpg?fit=1280%2C720&ssl=1","type":"image\/jpeg"}],"author":"Observat\u00f3rio Social do Trabalho","twitter_card":"summary_large_image","twitter_creator":"@ufpeltrabalho","twitter_site":"@ufpeltrabalho","twitter_misc":{"Escrito por":"Observat\u00f3rio Social do Trabalho","Est. tempo de leitura":"2 minutos"},"schema":{"@context":"https:\/\/schema.org","@graph":[{"@type":"Article","@id":"https:\/\/wp.ufpel.edu.br\/observatoriosocial\/2020\/10\/09\/em-pelotas-saldo-do-emprego-formal-e-positivo-em-agosto-250-vinculos\/#article","isPartOf":{"@id":"https:\/\/wp.ufpel.edu.br\/observatoriosocial\/2020\/10\/09\/em-pelotas-saldo-do-emprego-formal-e-positivo-em-agosto-250-vinculos\/"},"author":{"name":"Observat\u00f3rio Social do Trabalho","@id":"https:\/\/wp.ufpel.edu.br\/observatoriosocial\/#\/schema\/person\/9425088627ff1b0cc43a06d70b5b5c26"},"headline":"Em Pelotas, saldo do emprego formal \u00e9 positivo em agosto: + 250 v\u00ednculos","datePublished":"2020-10-09T17:49:25+00:00","dateModified":"2020-10-16T19:11:44+00:00","mainEntityOfPage":{"@id":"https:\/\/wp.ufpel.edu.br\/observatoriosocial\/2020\/10\/09\/em-pelotas-saldo-do-emprego-formal-e-positivo-em-agosto-250-vinculos\/"},"wordCount":381,"image":{"@id":"https:\/\/wp.ufpel.edu.br\/observatoriosocial\/2020\/10\/09\/em-pelotas-saldo-do-emprego-formal-e-positivo-em-agosto-250-vinculos\/#primaryimage"},"thumbnailUrl":"https:\/\/wp.ufpel.edu.br\/observatoriosocial\/files\/2019\/12\/Boletim-Informativo-N\u00ba-11-Novembro-de-2019-PELOTAS-RS-2.jpg","keywords":["conjuntura do emprego","Emprego formal","indicadores de mercado de trabalho","Mercado de trabalho e ocupa\u00e7\u00e3o","mercados locais de trabalho"],"articleSection":["Not\u00edcias"],"inLanguage":"pt-BR"},{"@type":"WebPage","@id":"https:\/\/wp.ufpel.edu.br\/observatoriosocial\/2020\/10\/09\/em-pelotas-saldo-do-emprego-formal-e-positivo-em-agosto-250-vinculos\/","url":"https:\/\/wp.ufpel.edu.br\/observatoriosocial\/2020\/10\/09\/em-pelotas-saldo-do-emprego-formal-e-positivo-em-agosto-250-vinculos\/","name":"Em Pelotas, saldo do emprego formal \u00e9 positivo em agosto: + 250 v\u00ednculos &#8226; OBSERVAT\u00d3RIO SOCIAL DO TRABALHO","isPartOf":{"@id":"https:\/\/wp.ufpel.edu.br\/observatoriosocial\/#website"},"primaryImageOfPage":{"@id":"https:\/\/wp.ufpel.edu.br\/observatoriosocial\/2020\/10\/09\/em-pelotas-saldo-do-emprego-formal-e-positivo-em-agosto-250-vinculos\/#primaryimage"},"image":{"@id":"https:\/\/wp.ufpel.edu.br\/observatoriosocial\/2020\/10\/09\/em-pelotas-saldo-do-emprego-formal-e-positivo-em-agosto-250-vinculos\/#primaryimage"},"thumbnailUrl":"https:\/\/wp.ufpel.edu.br\/observatoriosocial\/files\/2019\/12\/Boletim-Informativo-N\u00ba-11-Novembro-de-2019-PELOTAS-RS-2.jpg","datePublished":"2020-10-09T17:49:25+00:00","dateModified":"2020-10-16T19:11:44+00:00","author":{"@id":"https:\/\/wp.ufpel.edu.br\/observatoriosocial\/#\/schema\/person\/9425088627ff1b0cc43a06d70b5b5c26"},"breadcrumb":{"@id":"https:\/\/wp.ufpel.edu.br\/observatoriosocial\/2020\/10\/09\/em-pelotas-saldo-do-emprego-formal-e-positivo-em-agosto-250-vinculos\/#breadcrumb"},"inLanguage":"pt-BR","potentialAction":[{"@type":"ReadAction","target":["https:\/\/wp.ufpel.edu.br\/observatoriosocial\/2020\/10\/09\/em-pelotas-saldo-do-emprego-formal-e-positivo-em-agosto-250-vinculos\/"]}]},{"@type":"ImageObject","inLanguage":"pt-BR","@id":"https:\/\/wp.ufpel.edu.br\/observatoriosocial\/2020\/10\/09\/em-pelotas-saldo-do-emprego-formal-e-positivo-em-agosto-250-vinculos\/#primaryimage","url":"https:\/\/wp.ufpel.edu.br\/observatoriosocial\/files\/2019\/12\/Boletim-Informativo-N\u00ba-11-Novembro-de-2019-PELOTAS-RS-2.jpg","contentUrl":"https:\/\/wp.ufpel.edu.br\/observatoriosocial\/files\/2019\/12\/Boletim-Informativo-N\u00ba-11-Novembro-de-2019-PELOTAS-RS-2.jpg","width":1280,"height":720},{"@type":"BreadcrumbList","@id":"https:\/\/wp.ufpel.edu.br\/observatoriosocial\/2020\/10\/09\/em-pelotas-saldo-do-emprego-formal-e-positivo-em-agosto-250-vinculos\/#breadcrumb","itemListElement":[{"@type":"ListItem","position":1,"name":"In\u00edcio","item":"https:\/\/wp.ufpel.edu.br\/observatoriosocial\/"},{"@type":"ListItem","position":2,"name":"Em Pelotas, saldo do emprego formal \u00e9 positivo em agosto: + 250 v\u00ednculos"}]},{"@type":"WebSite","@id":"https:\/\/wp.ufpel.edu.br\/observatoriosocial\/#website","url":"https:\/\/wp.ufpel.edu.br\/observatoriosocial\/","name":"OBSERVAT\u00d3RIO SOCIAL DO TRABALHO","description":"Instituto de Filosofia, Sociologia e Pol\u00edtica (IFISP) \/ Universidade Federal de Pelotas (UFPel)","potentialAction":[{"@type":"SearchAction","target":{"@type":"EntryPoint","urlTemplate":"https:\/\/wp.ufpel.edu.br\/observatoriosocial\/?s={search_term_string}"},"query-input":{"@type":"PropertyValueSpecification","valueRequired":true,"valueName":"search_term_string"}}],"inLanguage":"pt-BR"},{"@type":"Person","@id":"https:\/\/wp.ufpel.edu.br\/observatoriosocial\/#\/schema\/person\/9425088627ff1b0cc43a06d70b5b5c26","name":"Observat\u00f3rio Social do Trabalho","image":{"@type":"ImageObject","inLanguage":"pt-BR","@id":"https:\/\/wp.ufpel.edu.br\/observatoriosocial\/#\/schema\/person\/image\/","url":"https:\/\/secure.gravatar.com\/avatar\/d43e98fadb1b76f269caefc4932bb6eeeaded52590245fa81afad058769bb288?s=96&d=mm&r=g","contentUrl":"https:\/\/secure.gravatar.com\/avatar\/d43e98fadb1b76f269caefc4932bb6eeeaded52590245fa81afad058769bb288?s=96&d=mm&r=g","caption":"Observat\u00f3rio Social do Trabalho"},"url":"https:\/\/wp.ufpel.edu.br\/observatoriosocial\/author\/observatoriosocial\/"}]}},"jetpack_featured_media_url":"https:\/\/wp.ufpel.edu.br\/observatoriosocial\/files\/2019\/12\/Boletim-Informativo-N\u00ba-11-Novembro-de-2019-PELOTAS-RS-2.jpg","_links":{"self":[{"href":"https:\/\/wp.ufpel.edu.br\/observatoriosocial\/wp-json\/wp\/v2\/posts\/2750","targetHints":{"allow":["GET"]}}],"collection":[{"href":"https:\/\/wp.ufpel.edu.br\/observatoriosocial\/wp-json\/wp\/v2\/posts"}],"about":[{"href":"https:\/\/wp.ufpel.edu.br\/observatoriosocial\/wp-json\/wp\/v2\/types\/post"}],"author":[{"embeddable":true,"href":"https:\/\/wp.ufpel.edu.br\/observatoriosocial\/wp-json\/wp\/v2\/users\/102"}],"replies":[{"embeddable":true,"href":"https:\/\/wp.ufpel.edu.br\/observatoriosocial\/wp-json\/wp\/v2\/comments?post=2750"}],"version-history":[{"count":3,"href":"https:\/\/wp.ufpel.edu.br\/observatoriosocial\/wp-json\/wp\/v2\/posts\/2750\/revisions"}],"predecessor-version":[{"id":2763,"href":"https:\/\/wp.ufpel.edu.br\/observatoriosocial\/wp-json\/wp\/v2\/posts\/2750\/revisions\/2763"}],"wp:featuredmedia":[{"embeddable":true,"href":"https:\/\/wp.ufpel.edu.br\/observatoriosocial\/wp-json\/wp\/v2\/media\/2608"}],"wp:attachment":[{"href":"https:\/\/wp.ufpel.edu.br\/observatoriosocial\/wp-json\/wp\/v2\/media?parent=2750"}],"wp:term":[{"taxonomy":"category","embeddable":true,"href":"https:\/\/wp.ufpel.edu.br\/observatoriosocial\/wp-json\/wp\/v2\/categories?post=2750"},{"taxonomy":"post_tag","embeddable":true,"href":"https:\/\/wp.ufpel.edu.br\/observatoriosocial\/wp-json\/wp\/v2\/tags?post=2750"}],"curies":[{"name":"wp","href":"https:\/\/api.w.org\/{rel}","templated":true}]}}